{"id":23157,"date":"2013-12-25T21:17:01","date_gmt":"2013-12-25T20:17:01","guid":{"rendered":"http:\/\/12decode.de\/zonenklaus\/wordpress\/?p=23157"},"modified":"2013-12-26T01:10:24","modified_gmt":"2013-12-26T00:10:24","slug":"vorfall-im-kolner-dom","status":"publish","type":"post","link":"https:\/\/zonenklaus.de\/wordpress\/?p=23157","title":{"rendered":"Vorfall im K\u00f6lner Dom:"},"content":{"rendered":"<p><em><a href=\"http:\/\/www.gmx.net\/themen\/nachrichten\/panorama\/74azrie-vorfall-koelner-dom-spring-nackt-meisner-altar#.hero.258.327\">Frau springt vor dem Altar nackt auf Meisner <\/a><\/em>(?!)<br \/>\nWie sich die Zeiten ge\u00e4ndert haben.<br \/>\nWir hatten vor vielen Jahren einem Kumpel auch mal ein \u00e4hnliches Pr\u00e4sent zukommen lassen. Allerdings war es zu seinem 40sten Geburtstag, damals nannten sich jene weiblichen Nackedeis allerdings noch \u201eStripperinnen\u201c und nicht \u201eFemen\u201c.<br \/>\nWer von der Gemeinde ist \u00fcberhaupt auf die Idee gekommen, ausgerechnet einem 80-J\u00e4hrigen katholischen Kirchenfunktion\u00e4r solch Geschenk zu offerieren?<br \/>\nMir fiel pl\u00f6tzlich etwas ein!<br \/>\nSollte es m\u00f6glich sein, dass es sich doch nicht um eine Geschenk handelte, denn mehrere Sachen kamen mir in dem Zusammenhang, doch reichlich spanisch vor.<br \/>\nSehr vermessen fand ich die Message auf dem h\u00fcbschen K\u00f6rper, des etwas zu gro\u00df geratenen Jesuskindes. Dass Kardinal Meisner gerade mal 24 Stunden sp\u00e4ter eine Kehrtwende vollzog und sich entschloss, beim Krippenspiel auf eine Quotenfrau zur\u00fcckzugreifen, dies glaubt noch nicht mal jemand, der seine Hose mit der Kneifzange anzieht.<br \/>\nBekanntlich verk\u00fcndete er gestern, als kruppstahlharter Traditionalist: \u201eDie Kirche hat sich dem Worte Gottes anzupassen und nicht der Meinung der Menschen!&#8221;<strong> (<\/strong><em>Sonst w\u00fcrde der Verein doch in unmittelbare N\u00e4he von SPD oder FDP r\u00fccken&#8230;<\/em><strong>)<\/strong><br \/>\nSelbigen Spruch erhielt er bestimmt aus Kreisen der NS\u00c4 und die haben ihn garantiert bei der Konkurrenz in Mekka aufgeschnappt&#8230;<br \/>\nIst mir eigentlich schnurz.<br \/>\nOb die Sicherheitskr\u00e4fte des Erzbistums bereits Verbindung zu \u0412\u043b\u0430\u0434\u0438\u043c\u0438\u0440 \u0412\u043b\u0430\u0434\u0438\u043c\u0438\u0440\u043e\u0432\u0438\u0447 \u041f\u0443\u0442\u0438\u043d aufnahmen, wegen eventuell anstehender internationaler Rechtshilfe? Schlie\u00dflich sind die Appartements der beiden <a href=\"http:\/\/www.youtube.com\/watch?v=P3pmwrtlDaY\">Pussy<\/a>&#8211;<a href=\"http:\/\/www.youtube.com\/watch?v=NAwEyh-p2AM\">Riot<\/a>-Musikerinnen, Maria Aljochina und Nadeschda Tolokonnikowa, bisher immer noch verweist&#8230;<\/p>\n","protected":false},"excerpt":{"rendered":"<p>Frau springt vor dem Altar nackt auf Meisner (?!) Wie sich die Zeiten ge\u00e4ndert haben. Wir hatten vor vielen Jahren einem Kumpel auch mal ein \u00e4hnliches Pr\u00e4sent zukommen lassen. Allerdings war es zu seinem 40sten Geburtstag, damals nannten sich jene weiblichen Nackedeis allerdings noch \u201eStripperinnen\u201c und nicht \u201eFemen\u201c. Wer von der Gemeinde ist \u00fcberhaupt auf [&hellip;]<\/p>\n","protected":false},"author":6,"featured_media":0,"comment_status":"open","ping_status":"open","sticky":false,"template":"","format":"standard","meta":{"footnotes":""},"categories":[1],"tags":[],"class_list":["post-23157","post","type-post","status-publish","format-standard","hentry","category-allgemeines"],"_links":{"self":[{"href":"https:\/\/zonenklaus.de\/wordpress\/index.php?rest_route=\/wp\/v2\/posts\/23157","targetHints":{"allow":["GET"]}}],"collection":[{"href":"https:\/\/zonenklaus.de\/wordpress\/index.php?rest_route=\/wp\/v2\/posts"}],"about":[{"href":"https:\/\/zonenklaus.de\/wordpress\/index.php?rest_route=\/wp\/v2\/types\/post"}],"author":[{"embeddable":true,"href":"https:\/\/zonenklaus.de\/wordpress\/index.php?rest_route=\/wp\/v2\/users\/6"}],"replies":[{"embeddable":true,"href":"https:\/\/zonenklaus.de\/wordpress\/index.php?rest_route=%2Fwp%2Fv2%2Fcomments&post=23157"}],"version-history":[{"count":4,"href":"https:\/\/zonenklaus.de\/wordpress\/index.php?rest_route=\/wp\/v2\/posts\/23157\/revisions"}],"predecessor-version":[{"id":23161,"href":"https:\/\/zonenklaus.de\/wordpress\/index.php?rest_route=\/wp\/v2\/posts\/23157\/revisions\/23161"}],"wp:attachment":[{"href":"https:\/\/zonenklaus.de\/wordpress\/index.php?rest_route=%2Fwp%2Fv2%2Fmedia&parent=23157"}],"wp:term":[{"taxonomy":"category","embeddable":true,"href":"https:\/\/zonenklaus.de\/wordpress\/index.php?rest_route=%2Fwp%2Fv2%2Fcategories&post=23157"},{"taxonomy":"post_tag","embeddable":true,"href":"https:\/\/zonenklaus.de\/wordpress\/index.php?rest_route=%2Fwp%2Fv2%2Ftags&post=23157"}],"curies":[{"name":"wp","href":"https:\/\/api.w.org\/{rel}","templated":true}]}}