{"id":23442,"date":"2014-02-04T23:39:22","date_gmt":"2014-02-04T22:39:22","guid":{"rendered":"http:\/\/12decode.de\/zonenklaus\/wordpress\/?p=23442"},"modified":"2025-10-23T15:56:58","modified_gmt":"2025-10-23T14:56:58","slug":"vom-hauptmarktflecken-des-zankischen-bergvolkes-nordlich-der-alpen-ins-sudliche-sachsen-anhalt","status":"publish","type":"post","link":"https:\/\/zonenklaus.de\/wordpress\/?p=23442","title":{"rendered":"Vom Hauptmarktflecken des z\u00e4nkischen Bergvolkes n\u00f6rdlich der Alpen ins s\u00fcdliche Sachsen Anhalt"},"content":{"rendered":"<p>War einige Tage in der heimlichen \u201eHauptstadt\u201c, sp\u00e4ter h\u00e4ngte ich noch zwei Tage in der kaltem Heimat dran, wollte mich sonntags allerdings nach Halle verkr\u00fcmeln. Tags\u00fcber war bereits undurchsichtige Suppe mit vielleicht 80 Meter Sichtweite, gegen 18 Uhr waren es dann nur noch rund 50 Meter. Wer die Ecke kennt, der wei\u00df, dass es sich in den<a href=\"http:\/\/www.jstor.org\/discover\/10.2307\/40497602?uid=3737864&amp;uid=2129&amp;uid=2&amp;uid=70&amp;uid=4&amp;sid=21103457474463\"> Grundd\u00f6rfern<\/a> bei Eisleben noch verdichten kann. Also retour und politisches Asyl bei Puffi beantragt und \u00fcblicherweise erhalten. Sp\u00e4t in der Nacht endete unser hochprozentiger Exkurs innerhalb k\u00fcrzester Zeit, als wir bei einer abschlie\u00dfenden Session nicht mehr in der Lage waren, korrekte Akkorde auf der Klampfe zugreifen&#8230;<br \/>\nSeit vielen Jahren sammelt der Scheff f\u00fcr mich Zeitungsausschnitte und zwei-dreimal erhalte ich dann ein Ostpaket. Nun hatte ich im letzten Monat gerade eine \u201e<a href=\"http:\/\/www.sueddeutsche.de\/kultur\/ddr-westpakete-zu-weihnachten-ein-paket-ein-paket-1.368334\">Geschenksendung \u2013 Keine Handelsware<\/a>\u201c erhalten, drin befand sich auch ein angek\u00fcndigtes Werk.<\/p>\n<p><a href=\"http:\/\/12decode.de\/zonenklaus\/wordpress\/wp-content\/uploads\/2014\/02\/SGH-\u00e4.jpg\"><img loading=\"lazy\" decoding=\"async\" class=\"alignleft size-thumbnail wp-image-23459\" src=\"http:\/\/12decode.de\/zonenklaus\/wordpress\/wp-content\/uploads\/2014\/02\/SGH-\u00e4-106x150.jpg\" alt=\"\" width=\"106\" height=\"150\" srcset=\"https:\/\/zonenklaus.de\/wordpress\/wp-content\/uploads\/2014\/02\/SGH-\u00e4-106x150.jpg 106w, https:\/\/zonenklaus.de\/wordpress\/wp-content\/uploads\/2014\/02\/SGH-\u00e4-212x300.jpg 212w, https:\/\/zonenklaus.de\/wordpress\/wp-content\/uploads\/2014\/02\/SGH-\u00e4-724x1024.jpg 724w, https:\/\/zonenklaus.de\/wordpress\/wp-content\/uploads\/2014\/02\/SGH-\u00e4.jpg 994w\" sizes=\"auto, (max-width: 106px) 100vw, 106px\" \/><\/a>Schade, dass jene Publikation so in die Hose ging. Fand darin vollkommen kritiklos viele dummrote Stalinisten verewigt, wogegen die Dame so manchen Zeitgenossen, auch j\u00fcngeren Datums, zumindest mit einer Fu\u00dfnote h\u00e4tte erw\u00e4hnen sollen, z. B. : <a href=\"http:\/\/de.wikipedia.org\/wiki\/Johann_Gottfried_Schnabel\">Johann Gottfried Schnabel<\/a>, <a href=\"http:\/\/de.wikipedia.org\/wiki\/Julius_von_Bose\">Julius Graf von Bose<\/a>, <a href=\"http:\/\/de.wikipedia.org\/wiki\/Max_Hoelz\">Max Hoelz<\/a>, <a href=\"http:\/\/www.mz-web.de\/sangerhausen\/ehemaligentreffen-erinnerung-verstummt-nicht,20641084,21232916.html\">Alexander Herrmann<\/a> <strong>(<\/strong><em>Meine Gro\u00dfeltern besa\u00dfen so ein Instrument, ihre Tochter klimperte darauf auch ganz leidlich. Ich durfte nie Unterricht nehmen, da die Genossin meinte, dabei handle es sich um ein kleinb\u00fcrgerliches Relikt, denn mir wollte sie schlie\u00dflich die Karriere als Pilot der NVA ebnen&#8230;<\/em><strong>)<\/strong>, <a href=\"http:\/\/www.erinnern-und-gedenken.de\/christen.html\">Alban Hess<\/a>, <a href=\"http:\/\/www.faz.net\/aktuell\/feuilleton\/kunst\/das-deutsche-fotomuseum-das-kabinett-ist-erwachsen-geworden-12549017.html\">Peter &#8220;Mischa&#8221; Langner<\/a> <strong>(<\/strong><a title=\"Hierzu etwas von U. Trolle.\" href=\"https:\/\/www.freitag.de\/autoren\/utrolle\/am-rohrgraben-80\"><em>Hierzu etwas von U. Trolle.<\/em><\/a><strong>)<\/strong> u.a.<br \/>\nGelungen fand ich jene Seite, bei der Madame Stadel ausf\u00fchrlich auf Amalie (Irmgard R\u00f6thling) einging. Im gleichen Atemzug h\u00e4tte es ihrem Lehrerkollegen, Pento Paulsen, auch gut angestanden, ein paar Worte \u00fcber ihn zu verlieren. Jene etwas eigenwillig Pers\u00f6nlichkeit, aber guter Pauker, wurde n\u00e4mlich von einer uns\u00e4glichen Trinit\u00e4t, bestehend aus Fr\u00e4ulein S., Frau L. und der <em>Mutter meiner Schwester<\/em> vom Gymnasium vertrieben, wegen seiner christlichen Einstellung. Erinnere mich da an eine Diskussion, deren Wortlaut ich als Kind aufschnappte, als ihr Vater, sie und ihren stalinistischen Genossinnen einer tiefen Dummheit bezichtigte, die den Grund der Relegation betraf.<br \/>\nAls Begr\u00fcndung kam von ihr u.a., dass es nicht vereinbar sei, wenn sich an einer sozialistischen Oberschule ausgerechnet der Physiklehrer zum Christentum bekannte, obwohl dies niemals im schulischen Bereich einfloss&#8230;<br \/>\nNach dem Mauerfall wurden mir von mehreren Seiten recht merkw\u00fcrdige Spekulationen zum Tod von Pento herangetragen, weshalb hat man da eigentlich niemals nachgehakt?<\/p>\n<p>Schleef kam bei ihr sehr kurz weg.<br \/>\nMit meinem Ged\u00e4chtnis steht es manchmal nicht mehr zum Besten, auf der anderen Seite l\u00e4sst sich C. S. \u00fcber einen Zossen oder eine Teppichratte aus&#8230;<br \/>\nScheinbar war Einar ihr unbekannt oder das Interesse nicht so ausgepr\u00e4gt. Vielleicht will sie ja die Klitterung zu seiner Person anderen \u00fcberlassen, den Leuten, die aus irgendwelchen unerfindlichen Gr\u00fcnden, ausgerechnete dem dortigen Oberdorfschulzen, zum 70sten Geburtstag des Theatermannes die Laudatio halten lie\u00dfen \u2013 scheinbar wegen der politischen Quoten. Jedenfalls gab es irgendein Happening, kann mir schon vorstellen wie dies \u00fcber die B\u00fchne ging. Viele Leute darunter, die jemanden kennen, der irgendwann mal Einar gesehen hatte. Wenn ich daran denke, was in dem Schleef-Verein f\u00fcr Schnarchnasen sind. Vor mehreren Jahren monierte ich ein Vijo in der etwas gr\u00f6\u00dferen <a href=\"http:\/\/www.google.de\/imgres?sa=X&amp;biw=1280&amp;bih=597&amp;tbm=isch&amp;tbnid=MN3Z_Y7QbrMIQM%3A&amp;imgrefurl=http%3A%2F%2Fwww.einar-schleef-arbeitskreis.de%2F%3Fpage_id%3D454&amp;docid=kUPzxaJewjcD7M&amp;imgurl=http%3A%2F%2Fwww.einar-schleef-arbeitskreis.de%2Fwp-content%2Fuploads%2F2014%2F01%2Fschleef-zentrum_04.jpg&amp;w=732&amp;h=501&amp;ei=7mTxUt68CbOM4gSpwoCQAQ&amp;zoom=1&amp;iact=rc&amp;dur=2111&amp;page=2&amp;start=20&amp;ndsp=26&amp;ved=0CMYBEK0DMCM\">Besenkammer<\/a> vom Spenglermuseum, die man als Ecke des schlechten Gewissens, den Leuten als Alibi f\u00fcr ihren verblichenen Landsmann pr\u00e4sentiert. Letztes Jahr im Mai hatten sie den Fauxpas immer noch nicht korrigiert. Witzigerweise waren nur Puffi und Gerald Neuschel in der Lage, jenen Spruch, den eine ganz wichtige Tante mit spitzen M\u00fcndchen in die Kamera plapperte, zu interpretieren&#8230;<br \/>\nIch verkneife mir auf den Rest einzugehen<!--more--><br \/>\nDer Geschichtsverein scheint, wie das Sangersdorfer Schleef-Gr\u00fcppchen, aus \u00e4hnlichem Holz geschnitzt zu sein. Davon konnte ich mich im letzten Jahr \u00fcberzeugen, als ich mit einigen Leuten aus dem Sangerh\u00e4user Geschichtsverein in der \u201eAkademie der K\u00fcnste\u201c war. Helmut Loth, der Traditions- und Heimatpfleger, macht wirklich tolle Stadtf\u00fchrungen und bringt sein Wissen auch gut an,\u00a0 was aber speziell die 1970\/80er Jahre betreffen, da kommt nicht viel r\u00fcber. Auf dem Weg zum Kulturtempel wollte ich von einem alteingesessenen Sangerh\u00e4user<strong> (<\/strong><em>W. St.<\/em><strong>)<\/strong> wissen, wie es kam, dass solche stalinistischen Flachzangen wie Paul R\u00f6. und seine Frau, nebst den roten Schergen<strong> (<\/strong><em>Zu diesen Leuten z\u00e4hlte auch die Mutter meiner Schwester.<\/em><strong>)<\/strong> aus dem Kreml in der Bahnhofstrasse, schleichend die einheimischen Plebse umkrempelten &#8211; der alte Herr glotze daraufhin wie ein Schwein ins Uhrwerk, danke!<br \/>\nHier beende ich meine kurzen Betrachtungen, muss allerdings noch an einen Geistesblitz vom Genossen T. <strong>(<\/strong><em>Auch so ein aktives Ekelpaket.<\/em><strong>)<\/strong> erinnern. Beim entsprechenden Stichwort brachte Puffi vorgestern den weltbewegenden Satz aufs Trapez den diese Pfeife im Oktober1962, anl\u00e4sslich einer Protestversammlung zur Kubakrise im \u201eThomas-M\u00fcntzer-Klubhaus\u201c ablie\u00df. Als er zum Schlu\u00df, ohne Manuskript, das erste und letzte mal etwas euphorisch hinausposaunte: \u201e&#8230;liebe Genossen! Kuba den Kubanern und Indien den Indianern!\u201c<br \/>\nAnsonsten scheint meine Geburtsstadt \u00fcblicherweise alles zu verpennen, bis auf wenige Ausnahmen&#8230;<br \/>\nDa bringt eine solches Geschehen, deren Verlinkung ich hier noch pr\u00e4sentieren m\u00f6chte, mal kurzzeitig etwas <a href=\"http:\/\/www.mz-web.de\/sangerhausen\/sangerhausen-othal-60-jaehrige-gesteht-toetung--ihres-mannes,20641084,24206354.html\">Aufregung<\/a> und <a href=\"http:\/\/www.mz-web.de\/sangerhausen\/mordfall-in-sangerhausen-aeusserst-gruseliges-szenario,20641084,24219116.html\">Betroffenheit<\/a> unter die <a href=\"http:\/\/www.mz-web.de\/sangerhausen\/morduntersuchung-in-sangerhausen-kripo-sucht-moegliche-mitwisser,20641084,24259676.html\">Massen<\/a>. Muss demn\u00e4chst mal einen alten Bekannten aufsuchen, der in jene Geschichte vollkommen unschuldig hineintrudelte &#8211; was an solchen Situationen totale Schei\u00dfe ist, f\u00fcr den P\u00f6bel wird bei ihm etwas h\u00e4ngengeblieben sein&#8230;<br \/>\nAngeblich ging es der Trude lediglich um die Rente, dazu f\u00e4llt mir noch etwas ein.<br \/>\nWas passiert wohl mit Sanger<em>s<\/em>hausen, wenn auch der letzte Schewwerochsen<strong>*<\/strong>-Pension\u00e4r nicht mehr einkaufen geht, weil er die Radieschen von unten betrachtet?<br \/>\n<strong>*<\/strong>ugs. \u201eSchieferochse\u201c &#8211; Bergmann im Kupferschieferbergbau<\/p>\n","protected":false},"excerpt":{"rendered":"<p>War einige Tage in der heimlichen \u201eHauptstadt\u201c, sp\u00e4ter h\u00e4ngte ich noch zwei Tage in der kaltem Heimat dran, wollte mich sonntags allerdings nach Halle verkr\u00fcmeln. Tags\u00fcber war bereits undurchsichtige Suppe mit vielleicht 80 Meter Sichtweite, gegen 18 Uhr waren es dann nur noch rund 50 Meter. Wer die Ecke kennt, der wei\u00df, dass es sich [&hellip;]<\/p>\n","protected":false},"author":6,"featured_media":0,"comment_status":"open","ping_status":"open","sticky":false,"template":"","format":"standard","meta":{"footnotes":""},"categories":[55,32],"tags":[],"class_list":["post-23442","post","type-post","status-publish","format-standard","hentry","category-alltaeglicher-wahnwitz","category-sangerhausen"],"_links":{"self":[{"href":"https:\/\/zonenklaus.de\/wordpress\/index.php?rest_route=\/wp\/v2\/posts\/23442","targetHints":{"allow":["GET"]}}],"collection":[{"href":"https:\/\/zonenklaus.de\/wordpress\/index.php?rest_route=\/wp\/v2\/posts"}],"about":[{"href":"https:\/\/zonenklaus.de\/wordpress\/index.php?rest_route=\/wp\/v2\/types\/post"}],"author":[{"embeddable":true,"href":"https:\/\/zonenklaus.de\/wordpress\/index.php?rest_route=\/wp\/v2\/users\/6"}],"replies":[{"embeddable":true,"href":"https:\/\/zonenklaus.de\/wordpress\/index.php?rest_route=%2Fwp%2Fv2%2Fcomments&post=23442"}],"version-history":[{"count":25,"href":"https:\/\/zonenklaus.de\/wordpress\/index.php?rest_route=\/wp\/v2\/posts\/23442\/revisions"}],"predecessor-version":[{"id":44411,"href":"https:\/\/zonenklaus.de\/wordpress\/index.php?rest_route=\/wp\/v2\/posts\/23442\/revisions\/44411"}],"wp:attachment":[{"href":"https:\/\/zonenklaus.de\/wordpress\/index.php?rest_route=%2Fwp%2Fv2%2Fmedia&parent=23442"}],"wp:term":[{"taxonomy":"category","embeddable":true,"href":"https:\/\/zonenklaus.de\/wordpress\/index.php?rest_route=%2Fwp%2Fv2%2Fcategories&post=23442"},{"taxonomy":"post_tag","embeddable":true,"href":"https:\/\/zonenklaus.de\/wordpress\/index.php?rest_route=%2Fwp%2Fv2%2Ftags&post=23442"}],"curies":[{"name":"wp","href":"https:\/\/api.w.org\/{rel}","templated":true}]}}