{"id":23463,"date":"2014-02-05T23:16:13","date_gmt":"2014-02-05T22:16:13","guid":{"rendered":"http:\/\/12decode.de\/zonenklaus\/wordpress\/?p=23463"},"modified":"2020-02-24T10:07:24","modified_gmt":"2020-02-24T09:07:24","slug":"andre-schmitz-co","status":"publish","type":"post","link":"https:\/\/zonenklaus.de\/wordpress\/?p=23463","title":{"rendered":"Andr\u00e9 Schmitz &#038; Co."},"content":{"rendered":"<p>Weshalb macht Ulrich Zawatka-Gerlach in seinem <a href=\"http:\/\/www.tagesspiegel.de\/meinung\/der-fall-andre-schmitz-auch-klaus-wowereit-verliert\/9426134.html\">Artikel<\/a> \u00fcberhaupt einen auf Betroffenheitsges\u00e4usel? Wird sich dabei um entsprechende Vorgaben innerhalb jener Senatspostille handeln.<br \/>\n<em>Fassungslos, aber auch w\u00fctend rauft man sich die Haare. Dieser kultivierte, hochintelligente Andr\u00e9 Schmitz hat Steuern hinterzogen&#8230;<\/em><br \/>\nJener schreibkundige Herr versucht scheinbar, mich in seine Betrachtungen mit einzubeziehen, da hat er sich aber m\u00e4chtig geschnitten. Weshalb sollte ich fassungslos sein und mir die Haare raufen? Beides ist nicht m\u00f6glich. Erstens traue ich wirklich jedem solche Art von <em>Verfehlungen<\/em> zu, mich eingeschlossen und zweitens ist mit Haare raufen nichts, wegen meiner fleischfarbenen Badekappe auf der Birne.<br \/>\nBeide er\u00f6ffnende S\u00e4tze reichen UZ-G noch nicht, deshalb werden sofort mehrere Briketts nachgelegt.<br \/>\n<em>Ein Jurist! Ein verm\u00f6gender Mann, der es \u00fcberhaupt nicht n\u00f6tig hat, eine mittelgro\u00dfe Erbschaft vor dem Fiskus zu verstecken. Ein Kulturstaatssekret\u00e4r&#8230;<\/em><br \/>\nWeder die Juristerei, noch das Amt als KSS haben doch etwas mit seinem pl\u00f6tzlichen Verm\u00f6gen zu tun und was die <em>mittelgro\u00dfe Erbschaft<\/em> angeht, verh\u00e4lt es sich doch \u00e4hnlich. Meine Gro\u00dfmutter sagte immer, sparen kann man nur von Reichen lernen. Wie sollte jemand mit solch einer Mentalit\u00e4t sonst\u00a0 zur Anh\u00e4ufung von Talern kommen, er h\u00e4tte es vielleicht nur geschickter anstellen sollen.<br \/>\nWeiter hei\u00dft es dann: <em>Rationale Erkl\u00e4rungen verbieten sich in diesem Fall. Offenbar gibt es eine Art von Raffgier, die auch noble Menschen wie einen schlimmen Virus \u00fcberf\u00e4llt.<\/em><br \/>\nWie kommt es eigentlich, dass dem Schreiber lediglich diese banale Schlussfolgerung einfiel?<br \/>\n<em>Er hat nicht nur seinen guten Ruf verloren, sondern auch politisches Vertrauen fahrl\u00e4ssig aufs Spiel gesetzt und verloren, ohne das er sein verantwortungsvolles Amt als Kulturstaatssekret\u00e4r nicht aus\u00fcben kann.<\/em><br \/>\nMeister S. wird ganz schnell etwas anders finden und nebenbei bestimmt das Treppchen seines sozialen Aufstieges weiter nach oben stolpern. Na und dann\u00a0 kommt hinzu: \u201eIst der Ruf erst ruiniert, lebt\u00b4s sich g\u00e4nzlich ungeniert!\u201c<br \/>\nNur Mut junger Mann, Kopf hoch oder ich schie\u00dfe!<!--more--><br \/>\n<em>Das tut weh, weil Berlin damit einen herausragenden Kulturpolitiker verliert. <\/em><br \/>\nWas soll der Quatsch, mir tut immer noch nichts weh, auf der anderen Seite, worin bestand \u00fcberhaupt seine <em>herausragenden Kulturpolitik<\/em>? Auf die Schnelle f\u00e4llt mir da wirklich nichts ein.<br \/>\n<em>Aber es ist n\u00f6tig, weil ansonsten die Botschaft w\u00e4re, die auch andere Personen der Zeitgeschichte vermitteln: Steuern zahlen ist was f\u00fcr Doofe. Wer es weit genug gebracht hat, darf das Finanzamt weitgehend ungestraft betr\u00fcgen.<\/em><br \/>\nWas soll abschlie\u00dfend noch diese demokraturische Bes\u00e4nftigung f\u00fcr die Plebse?<br \/>\nWenn ich mich richtig erinnere, kam mir schon mal eine alte Volksweisheit, kalligraphiert in <a href=\"http:\/\/de.wikipedia.org\/wiki\/Jiahu-Schrift\">Jiahu-Schrift<\/a> unter, deren deutsche \u00dcbersetzung da lautet: \u201eDie Kleinen h\u00e4ngt man, die Gro\u00dfen l\u00e4sst man laufen\u201c<br \/>\nNochmal retour zu der Beschwichtigung, wird nicht anders herum ein Latschen draus?<br \/>\nIst es seit geraumer Zeit nicht Usus, dass scharenweise ganz bestimmten emporgestiegen Leutchen, besonders jenen die unter Tarnm\u00e4ntelchen von Diplomen und Titeln umherirren, schon lange jegliche Sinnhaftigkeit f\u00fcr irgendwelche Werte abhanden gekommen ist? Zur Deckelung solcher Unregelm\u00e4\u00dfigkeiten wird dann die politische Korrektheit herangezogen &#8211; <em>wenn du mich nicht anpisst, dann tue ich es auch nicht&#8230; <\/em><br \/>\nFrollein Schwarzer m\u00f6chte ich in dem identischen Fall nicht noch aufwerten, deshalb nur die Bemerkung, sie hat sich ja noch d\u00fcmmer verhalten als\u00a0 A. Schmitz und seine Katze. Siehe das Salbadern auf ihrer <a href=\"http:\/\/www.aliceschwarzer.de\/artikel\/eigener-sache-313405\">Heimatseite<\/a>: \u201ePr\u00e4zedenzfall Schwarzer\u201c, \u201eRufmord\u201c, \u201eDammbruch\u201c, ja sogar \u201eHexenjagd\u201c.<br \/>\nZu den wertkonservativen Sekund\u00e4rtugenden geh\u00f6rt unter anderem: <em>Wer austeilen kann, muss auch einstecken k\u00f6nnen!<\/em> &#8211; noch dazu, wenn einem die Felle wegschwimmen.<br \/>\nDemn\u00e4chst wird Atze Brauner ebenso zur\u00fcckschie\u00dfen und dies auf seine ganz spezielle Art <em>un<\/em><i>d wird als ewig leidender Jude wiedermal darauf hinweisen m\u00fcssen, dass man immer nur auf ihm herumtrampeln will&#8230;<\/i><\/p>\n<p>Eigentlich schade, dass die preu\u00dfische Beamtenmentalit\u00e4t so verwurzelt ist. Finde n\u00e4mlich, es k\u00f6nnte ja auch hier mal ein Fl\u00f6tist s\u00e4mtliche Daten von den halbkriminell erworbenen Datendisketten blasen&#8230;<\/p>\n","protected":false},"excerpt":{"rendered":"<p>Weshalb macht Ulrich Zawatka-Gerlach in seinem Artikel \u00fcberhaupt einen auf Betroffenheitsges\u00e4usel? Wird sich dabei um entsprechende Vorgaben innerhalb jener Senatspostille handeln. Fassungslos, aber auch w\u00fctend rauft man sich die Haare. Dieser kultivierte, hochintelligente Andr\u00e9 Schmitz hat Steuern hinterzogen&#8230; Jener schreibkundige Herr versucht scheinbar, mich in seine Betrachtungen mit einzubeziehen, da hat er sich aber m\u00e4chtig [&hellip;]<\/p>\n","protected":false},"author":6,"featured_media":0,"comment_status":"open","ping_status":"open","sticky":false,"template":"","format":"standard","meta":{"footnotes":""},"categories":[22],"tags":[],"class_list":["post-23463","post","type-post","status-publish","format-standard","hentry","category-der-tagesspiegel"],"_links":{"self":[{"href":"https:\/\/zonenklaus.de\/wordpress\/index.php?rest_route=\/wp\/v2\/posts\/23463","targetHints":{"allow":["GET"]}}],"collection":[{"href":"https:\/\/zonenklaus.de\/wordpress\/index.php?rest_route=\/wp\/v2\/posts"}],"about":[{"href":"https:\/\/zonenklaus.de\/wordpress\/index.php?rest_route=\/wp\/v2\/types\/post"}],"author":[{"embeddable":true,"href":"https:\/\/zonenklaus.de\/wordpress\/index.php?rest_route=\/wp\/v2\/users\/6"}],"replies":[{"embeddable":true,"href":"https:\/\/zonenklaus.de\/wordpress\/index.php?rest_route=%2Fwp%2Fv2%2Fcomments&post=23463"}],"version-history":[{"count":7,"href":"https:\/\/zonenklaus.de\/wordpress\/index.php?rest_route=\/wp\/v2\/posts\/23463\/revisions"}],"predecessor-version":[{"id":33758,"href":"https:\/\/zonenklaus.de\/wordpress\/index.php?rest_route=\/wp\/v2\/posts\/23463\/revisions\/33758"}],"wp:attachment":[{"href":"https:\/\/zonenklaus.de\/wordpress\/index.php?rest_route=%2Fwp%2Fv2%2Fmedia&parent=23463"}],"wp:term":[{"taxonomy":"category","embeddable":true,"href":"https:\/\/zonenklaus.de\/wordpress\/index.php?rest_route=%2Fwp%2Fv2%2Fcategories&post=23463"},{"taxonomy":"post_tag","embeddable":true,"href":"https:\/\/zonenklaus.de\/wordpress\/index.php?rest_route=%2Fwp%2Fv2%2Ftags&post=23463"}],"curies":[{"name":"wp","href":"https:\/\/api.w.org\/{rel}","templated":true}]}}