{"id":23553,"date":"2014-02-12T18:22:22","date_gmt":"2014-02-12T17:22:22","guid":{"rendered":"http:\/\/12decode.de\/zonenklaus\/wordpress\/?p=23553"},"modified":"2014-02-13T08:36:35","modified_gmt":"2014-02-13T07:36:35","slug":"westend-mord-die-anklage-ist-gebastelt-usw","status":"publish","type":"post","link":"https:\/\/zonenklaus.de\/wordpress\/?p=23553","title":{"rendered":"Westend-Mord: Die Anklage ist gebastelt usw."},"content":{"rendered":"<p>Dieser <em>sympathische, weltgewandte, gut aussehende, <a href=\"http:\/\/www.bz-berlin.de\/bezirk\/charlottenburg\/westend-mord-die-anklage-liegt-vor-article1802146.html\">treusorgende Pappi<\/a><\/em> und <em>netter Gesch\u00e4ftsmann<\/em> muss sehr viel daf\u00fcr getan haben, dass einer seine S\u00f6hne &#8211; aus gutem Hause &#8211; soviel Hass anstaute, dass er ihn, ob seiner <em>unendlichen G\u00fcte<\/em>, aus <em>Dankbarkeit<\/em> schlie\u00dflich nicht nur mit einem Schuss erledigte, sondern sicher gehen wollte und deshalb fast das Magazin leer feuerte.<br \/>\nM\u00f6glicherweise hat die widerlich Geisteshaltung von Ingo W. im Umganges mit seiner <em>Familie<\/em>, die beiden Kids nebst Mutter so zusammengeschwei\u00dft, dass sich aus rechtlichen Gr\u00fcnden der j\u00fcngste Ableger &#8211; \u00e4hnlich der ausgef\u00fchrten Fememorde von morgenl\u00e4ndischen Mitb\u00fcrgern, die in solchen F\u00e4llen oft auf Kinder zur\u00fcckgreifen &#8211; dazu entschloss die Schuld auf sich zunehmen, denn daf\u00fcr m\u00fcsste er schlie\u00dflich wesentlich weniger Totensonntage im Knast verbringen als sein \u00e4lterer Bruder oder Mutti&#8230;<br \/>\nEventuell kommt hinzu, dass jene Hinrichtung bei keinem der Beteiligten zu erw\u00e4hnenswerten Traumatisierung f\u00fchrt, da alle sie letztlich als Befreiung empfanden.<br \/>\nGut, jemanden in der sog. <em>zivilisierten<\/em> Welt abzuknipsen ist wirklich nicht das Gelbe vom Ei. Allerdings l\u00e4sst sich noch etwas anderes herleiten, wenn man dem Vorfall so hinbiegt und ihm gewisse positive Aspekte abgewinnen w\u00fcrde.<!--more--><br \/>\nZumindest haben die beiden S\u00f6hne etwas erledigt, was ihnen nach der heutigen <a href=\"http:\/\/www.sueddeutsche.de\/leben\/bgh-entscheidung-zu-heimkosten-entfremdeter-sohn-muss-fuer-heimkosten-des-vaters-aufkommen-1.1886293\">BGH-Entscheidung <\/a>(I.N.d.V.) zum Elternunterhalt, sp\u00e4ter keine finanziellen Lasten aufb\u00fcrdet, da sie vielleicht f\u00fcr die Heimkosten ihres <em>liebenden Vaters <\/em>h\u00e4tten aufkommen m\u00fcssen.<br \/>\nVielleicht ist dem einsitzenden Knaben etwas <em>Gl\u00fcck<\/em> hold, da er auch aus <em>gutem Hause<\/em> stammt, daf\u00fcr gibt es in letzten Zeit bekanntlich <a href=\"http:\/\/www.welt.de\/vermischtes\/weltgeschehen\/article13561219\/U-Bahn-Schlaeger-Torben-P-gibt-das-engelhafte-Opfer.html\">mehrere<\/a> belegbare Beispiele, scheint wohl lediglich eine Frage von Beziehungen und des finanziellen Backgrounds zu sein&#8230;<br \/>\nMuss nochmal auf\u00b4s heutige <a href=\"http:\/\/www.gmx.net\/themen\/finanzen\/wirtschaft\/12b2yw8-deutsches-unterhaltsrecht-kinder-zahlen-fuer-eltern#.hero.Das%20soll%20noch%20einer%20verstehen!.620.339\">BGH-Urteil<\/a> kommen, denn ich frage mich, wie und wo leben solche Kadis \u00fcberhaupt?<br \/>\nMir k\u00f6nnte so etwas auch passieren.<br \/>\nDa hatte mir die Mutter meiner Schwester Zeit meines Lebens etwas vermittelt, dass in mir die Vermutung keimte, ich sei in jedem Fall das Produkt einer sinnlos verbrachten Tanzpause, hinzu kamen ja noch zwei Anzeigen, wobei die letzte mit dem Versuch einherging, mich in einer Klapper unterzubringen und nun die Perspektive. <strong>(<\/strong><em>Eventuell muss ich mir ja dar\u00fcber keine unn\u00fctzen Gedanken mehr machen&#8230;<\/em><strong>)<\/strong><br \/>\nWill auch ihr Privileg nicht vergessen, welches bestimmt verliehen wurde, da sie mich bereits ab dem 15-ten Lebensjahr sehr eifrig bei der Firma verpfiff und deshalb als einzige in meiner Akte mit Klarnamen vorkam&#8230;<br \/>\nEs gibt immer mehr Berufsgruppen, die lie\u00dfen sich vielleicht wieder auf den Boden der Realit\u00e4t zur\u00fcckholen, wenn sie f\u00fcr den halben Sold doppelt soviel arbeiten m\u00fcssten, was hie\u00dfe &#8211; dann auch <em>nix<\/em> mehr so oft Golf- und Tennisclub, von Statussymbole nur noch manchmal tr\u00e4umen&#8230;<\/p>\n<p><strong>L\u00e4ngere Fu\u00dfnote: <\/strong>Finde schon, die<em> unabh\u00e4ngige <\/em>deutsche Gerichtsbarkeit sollte sich doch irgendwie auch an gewachsenen moralischen Vorgaben orientieren. Ganz nebenbei, der Realit\u00e4t und dem latenten Rechtsempfinden, was aus den zwischenmenschlichen Lebenserfahrung seiner Landsleute erwuchs, etwas mehr Achtung schenken. Wie oft sind in der letzten Zeit Urteile gef\u00e4llt worden, die jeglichem Rechtsempfinden nur noch Hohn sprechen. Dabei Opfer vielfach zu T\u00e4tern stilisiert wurden, was immer wieder, nicht nur im Umgang mit Gewaltt\u00e4tern zu beobachten ist und die Medien schweigen dazu.<br \/>\nSchon lange nicht mehr lustig, wie mit Hilfe von juristischen Spitzfindigkeiten, die mittlerweile fast legend\u00e4r sind, bereits seit Jahrzehnten jongliert wird und dazugeh\u00f6rige entsprechende Rechtfertigungen f\u00fcr die Masse <em>angemessen verst\u00e4ndlich<\/em> aufbereitet werden. Man schaue sich nur mal die Bruchst\u00fccke der Ver\u00f6ffentlichungen zu den Doktorarbeiten von <a href=\"http:\/\/www.welt.de\/politik\/deutschland\/article120996259\/Lammert-und-Steinmeier-an-der-Grenze-zum-Plagiat.html\">Lammert und Steinmeier<\/a> an. Eine 100% astreine Arbeit scheinen sie nicht abgeliefert zuhaben, in ihren Positionen jenen Titel zu entziehen, entspr\u00e4che schlie\u00dflich mehr als nur einer Peinlichkeit.<br \/>\nBei Frau Dr. plag?! Schavan wird alles noch undurchsichtiger auch der Umgang nach <a href=\"http:\/\/www.focus.de\/politik\/deutschland\/doktortitel-von-annette-schavan-aberkannt-die-schavan-erklaerung-der-universitaet-duesseldorf-im-wortlaut_aid_913641.html\">Aberkennung<\/a> ihres K\u00fcrzels. Da steht auf der einen Seite der Betrugsverdacht nebst daraus resultierender Aberkennung, auf der anderen Seite darf sie den Titel bis zu einer endg\u00fcltigen juristischen <a href=\"http:\/\/www.rundschau-online.de\/politik\/trotz-aberkennung-schavan-fuehrt-weiter-ihren-doktortitel,15184890,24362052.html\">Kl\u00e4rung <\/a>weiter tragen, weil eine Klage gegen die Aberkennung anh\u00e4ngig ist.<br \/>\nWeshalb legt ihr denn niemand ans Herz, dass sie sich bis zu Klarstellung erst mal aus der moralischen Schussrichtung verabschiedet und w\u00e4hrenddessen, eventuell in Kanada oder Gr\u00f6nland mit der Z\u00fcchtung von Ananas beginnt, bis Gras \u00fcber die Sache gewachsen ist.<br \/>\nEs belustigt mich immer wieder, wenn mir zu solchen schr\u00e4gen Alltagsthemen Vox populi in den Lauschern summt. Letztens wieder geschehen, als man <em>unter ferner liefen<\/em> die lancierte Pressemeldung fand, demn\u00e4chst wird Frau Dr. plag?! den Posten als Botschafterin in der Vatikanstadt antreten.<br \/>\nDa kam doch wirklich jemand auf die Idee und \u00e4u\u00dferte, \u201ebisher besteht doch immer noch der Verdacht, dass sie mit der T\u00e4uschung eine kriminelle Handlung begangen hat und dann kommt die Belohnung mit diesem Job hinzu?\u201c<br \/>\n\u201eTypisch Katholiken! Au\u00dferdem ist der Vatikan ohnehin voller Krimineller!\u201c<br \/>\nUnd solche unqualifizierten Kommentare muss ich mir st\u00e4ndig im Caf\u00e9 und sonst wo anh\u00f6ren.<br \/>\nWie lange kann man eigentlich dergestalt undemokratischen \u00c4u\u00dferungen noch stand halten?<\/p>\n","protected":false},"excerpt":{"rendered":"<p>Dieser sympathische, weltgewandte, gut aussehende, treusorgende Pappi und netter Gesch\u00e4ftsmann muss sehr viel daf\u00fcr getan haben, dass einer seine S\u00f6hne &#8211; aus gutem Hause &#8211; soviel Hass anstaute, dass er ihn, ob seiner unendlichen G\u00fcte, aus Dankbarkeit schlie\u00dflich nicht nur mit einem Schuss erledigte, sondern sicher gehen wollte und deshalb fast das Magazin leer feuerte. [&hellip;]<\/p>\n","protected":false},"author":6,"featured_media":0,"comment_status":"open","ping_status":"open","sticky":false,"template":"","format":"standard","meta":{"footnotes":""},"categories":[1],"tags":[],"class_list":["post-23553","post","type-post","status-publish","format-standard","hentry","category-allgemeines"],"_links":{"self":[{"href":"https:\/\/zonenklaus.de\/wordpress\/index.php?rest_route=\/wp\/v2\/posts\/23553","targetHints":{"allow":["GET"]}}],"collection":[{"href":"https:\/\/zonenklaus.de\/wordpress\/index.php?rest_route=\/wp\/v2\/posts"}],"about":[{"href":"https:\/\/zonenklaus.de\/wordpress\/index.php?rest_route=\/wp\/v2\/types\/post"}],"author":[{"embeddable":true,"href":"https:\/\/zonenklaus.de\/wordpress\/index.php?rest_route=\/wp\/v2\/users\/6"}],"replies":[{"embeddable":true,"href":"https:\/\/zonenklaus.de\/wordpress\/index.php?rest_route=%2Fwp%2Fv2%2Fcomments&post=23553"}],"version-history":[{"count":18,"href":"https:\/\/zonenklaus.de\/wordpress\/index.php?rest_route=\/wp\/v2\/posts\/23553\/revisions"}],"predecessor-version":[{"id":23562,"href":"https:\/\/zonenklaus.de\/wordpress\/index.php?rest_route=\/wp\/v2\/posts\/23553\/revisions\/23562"}],"wp:attachment":[{"href":"https:\/\/zonenklaus.de\/wordpress\/index.php?rest_route=%2Fwp%2Fv2%2Fmedia&parent=23553"}],"wp:term":[{"taxonomy":"category","embeddable":true,"href":"https:\/\/zonenklaus.de\/wordpress\/index.php?rest_route=%2Fwp%2Fv2%2Fcategories&post=23553"},{"taxonomy":"post_tag","embeddable":true,"href":"https:\/\/zonenklaus.de\/wordpress\/index.php?rest_route=%2Fwp%2Fv2%2Ftags&post=23553"}],"curies":[{"name":"wp","href":"https:\/\/api.w.org\/{rel}","templated":true}]}}