{"id":23581,"date":"2014-02-14T16:50:16","date_gmt":"2014-02-14T15:50:16","guid":{"rendered":"http:\/\/12decode.de\/zonenklaus\/wordpress\/?p=23581"},"modified":"2014-02-15T00:38:03","modified_gmt":"2014-02-14T23:38:03","slug":"hape-friedrich-tritt-noch-heute-zuruck","status":"publish","type":"post","link":"https:\/\/zonenklaus.de\/wordpress\/?p=23581","title":{"rendered":"HaPe Friedrich tritt noch heute zur\u00fcck"},"content":{"rendered":"<p><a href=\"http:\/\/www.gmx.net\/themen\/nachrichten\/deutschland\/sebastian-edathy\/28b34go-hans-peter-friedrich-ruecktritt#.hero.Friedrich%20tritt%20zur%C3%BCck.312.310\">und weiter? <\/a><br \/>\nLeider werden solche Leute anschlie\u00dfend nie korrekt bestraft, dass er nun weg vom Fenster ist, kratzt doch lediglich an seiner Eitelkeit. Mit Bestimmtheit entspricht der Abschuss auch nur einem Bauernopfer, weil im Hintergrund noch viel gr\u00f6\u00dfere Sauereien am K\u00f6cheln sind.<br \/>\nDenn letztendlich lief diese Geschichte viel zu glatt und zu schnell ab. In heutigen Zeiten k\u00f6nnte man den Verlauf und die Dauer seiner Abdankung in Relation zur Lichtgeschwindigkeit setzen.<br \/>\nHatte mich die vergangenen Wochen \u00f6fters gefragt, weshalb der dicke Vort\u00e4nzer sich zu Schmitz und seinem Spezi Wowereit so bedeckt hielt. Schlie\u00dflich gingen mir die Kl\u00fcsen ruckartig auf! Klar, politische Korrektheit und leeres Geschwafel ist angesagt: <strong>\u201e<\/strong>Ich habe dir nichts getan und selbiges erwarte ich nun auch von dir<strong>!\u201c<\/strong><br \/>\nEs w\u00e4re doch zu sch\u00f6n, wenn bei all denen auch etwas h\u00e4ngen bleiben w\u00fcrde, die sich unter dem \u201eSiegel der Verschwiegenheit\u201c an der Stillen Post beteiligten: jene Sozen, mit der Mentalit\u00e4t von geschw\u00e4tzigen Waschweibern: Gabriel, Steinmeier, Oppermann und Lambrecht &#8211; da finden sich bestimmt noch diverse Leutchen, denen sie es auch steckten&#8230;<br \/>\nEigentlich betrifft es ja alle, die permanent von den medialen Claqueuren als unfehlbare Spitzen der Gesellschaft UNSERER Republik gepriesen werden und parallel dazu ewig ihr Selbstdarstellungsgehabe anbringen d\u00fcrfen. Aus dem Munde von Georg Schramm h\u00f6rt es sich folgenderma\u00dfen an: <a href=\"http:\/\/www.youtube.com\/watch?v=bEQfzTYd2Ps\">\u201eLOL!\u201c<\/a><br \/>\nHier noch eine Frage, was wusste \u00fcberhaupt das Kanzlerin? Wusste sie nichts, ist es nicht gut! War ihr alles bekannt, ist es aber auch nicht viel besser!<\/p>\n<p>Zumindest wird Christsozialist Friedrich gehaltsm\u00e4\u00dfig auf jeden Fall nach oben stolpern.<br \/>\nAls weitere Option bleibt dann wieder nur Br\u00fcssel oder vielleicht mit Frau Dr. plag. Schavan eine Botschafter-Doppelspitze in p\u00e4pstlichen Gefilden.<br \/>\nNa denne mal, Pet(r)i Heil!<\/p>\n<p><strong>Fu\u00dfnote: <\/strong>Wenn sich herausstellen sollte, dass HaPe F. im Auftrag der NS\u00c4 alles versaubeutelt hat &#8211; schlie\u00dflich war Sebastian Edathys Job als Vorsitzender des NSU-Untersuchungsausschusses seine bisher gr\u00f6\u00dfte Sternstunde und m\u00f6glicherweise hat ihm deshalb jemand ein digitales Kuckucksei gelegt &#8211; dann w\u00e4re es doch nicht ausgeschlossen, dass UNSER Herr Ex-Minister ein Hotel in Genf bucht, na ja, da gab es doch auch noch die Anekdote mit dem Fallschirm&#8230;<\/p>\n","protected":false},"excerpt":{"rendered":"<p>und weiter? Leider werden solche Leute anschlie\u00dfend nie korrekt bestraft, dass er nun weg vom Fenster ist, kratzt doch lediglich an seiner Eitelkeit. Mit Bestimmtheit entspricht der Abschuss auch nur einem Bauernopfer, weil im Hintergrund noch viel gr\u00f6\u00dfere Sauereien am K\u00f6cheln sind. Denn letztendlich lief diese Geschichte viel zu glatt und zu schnell ab. In [&hellip;]<\/p>\n","protected":false},"author":6,"featured_media":0,"comment_status":"open","ping_status":"open","sticky":false,"template":"","format":"standard","meta":{"footnotes":""},"categories":[1],"tags":[],"class_list":["post-23581","post","type-post","status-publish","format-standard","hentry","category-allgemeines"],"_links":{"self":[{"href":"https:\/\/zonenklaus.de\/wordpress\/index.php?rest_route=\/wp\/v2\/posts\/23581","targetHints":{"allow":["GET"]}}],"collection":[{"href":"https:\/\/zonenklaus.de\/wordpress\/index.php?rest_route=\/wp\/v2\/posts"}],"about":[{"href":"https:\/\/zonenklaus.de\/wordpress\/index.php?rest_route=\/wp\/v2\/types\/post"}],"author":[{"embeddable":true,"href":"https:\/\/zonenklaus.de\/wordpress\/index.php?rest_route=\/wp\/v2\/users\/6"}],"replies":[{"embeddable":true,"href":"https:\/\/zonenklaus.de\/wordpress\/index.php?rest_route=%2Fwp%2Fv2%2Fcomments&post=23581"}],"version-history":[{"count":10,"href":"https:\/\/zonenklaus.de\/wordpress\/index.php?rest_route=\/wp\/v2\/posts\/23581\/revisions"}],"predecessor-version":[{"id":23585,"href":"https:\/\/zonenklaus.de\/wordpress\/index.php?rest_route=\/wp\/v2\/posts\/23581\/revisions\/23585"}],"wp:attachment":[{"href":"https:\/\/zonenklaus.de\/wordpress\/index.php?rest_route=%2Fwp%2Fv2%2Fmedia&parent=23581"}],"wp:term":[{"taxonomy":"category","embeddable":true,"href":"https:\/\/zonenklaus.de\/wordpress\/index.php?rest_route=%2Fwp%2Fv2%2Fcategories&post=23581"},{"taxonomy":"post_tag","embeddable":true,"href":"https:\/\/zonenklaus.de\/wordpress\/index.php?rest_route=%2Fwp%2Fv2%2Ftags&post=23581"}],"curies":[{"name":"wp","href":"https:\/\/api.w.org\/{rel}","templated":true}]}}