{"id":24024,"date":"2014-04-10T22:07:56","date_gmt":"2014-04-10T21:07:56","guid":{"rendered":"http:\/\/12decode.de\/zonenklaus\/wordpress\/?p=24024"},"modified":"2014-04-10T22:07:56","modified_gmt":"2014-04-10T21:07:56","slug":"mobelhaus-ruft-hitler-tasse-zuruck-warum-eigentlich","status":"publish","type":"post","link":"https:\/\/zonenklaus.de\/wordpress\/?p=24024","title":{"rendered":"M\u00f6belhaus ruft Hitler-Tasse zur\u00fcck (Warum eigentlich?)"},"content":{"rendered":"<p>Aus den H\u00f6hen des hundeverschissenen Bundeshauptdorf, dem Prenzelgebirge, erreichte mich vor einigen Stunden jener Hinweis <em>(Danke<\/em><strong>!<\/strong><em>)<\/em> den das HANDELBLATT wie folgt titelte: \u201e<a href=\"http:\/\/www.handelsblatt.com\/panorama\/aus-aller-welt\/peinliche-panne-moebelhaus-ruft-hitler-tasse-zurueck\/9743326.html\">Peinliche Panne<\/a>\u201c.<br \/>\nIn meiner mir eigenen Art sehe ich jenen Import-Gag noch nicht mal als Witz oder Faux pas an!<br \/>\nDa es sich bestimmt um eine, dem Zeitgeist entsprechende Form von <em>proletarischen Internationalismus<\/em> handelt! Jener gewendete Maoist <strong>(<\/strong><em>der Produzent!<\/em><strong>)<\/strong> agiert vielleicht irgendwo im Reich der roten Mitte schon l\u00e4nger als Gauleiter im Untergrund und deshalb nun <em>br\u00fcderliche Kampfesgr\u00fc\u00dfe<\/em> an die schwarzen Langnasen in Europa &#8211; rechtzeitig zu den <em>vollkommen demokratischen<\/em> <strong>(!)<\/strong> Wahlerfolgen der &#8220;Front National&#8221; in <a href=\"https:\/\/www.youtube.com\/watch?v=B6gRJXvkbU4\">Frokreisch<\/a> und dem neuerlichen Sieg des weichgesp\u00fclten Abziehbildes von Admiral <a href=\"http:\/\/de.wikipedia.org\/wiki\/Mikl%C3%B3s_Horthy\">Mikl\u00f3s Horthy<\/a> im Reich der Magyaren&#8230;<br \/>\nNa denne mal: <strong>\u201eSuff Heil!\u201c<\/strong><\/p>\n","protected":false},"excerpt":{"rendered":"<p>Aus den H\u00f6hen des hundeverschissenen Bundeshauptdorf, dem Prenzelgebirge, erreichte mich vor einigen Stunden jener Hinweis (Danke!) den das HANDELBLATT wie folgt titelte: \u201ePeinliche Panne\u201c. In meiner mir eigenen Art sehe ich jenen Import-Gag noch nicht mal als Witz oder Faux pas an! Da es sich bestimmt um eine, dem Zeitgeist entsprechende Form von proletarischen Internationalismus [&hellip;]<\/p>\n","protected":false},"author":6,"featured_media":0,"comment_status":"open","ping_status":"open","sticky":false,"template":"","format":"standard","meta":{"footnotes":""},"categories":[1],"tags":[],"class_list":["post-24024","post","type-post","status-publish","format-standard","hentry","category-allgemeines"],"_links":{"self":[{"href":"https:\/\/zonenklaus.de\/wordpress\/index.php?rest_route=\/wp\/v2\/posts\/24024","targetHints":{"allow":["GET"]}}],"collection":[{"href":"https:\/\/zonenklaus.de\/wordpress\/index.php?rest_route=\/wp\/v2\/posts"}],"about":[{"href":"https:\/\/zonenklaus.de\/wordpress\/index.php?rest_route=\/wp\/v2\/types\/post"}],"author":[{"embeddable":true,"href":"https:\/\/zonenklaus.de\/wordpress\/index.php?rest_route=\/wp\/v2\/users\/6"}],"replies":[{"embeddable":true,"href":"https:\/\/zonenklaus.de\/wordpress\/index.php?rest_route=%2Fwp%2Fv2%2Fcomments&post=24024"}],"version-history":[{"count":2,"href":"https:\/\/zonenklaus.de\/wordpress\/index.php?rest_route=\/wp\/v2\/posts\/24024\/revisions"}],"predecessor-version":[{"id":24026,"href":"https:\/\/zonenklaus.de\/wordpress\/index.php?rest_route=\/wp\/v2\/posts\/24024\/revisions\/24026"}],"wp:attachment":[{"href":"https:\/\/zonenklaus.de\/wordpress\/index.php?rest_route=%2Fwp%2Fv2%2Fmedia&parent=24024"}],"wp:term":[{"taxonomy":"category","embeddable":true,"href":"https:\/\/zonenklaus.de\/wordpress\/index.php?rest_route=%2Fwp%2Fv2%2Fcategories&post=24024"},{"taxonomy":"post_tag","embeddable":true,"href":"https:\/\/zonenklaus.de\/wordpress\/index.php?rest_route=%2Fwp%2Fv2%2Ftags&post=24024"}],"curies":[{"name":"wp","href":"https:\/\/api.w.org\/{rel}","templated":true}]}}