{"id":24380,"date":"2014-06-24T19:13:56","date_gmt":"2014-06-24T18:13:56","guid":{"rendered":"http:\/\/12decode.de\/zonenklaus\/wordpress\/?p=24380"},"modified":"2014-06-26T00:25:25","modified_gmt":"2014-06-25T23:25:25","slug":"warum-verdienen-die-chefs-von-bvg-co-so-viel","status":"publish","type":"post","link":"https:\/\/zonenklaus.de\/wordpress\/?p=24380","title":{"rendered":"Warum verdienen die Chefs von BVG &#038; Co. so viel?"},"content":{"rendered":"<p>Beim gestrigen Durchbl\u00e4ttern vom BZ-Bl\u00e4ttchen erstaunte mich einer der drei Schefffpopulisten. Dort durfte er &#8211; politisch inkorrekt &#8211; einige\u00a0<a href=\"http:\/\/www.bz-berlin.de\/berlin\/warum-verdienen-die-chefs-von-bvg-co-so-viel\">Fragen in den Ring<\/a> werfen, die ich ihm auch nicht beantworten kann.<br \/>\nIn der Online-Ausgabe strahlt die oberste BVG-erin Sigrid Nikutta recht leutselig in die Kamera. Allerdings kommt mir da der Verdacht auf, sie grient nur deshalb so merkw\u00fcrdig, weil jemand Gunnar Schupelius\u00b4 Frage nach der unverh\u00e4ltnism\u00e4\u00dfig geringen Jahresbesoldung stellte und sie ohne R\u00fccksprache mit ihren Beratern darauf keine Antwort geben m\u00f6chte.<br \/>\nWahrscheinlich h\u00e4tte in der Runde auch niemand etwas passendes aus seinem \u00c4rmeln gesch\u00fcttelt. Als Frau N. vor einigen Jahren den Job bei der BVG antrat und kurz darauf irgendwer nachhakte, welche Art von Bef\u00e4higung sie eigentlich f\u00fcr jene Top-Position vorweisen k\u00f6nnte, kam irgendwoher aus dem Off die sehr weichgesp\u00fclte Begr\u00fcndung, sie h\u00e4tte doch <em>P\u00fcchologie<\/em> studiert und \u201ek\u00f6nne deshalb sehr gut mit Menschen.\u201c<br \/>\nKlar, das sollte einem ja einleuchten.<br \/>\nAllerdings wurden meine aufkommenden Zweifel auch von ihrem Dr.-Titel <strong>(<\/strong><em>Ist diese Arbeit \u00fcberhaupt mal auf Plagiatierungen gecheckt worden?<\/em><strong>)<\/strong> nicht vollst\u00e4ndig zerstreut.<br \/>\nNun muss man nicht unbedingt als<em> P\u00fccholoche<\/em> oder <em>P\u00e4dagoche<\/em> durch die Gegend sterzeln \u201eum gut mit Menschen zu k\u00f6nnen.\u201c <strong>(<\/strong><em>Ich kann auch sehr gut mit Menschen<\/em>,<em> ich habe sogar tausenden unter mir, sprach der Friedhofsg\u00e4rtner.<\/em><strong>)<\/strong><br \/>\nIn Momenten solch fadenscheiniger Begr\u00fcndungen f\u00e4llt mir immer wieder die allseitig gebildete Toilettenfee vom Wolfsburger Hauptbahnhof ein. Selbige Dame kann sogar ohne Dr. \u201esehr gut mit Menschen\u201c, wahrscheinlich verf\u00fcgt sie au\u00dferdem in ihrem Bereich auch \u00fcber ein ausgepr\u00e4gtes technisches Verst\u00e4ndnis&#8230;<br \/>\nWill mal zum Schluss kommen.<br \/>\nDen Rest kann jeder dem Text von Herrn S. entnehmen, als Antwort auf seine Fragen ist der Refrain eines fr\u00fchen Hits von Robert Zimmermann passend, der da lautet: \u201eThe answer, my friend, is blowin&#8217; in the wind&#8230;\u201c<\/p>\n","protected":false},"excerpt":{"rendered":"<p>Beim gestrigen Durchbl\u00e4ttern vom BZ-Bl\u00e4ttchen erstaunte mich einer der drei Schefffpopulisten. Dort durfte er &#8211; politisch inkorrekt &#8211; einige\u00a0Fragen in den Ring werfen, die ich ihm auch nicht beantworten kann. In der Online-Ausgabe strahlt die oberste BVG-erin Sigrid Nikutta recht leutselig in die Kamera. Allerdings kommt mir da der Verdacht auf, sie grient nur deshalb [&hellip;]<\/p>\n","protected":false},"author":6,"featured_media":0,"comment_status":"open","ping_status":"open","sticky":false,"template":"","format":"standard","meta":{"footnotes":""},"categories":[1],"tags":[],"class_list":["post-24380","post","type-post","status-publish","format-standard","hentry","category-allgemeines"],"_links":{"self":[{"href":"https:\/\/zonenklaus.de\/wordpress\/index.php?rest_route=\/wp\/v2\/posts\/24380","targetHints":{"allow":["GET"]}}],"collection":[{"href":"https:\/\/zonenklaus.de\/wordpress\/index.php?rest_route=\/wp\/v2\/posts"}],"about":[{"href":"https:\/\/zonenklaus.de\/wordpress\/index.php?rest_route=\/wp\/v2\/types\/post"}],"author":[{"embeddable":true,"href":"https:\/\/zonenklaus.de\/wordpress\/index.php?rest_route=\/wp\/v2\/users\/6"}],"replies":[{"embeddable":true,"href":"https:\/\/zonenklaus.de\/wordpress\/index.php?rest_route=%2Fwp%2Fv2%2Fcomments&post=24380"}],"version-history":[{"count":3,"href":"https:\/\/zonenklaus.de\/wordpress\/index.php?rest_route=\/wp\/v2\/posts\/24380\/revisions"}],"predecessor-version":[{"id":24383,"href":"https:\/\/zonenklaus.de\/wordpress\/index.php?rest_route=\/wp\/v2\/posts\/24380\/revisions\/24383"}],"wp:attachment":[{"href":"https:\/\/zonenklaus.de\/wordpress\/index.php?rest_route=%2Fwp%2Fv2%2Fmedia&parent=24380"}],"wp:term":[{"taxonomy":"category","embeddable":true,"href":"https:\/\/zonenklaus.de\/wordpress\/index.php?rest_route=%2Fwp%2Fv2%2Fcategories&post=24380"},{"taxonomy":"post_tag","embeddable":true,"href":"https:\/\/zonenklaus.de\/wordpress\/index.php?rest_route=%2Fwp%2Fv2%2Ftags&post=24380"}],"curies":[{"name":"wp","href":"https:\/\/api.w.org\/{rel}","templated":true}]}}