{"id":24534,"date":"2014-07-29T23:19:38","date_gmt":"2014-07-29T22:19:38","guid":{"rendered":"http:\/\/zonenklaus.de\/wordpress\/?p=24534"},"modified":"2014-07-30T08:28:21","modified_gmt":"2014-07-30T07:28:21","slug":"topographie-des-terros-ausstellung-zu-wrschauer-aufstand-in-berlin-zu-sehen","status":"publish","type":"post","link":"https:\/\/zonenklaus.de\/wordpress\/?p=24534","title":{"rendered":"Topographie des Terros &#8211; Ausstellung zu Warschauer Aufstand in Berlin zu sehen"},"content":{"rendered":"<p>Schon eine schwache K\u00fcr, wenn den Machern jener\u00a0<a href=\"http:\/\/www.rbb-online.de\/kultur\/beitrag\/2014\/07\/ausstellung-zu-warschauer-aufstand-in-berlin.html\">rbb-Bekanntmachung<\/a> noch nicht mal die korrekte Orthographie am Herzen lag.<br \/>\n<a href=\"http:\/\/zonenklaus.de\/wordpress\/wp-content\/uploads\/2014\/07\/108-\u00e4.jpg\"><img loading=\"lazy\" decoding=\"async\" class=\"alignleft size-thumbnail wp-image-24536\" src=\"http:\/\/zonenklaus.de\/wordpress\/wp-content\/uploads\/2014\/07\/108-\u00e4-150x76.jpg\" alt=\"108-\u00e4\" width=\"150\" height=\"76\" srcset=\"https:\/\/zonenklaus.de\/wordpress\/wp-content\/uploads\/2014\/07\/108-\u00e4-150x76.jpg 150w, https:\/\/zonenklaus.de\/wordpress\/wp-content\/uploads\/2014\/07\/108-\u00e4-300x153.jpg 300w, https:\/\/zonenklaus.de\/wordpress\/wp-content\/uploads\/2014\/07\/108-\u00e4-1024x524.jpg 1024w, https:\/\/zonenklaus.de\/wordpress\/wp-content\/uploads\/2014\/07\/108-\u00e4-624x319.jpg 624w\" sizes=\"auto, (max-width: 150px) 100vw, 150px\" \/><\/a><br \/>\nNebenbei, schon das kurze Filmchen empfand ich bereits als recht merkw\u00fcrdig. Mir kam es so vor, dass es letztlich nur f\u00fcr die Selbstdarstellung vom Bupr\u00e4si kreiert wurde, identisch auch in irgendeiner Nachrichtensendung&#8230;<br \/>\nSchrecklich, wenn der Mann anl\u00e4sslich solcher Begebenheiten an die Mikrofone gelassen wird, ich kann nichts daf\u00fcr, in solchen Momenten kommt er mir immer vor wie ein Mustersch\u00fcler in einer Agitpropgruppe. Ist sicher nicht soweit hergeholt, schlie\u00dflich lernt man w\u00e4hrend des Popen-Studiums, sich mit gut dargestellter Betroffenheit anzupreisen.<br \/>\nAm schlimmsten fand ich seinen Auftritt im letzten September in Oradour-sur-Glane, wo man eine medientr\u00e4chtige Geste der Vers\u00f6hnung inszeniert hatte. Dazu schleppten Herr Gauck und der franz\u00f6sischen Pr\u00e4sident auch noch einen recht klapprigen Zeitzeugen mit sich herum, der schien gar nicht mehr so richtig zu kapieren, was mit ihm eigentlich geschah.<br \/>\n<em>Nach fast 70 Jahren war es der erste Besuch eines deutschen Spitzenpolitikers an der Gedenkst\u00e4tte.<\/em> In dem Fall kann aber auch niemand mit der Begr\u00fcndung hausieren gehen: \u201eGut Ding braucht Weile!\u201c<!--more--><br \/>\nManchmal gebietet es die entsprechende Situation, einfach mal daran zu denken, dass Schweigen mehr als Gold bedeutet! Wie so etwas ohne aufgesetzten Pathos vonstattengehen kann, hat Willy Brandt damals in Warschau bewiesen&#8230;<br \/>\nZumindest hat der Redenschreiber in den heutigen Ausf\u00fchrungen mal wieder Jo\u00b4s Lieblingswort einbauen d\u00fcrfen &#8211; F r e i h e i t.<br \/>\nWer sich nur mal halbwegs mit diesen tragischen Geschehnissen des Warschauer Aufstandes besch\u00e4ftigte, der wird mir bestimmt recht geben, dass in dem Zusammenhang jenes Wort lediglich als mieser Weichsp\u00fcler taugt.<br \/>\nPolen, viele Jahrhunderte der Spielball seiner umgebenden Gro\u00dfm\u00e4chte, wurde nach Beendigung des I.Weltkrieges ganz \u00fcbel mitgespielt und auch heute ist kein Ende jener damals uraufgef\u00fchrten Trag\u00f6die abzusehen, lediglich die Handlungsebenen haben sich verschoben.<br \/>\nWas ich den Medien entnehmen konnte, scheint ja alles auf eine m\u00e4chtige Geschichtsklitterung hinauszulaufen, deshalb auch die Wahl des Ausstellungsortes auf dem Gel\u00e4nde der wichtigsten Schaltstellen des nationalsozialistischen Terrors, was garantiert die <strong><em>Nachhaltigkeit<\/em><\/strong> <strong>(<\/strong><em>Entschied mich bewusst f\u00fcr jene Vokabel, will auch mal dem Zeitgeist huldigen. Wobei mir nat\u00fcrlich klar ist, dass ich nun auch in der Schlange der vielen Freier ausharre, die in jeder Lebenslage und zu den unm\u00f6glichen Anl\u00e4ssen dummgeil mit dieser verbalen Abstraktion herumhuren.<\/em><strong>)<\/strong> noch zus\u00e4tzlich unterstreichen soll.<br \/>\nHier folgen einige recht gut recherchierte Hinweise zum Thema des Warschauer Aufstandes, allerdings mit dem Urschleim beginnend!<\/p>\n<p style=\"margin-bottom: 0cm;\"><a href=\"http:\/\/de.wikipedia.org\/wiki\/Erster_Weltkrieg\">Erster Weltkrieg<\/a> &#8211; Bald ist es so weit, wir m\u00fcssen nur noch zweimal pennen, dann ist der 100ste Geburtstag des I. Weltkrieges endlich da, besser gesagt, einer der inflation\u00e4ren Kriegserkl\u00e4rungen gegen das Deutsche Reich u.a.<\/p>\n<p><a href=\"http:\/\/de.wikipedia.org\/wiki\/Curzon-Linie\">Curzon-Linie<\/a><br \/>\n<a href=\"http:\/\/de.academic.ru\/dic.nsf\/dewiki\/1209748\">Russischer B\u00fcrgerkrieg<\/a><br \/>\n<a href=\"http:\/\/de.wikipedia.org\/wiki\/Sowjetische_Besetzung_Ostpolens\">Sowjetische Besetzung Ostpolens<\/a><\/p>\n","protected":false},"excerpt":{"rendered":"<p>Schon eine schwache K\u00fcr, wenn den Machern jener\u00a0rbb-Bekanntmachung noch nicht mal die korrekte Orthographie am Herzen lag. Nebenbei, schon das kurze Filmchen empfand ich bereits als recht merkw\u00fcrdig. Mir kam es so vor, dass es letztlich nur f\u00fcr die Selbstdarstellung vom Bupr\u00e4si kreiert wurde, identisch auch in irgendeiner Nachrichtensendung&#8230; Schrecklich, wenn der Mann anl\u00e4sslich solcher [&hellip;]<\/p>\n","protected":false},"author":6,"featured_media":0,"comment_status":"open","ping_status":"open","sticky":false,"template":"","format":"standard","meta":{"footnotes":""},"categories":[1],"tags":[],"class_list":["post-24534","post","type-post","status-publish","format-standard","hentry","category-allgemeines"],"_links":{"self":[{"href":"https:\/\/zonenklaus.de\/wordpress\/index.php?rest_route=\/wp\/v2\/posts\/24534","targetHints":{"allow":["GET"]}}],"collection":[{"href":"https:\/\/zonenklaus.de\/wordpress\/index.php?rest_route=\/wp\/v2\/posts"}],"about":[{"href":"https:\/\/zonenklaus.de\/wordpress\/index.php?rest_route=\/wp\/v2\/types\/post"}],"author":[{"embeddable":true,"href":"https:\/\/zonenklaus.de\/wordpress\/index.php?rest_route=\/wp\/v2\/users\/6"}],"replies":[{"embeddable":true,"href":"https:\/\/zonenklaus.de\/wordpress\/index.php?rest_route=%2Fwp%2Fv2%2Fcomments&post=24534"}],"version-history":[{"count":8,"href":"https:\/\/zonenklaus.de\/wordpress\/index.php?rest_route=\/wp\/v2\/posts\/24534\/revisions"}],"predecessor-version":[{"id":24544,"href":"https:\/\/zonenklaus.de\/wordpress\/index.php?rest_route=\/wp\/v2\/posts\/24534\/revisions\/24544"}],"wp:attachment":[{"href":"https:\/\/zonenklaus.de\/wordpress\/index.php?rest_route=%2Fwp%2Fv2%2Fmedia&parent=24534"}],"wp:term":[{"taxonomy":"category","embeddable":true,"href":"https:\/\/zonenklaus.de\/wordpress\/index.php?rest_route=%2Fwp%2Fv2%2Fcategories&post=24534"},{"taxonomy":"post_tag","embeddable":true,"href":"https:\/\/zonenklaus.de\/wordpress\/index.php?rest_route=%2Fwp%2Fv2%2Ftags&post=24534"}],"curies":[{"name":"wp","href":"https:\/\/api.w.org\/{rel}","templated":true}]}}