{"id":24904,"date":"2014-09-26T22:01:11","date_gmt":"2014-09-26T21:01:11","guid":{"rendered":"http:\/\/zonenklaus.de\/wordpress\/?p=24904"},"modified":"2014-10-11T14:01:04","modified_gmt":"2014-10-11T13:01:04","slug":"kampf-gegen-is-droht-den-usa-ein-erneutes-vietnam","status":"publish","type":"post","link":"https:\/\/zonenklaus.de\/wordpress\/?p=24904","title":{"rendered":"Kampf gegen IS: Droht den USA ein erneutes Vietnam?"},"content":{"rendered":"<p style=\"margin-bottom: 0cm;\">Was soll diese\u00a0<a href=\"http:\/\/www.gmx.net\/magazine\/politik\/drohen-usa-erneutes-vietnam-30099662\">d\u00e4mliche Frage<\/a> \u00fcberhaupt?<\/p>\n<p style=\"margin-bottom: 0cm;\">Da kann ich nur NEIN sagen, es wird nicht passieren!<\/p>\n<p style=\"margin-bottom: 0cm;\">Wie sagte schon der alte Neandertaler &#8211; <i>geteiltes Leid ist halbes Leid<\/i>!<\/p>\n<p style=\"margin-bottom: 0cm;\">Nun sind aber die verantwortlichen Strategen in Amiland richtige Kumpels, weil sie die Verantwortung f\u00fcr ihren Kreuzzug auf ganz viel Schultern verteilt haben, allerdings sind sie auch dort wieder sehr ungerecht vorgegangen! Auf der einen Seite wird uns klargemacht, dass die Fans der Todesg\u00f6ttin Isis, t\u00e4glich mit Erd\u00f6l so runde 2 Millionen EURONEN verdienen. Wie soll das geschehen, wenn sie den Stoff lediglich mit Tanklastern und Kamelkarawanen zu den <i>Verbrauchern<\/i> transportieren.<\/p>\n<p style=\"margin-bottom: 0cm;\">Nee, nee! Anders wird ein Schuh draus! Man wird den arabischen Kollaborateuren &#8211; den strategischen Saison-Freunden der n\u00e4chsten Monate &#8211; versprochen haben, dass als Belohnung zuerst die Raffinerien ihr Konkurrenz im Irak zerlegt werden und sie anschlie\u00dfend f\u00fcr den entsprechenden Ersatz sorgen m\u00fcssen. Wenn jene irrgl\u00e4ubigen Mohren ihre Schuldigkeit getan haben, bleiben \u00fcblicherweise nur die Tritte in deren verl\u00e4ngerte R\u00fccken \u00fcbrig.<\/p>\n<p style=\"margin-bottom: 0cm;\">Bis dahin wird mit Russland alles, wie gehabt, in den entsprechenden Bahnen laufen, quatsch! Nat\u00fcrlich meine ich das schwarze Gold, was dann wieder durch die alten Pipelines rauscht. Bis es soweit ist, wird nun erst mal mit internationalen Schulterschluss abgebunst. Wo k\u00f6nnen denn sonst die Bomberstaffeln ohne R\u00fccksicht auf kleinliche \u00d6ko\u00a7\u00a7 auf Tod und Verderben optimales Killen aus der Luft \u00fcben und dies genau vor der Haust\u00fcr des hochgelobten Europas?<\/p>\n<p style=\"margin-bottom: 0cm;\">Nebenher die \u00fcberlagerten Best\u00e4nde entsorgen, um Platz f\u00fcr wesentlich pervertiertere Bomben und Raketen aus brandneuer Produktion schaffen? Da l\u00e4sst sich heute schon ausrechnen, zu welchem Zeitpunkt der n\u00e4chste Konflikt anstehen muss, wegen der dann anstehenden Entsorgung&#8230;<!--more--><\/p>\n<p style=\"margin-bottom: 0cm;\">Zwischendurch m\u00f6chte ich hier auf etwas hinweisen &#8211; die folgende Idee einer Kosten\/Nutzenrechnung bietet sich sogar f\u00fcr alle m\u00f6glichen Unterrichtsf\u00e4cher in Realschulen an.<\/p>\n<p style=\"margin-bottom: 0cm;\">In k\u00fcrzester Zeit wird die IS atomisiert sein, allerdings nicht durch den wiederholten Versuch, alle in die Steinzeit zur\u00fcck zu bomben, sondern weil sie sich verkr\u00fcmeln werden und ihre Auseinandersetzungen an ganz exponierten Stellen weiterf\u00fchren werden, solo und ganz unauff\u00e4llig. Bereits vor Jahren warnte nicht nur Peter Scholl Latour davor, solche fanatischen Leute lediglich als hirnrissige Flachzangen abzutun. Im dauerhaft\/orgiastischem \u00dcberschwang von Arroganz der Macht und kohlem\u00e4\u00dfiger Pr\u00e4potenz, werden in jene Richtung noch nicht mal ansatzm\u00e4\u00dfig irgendwelche Gedanken verschwendet. Da w\u00fcrde noch nicht mal der neuerliche Versuch einer <i>Notlandung<\/i> im <span style=\"font-style: normal;\">Elizabeth Tower<\/span> oder dem Eiffelturm etwas \u00e4ndern&#8230;<\/p>\n<p style=\"margin-bottom: 0cm;\">Vor anderthalb Wochen wurde mir bei einer Kleinigkeit mal wieder vorgef\u00fchrt, wie abh\u00e4ngig wir von simplen Selbstverst\u00e4ndlichkeiten sind und mich \u00fcber die dazugeh\u00f6rige Hilflosigkeit der betroffenen Plebse am\u00fcsieren.<\/p>\n<p style=\"margin-bottom: 0cm;\">Zur Erkl\u00e4rung muss ich etwas weiter ausholen und zwei Sachverhalte thematisieren. Das eine w\u00e4re lediglich die Erw\u00e4hnung der Abh\u00e4ngigkeit von Stark\/Schwachstromelektrik und der damit verbundenen Elektronik, beide physikalischen Sachverhalte greifen bis zum Abwinken in die finstersten Tiefen UNSERES t\u00e4glichen Lebens ein.<\/p>\n<p style=\"margin-bottom: 0cm;\">Zuf\u00e4lligerweise war ich zweimal der <i>Nutznie\u00dfer<\/i> von sog. Kabelbr\u00e4nden. Zum Zeitpunkt des entstandenen Chaos\u00b4 wurde man vom kaum vorhandenen S-Bahnpersonal in totaler Unkenntnis gelassen und wie eine dusselige G\u00f6re abqualifiziert. Dem Himmels ward Dank, in beiden F\u00e4llen hatte ich meinen Drahtesel anbei.<\/p>\n<p style=\"margin-bottom: 0cm;\">Mit solch winz Kn\u00e4ckerchen lassen sich bereits gro\u00dfe Teile des Nahverkehrs platt machen, jeder kann ab jetzt weiterspinnen, wo alles enden k\u00f6nnte&#8230;<\/p>\n<p style=\"margin-bottom: 0cm;\">Woraus zu folgern ist, zum Lahmlegen gewisser Infrastrukturen bedarf es keine Geschosse in Millionenh\u00f6he, daf\u00fcr gen\u00fcgen <i>\u00d6kologische Grillkohleanz\u00fcnder \/ St\u00fcckzahl: 100 St\u00fcck \/ auf Basis Holz und Wachs \/ 4,50\u20ac &#8211; 5,78\u20ac (Grundpreis: ab 0,04 \u20ac\/St\u00fcck) &#8211; Preise vergleichen! <\/i><\/p>\n<p style=\"margin-bottom: 0cm; font-style: normal;\">Nun zum anderen Umstand!<\/p>\n<p style=\"margin-bottom: 0cm; font-style: normal;\">Dazu fallen mir Ziffern ein, die \u00e4hnlich des DAX-Kurses t\u00e4glich variieren, in der Regel nach oben steigen und nicht von der Frankfurter B\u00f6rse bekanntgegeben werden, sondern vom BKA. So und soviel ISIS-Schergen sind wieder in der Republik aufgetaucht, auf der anderen Seite werden ewig Mengen von Leuten beziffert, die den <i>Internationalen Brigaden <\/i>auf dem Boden des Iraks beitreten wollen.<\/p>\n<p style=\"margin-bottom: 0cm; font-style: normal;\">Wie entstehen \u00fcberhaupt solche Zahlen?<\/p>\n<p style=\"margin-bottom: 0cm;\"><span style=\"font-style: normal;\">Scheinbar weisen lediglich bestimmte Bartformen, kleine runde <\/span><i>M\u00fctzken<\/i><span style=\"font-style: normal;\"> und Kopft\u00fccher auf potentielle <\/span><em>Dschihadisten<\/em> hin.<\/p>\n<p style=\"margin-bottom: 0cm;\">Jene Kennzeichen werden demn\u00e4chst der Vergangenheit angeh\u00f6ren, \u00e4hnlich der ge\u00e4nderten Kleidung und Haartracht von Hardcore-Rechten, so mancher kommt jetzt als Dressman daher.<\/p>\n<p style=\"margin-bottom: 0cm;\">Ein ISIS-man wird dann im etwas besseren Zwirn von <strong>C<\/strong>harm &amp; <strong>A<\/strong>nmut umher d\u00fcsen, statt ausgelatschter Treter ist nun <i>Budapester Schuhwerk<\/i> angesagt, vom Bart wird vielleicht eine kleine rechteckige Popelbremse \u00fcberbleiben. Unterm Arm klemmt der Laptop von Apple, allerdings nur die Klapph\u00fclle, drinnen befinden sich<i> Grillkohleanz\u00fcnder \/ St\u00fcckzahl: 42 St\u00fcck \/ \u00f6kologisch \/ geruchlos \/ 4,19 \u20ac &#8211; 13,79 \u20ac (Grundpreis: ab 0,10 \u20ac\/St\u00fcck) <\/i><span style=\"font-style: normal;\">und mehre Fl\u00e4schchen mit hochgiftigen Herbiziden von Boehringer oder Monsanto&#8230;<\/span><\/p>\n<p style=\"margin-bottom: 0cm;\"><span style=\"font-style: normal;\">Will endlich zu der Belanglosigkeit kommen, die soviel Kuddelmuddel ausl\u00f6ste.<\/span><\/p>\n<p style=\"margin-bottom: 0cm;\"><span style=\"font-style: normal;\">Alles begann auf dem S-Bahnhof <\/span><i>Bundesplatz, <\/i><span style=\"font-style: normal;\">kurz nach High Noon, ich wollte nach Potsdam und auf den Anzeigetafel stand schon l\u00e4ngere Zeit der folgende Text: <strong><a href=\"https:\/\/www.flickr.com\/photos\/zonenklaus\/15265751482\/\">&#8230;&#8230;<\/a><\/strong><br \/>\n<\/span><\/p>\n<p style=\"margin-bottom: 0cm;\"><span style=\"font-style: normal;\">Aus irgendwelchen Gr\u00fcnden fand in \u00f6stliche Richtung Pendelverkehr statt, aus der gerade ein Zug einfuhr und an dessen oberen Anzeigefenster <\/span><i>Westend<\/i><span style=\"font-style: normal;\"> stand. <\/span><\/p>\n<p style=\"margin-bottom: 0cm;\"><span style=\"font-style: normal;\">In dem Moment fuhr aber am anderen Gleis f\u00fcr mich der Zug ein &#8211; Ringbahn \u00fcber <\/span><i>Westend<\/i><span style=\"font-style: normal;\">, gleichzeitig erfolgte die Aufforderung zum Einstieg in Richtung <\/span><i>Sch\u00f6nefeld<\/i><span style=\"font-style: normal;\">. Irritierte Massen verteilten sich auf beide Z\u00fcge, fast gleichzeitig d\u00fcsten die Waggons in entgegengesetzte Richtungen davon. An der n\u00e4chsten Station dr\u00e4ngte sofort der falsch gefahrene Pulk nach au\u00dfen. Bahnhof <\/span><i>Westend<\/i><span style=\"font-style: normal;\"> glich einem Ameisenhaufen mit recht aggressivem Durcheinander, und kein uniformierte Knecht zusehen. Mich interessierte das ganze Get\u00fcmmel nicht so richtig, hatte aber Probleme mich nach unten durchzuk\u00e4mpfen und fast jede Arschgeigen bet\u00e4tigte sich als Verbalwixer und schrie in seine Kommunikationsprothese&#8230;<\/span><\/p>\n<p style=\"margin-bottom: 0cm;\"><span style=\"font-style: normal;\">Endlich unten angekommen, dort befinden sich mehrere Plattformen und da war noch mehr Chaos, weil viele nicht wussten in welche Richtung sie einsteigen sollten. Hinzu kam jetzt, wenn oben Zugbewegungen stattfanden, war hier nichts mehr zu verstehen, auch schien die Zugfolge durcheinander gekommen zu sein. An jenem hei\u00dfen Sp\u00e4tsommertag war halb Berlin auf Achse, pl\u00f6tzlich verstopften Massen an Velofahrer den ganzen Bahnsteig und viele wussten nicht, in welche Richtung es weiterging. Gut, ich bin mit den dortigen Gegebenheiten leidlich vertraut, au\u00dferdem konnte man nach einem Blick zu Uhr und dem entsprechenden Sonnenstand erkennen, wo man einsteigen musste &#8211; Lief dort ein bl\u00f6des Pack herum und veranstalteten die einen Krach wegen jener Belanglosigkeit! <\/span><\/p>\n<p style=\"margin-bottom: 0cm;\"><span style=\"font-style: normal;\">Da mich nichts trieb ging\u00b4s erst mal ans Ende des Bahnsteiges, lie\u00df einen Zug aus und stieg dann in den letzten Waggon, da die wartenden Massen scheinbar nicht abnahmen. <\/span><\/p>\n<p style=\"margin-bottom: 0cm;\"><span style=\"font-style: normal;\">Bis Potsdam und auf der R\u00fcckfahrt gab ich Obacht, \u00fcberall befanden sich zwar elektronische Anzeigetafeln, aber nicht ein nostalgisches Hinweisschild, wo man auf dem Bahnsteig den Endbahnhof der entsprechenden Linie erkennen konnte&#8230; <\/span><\/p>\n<p style=\"margin-bottom: 0cm;\"><span style=\"font-style: normal;\">Aber \u00fcberall stehen diese potth\u00e4sslichen Reklameschr\u00e4nke des hiesigen Stadtm\u00f6belschnitzers herum. Hat er damit vielleicht UNSEREN Oberdorfschulzen erpresst, <\/span><i>als er damals nach Hamburg gehen wollte. <\/i><span style=\"font-style: normal;\">Es ist einfach zum Kotzen, wie solche vermeintlichen Kulturbolschewisten die Umwelt verschandeln. Zwei Bahnh\u00f6fe muss ich in dem Zusammenhang noch erw\u00e4hnen, den\u00a0<\/span><a href=\"https:\/\/www.flickr.com\/photos\/zonenklaus\/15040996997\/\">Hohenzollerndamm<\/a><span style=\"font-style: normal;\"> und <\/span><i>S\u00fcdstern<\/i><span style=\"font-style: normal;\">!<\/span><\/p>\n<p style=\"margin-bottom: 0cm;\"><span style=\"font-style: normal;\">Beide wieder ansehnlich hergerichtet und auf den Bahnsteigen zerst\u00f6ren diese potth\u00e4sslichen Leuchteile das gesamte Ambiente. Beim\u00a0<a href=\"https:\/\/www.flickr.com\/photos\/zonenklaus\/15105567608\/\">S\u00fcdstern<\/a> kam mir noch die Frage auf, wer wohl die gr\u00f6\u00dfere Flachzange bei der Gestaltung des U-Bahnhofes war, die Jungs mit ihrem Graffito oder der Stadtm\u00f6belschnitzer? <\/span><i> <\/i><\/p>\n<p style=\"margin-bottom: 0cm;\">Gesamtverluste: 2\u20134 Mio. Vietnamesen, davon 1.3 Mio. Soldaten; 63.500 Soldaten anderer Staaten.<\/p>\n<p style=\"margin-bottom: 0cm;\">Von 1964 bis 1970 war er Pr\u00e4sident des Deutschen Evangelischen Kirchentags<\/p>\n<p style=\"margin-bottom: 0cm;\">Gesamtverluste: 2\u20134 Mio. Vietnamesen, davon 1.3 Mio. Soldaten; 63.500 Soldaten anderer Staaten.<\/p>\n<p style=\"margin-bottom: 0cm;\">2 Schachteln \u00e0 64 Grill- und Kaminanz\u00fcnder aus Naturholz mit Wachs (128 Anz\u00fcnder) KM Firemaker<\/p>\n<p style=\"margin-bottom: 0cm;\">EUR 3,60<\/p>\n<p style=\"margin-bottom: 0cm;\">Weber Anz\u00fcnd\u00adw\u00fcr\u00adfel braun \u00f6ko\u00adlo\u00adgisch (17512)<\/p>\n<p style=\"margin-bottom: 0cm;\">Grillkohleanz\u00fcnder \/ St\u00fcckzahl: 42 St\u00fcck \/ \u00f6kologisch \/ geruchlos \/ 4,19 \u20ac &#8211; 13,79 \u20ac (Grundpreis: ab 0,10 \u20ac\/St\u00fcck)<\/p>\n<p style=\"margin-bottom: 0cm;\">25 Preise vergleichen<\/p>\n<p style=\"margin-bottom: 0cm;\">Weber Anz\u00fcnd\u00adw\u00fcr\u00adfel 24 St\u00fcck (17519)<\/p>\n<p style=\"margin-bottom: 0cm;\">Grillkohleanz\u00fcnder \/ St\u00fcckzahl: 24 St\u00fcck mehr<\/p>\n<p style=\"margin-bottom: 0cm;\">2,19 \u20ac &#8211; 7,15 \u20ac<\/p>\n<p style=\"margin-bottom: 0cm;\">(Grundpreis: ab 0,09 \u20ac\/St\u00fcck)<\/p>\n<p style=\"margin-bottom: 0cm;\">29 Preise vergleichen<\/p>\n<p style=\"margin-bottom: 0cm;\">Flamax \u00d6ko\u00adlo\u00adgi\u00adsche Anz\u00fcn\u00adder 100 W\u00fcrfel Ver\u00adpa\u00adckung im Zylin\u00adder<\/p>\n<p style=\"margin-bottom: 0cm;\">\u00d6kologische Grillkohleanz\u00fcnder \/ St\u00fcckzahl: 100 St\u00fcck \/ auf Basis Holz und Wachs \/ 4,50\u20ac &#8211; 5,78\u20ac<\/p>\n<p style=\"margin-bottom: 0cm;\">(Grundpreis: ab 0,04 \u20ac\/St\u00fcck) &#8211; Preise vergleichen<\/p>\n","protected":false},"excerpt":{"rendered":"<p>Was soll diese\u00a0d\u00e4mliche Frage \u00fcberhaupt? Da kann ich nur NEIN sagen, es wird nicht passieren! Wie sagte schon der alte Neandertaler &#8211; geteiltes Leid ist halbes Leid! Nun sind aber die verantwortlichen Strategen in Amiland richtige Kumpels, weil sie die Verantwortung f\u00fcr ihren Kreuzzug auf ganz viel Schultern verteilt haben, allerdings sind sie auch dort [&hellip;]<\/p>\n","protected":false},"author":6,"featured_media":0,"comment_status":"open","ping_status":"open","sticky":false,"template":"","format":"standard","meta":{"footnotes":""},"categories":[1,37],"tags":[],"class_list":["post-24904","post","type-post","status-publish","format-standard","hentry","category-allgemeines","category-gmx-war-dabei"],"_links":{"self":[{"href":"https:\/\/zonenklaus.de\/wordpress\/index.php?rest_route=\/wp\/v2\/posts\/24904","targetHints":{"allow":["GET"]}}],"collection":[{"href":"https:\/\/zonenklaus.de\/wordpress\/index.php?rest_route=\/wp\/v2\/posts"}],"about":[{"href":"https:\/\/zonenklaus.de\/wordpress\/index.php?rest_route=\/wp\/v2\/types\/post"}],"author":[{"embeddable":true,"href":"https:\/\/zonenklaus.de\/wordpress\/index.php?rest_route=\/wp\/v2\/users\/6"}],"replies":[{"embeddable":true,"href":"https:\/\/zonenklaus.de\/wordpress\/index.php?rest_route=%2Fwp%2Fv2%2Fcomments&post=24904"}],"version-history":[{"count":4,"href":"https:\/\/zonenklaus.de\/wordpress\/index.php?rest_route=\/wp\/v2\/posts\/24904\/revisions"}],"predecessor-version":[{"id":24960,"href":"https:\/\/zonenklaus.de\/wordpress\/index.php?rest_route=\/wp\/v2\/posts\/24904\/revisions\/24960"}],"wp:attachment":[{"href":"https:\/\/zonenklaus.de\/wordpress\/index.php?rest_route=%2Fwp%2Fv2%2Fmedia&parent=24904"}],"wp:term":[{"taxonomy":"category","embeddable":true,"href":"https:\/\/zonenklaus.de\/wordpress\/index.php?rest_route=%2Fwp%2Fv2%2Fcategories&post=24904"},{"taxonomy":"post_tag","embeddable":true,"href":"https:\/\/zonenklaus.de\/wordpress\/index.php?rest_route=%2Fwp%2Fv2%2Ftags&post=24904"}],"curies":[{"name":"wp","href":"https:\/\/api.w.org\/{rel}","templated":true}]}}