{"id":24926,"date":"2014-10-06T22:11:31","date_gmt":"2014-10-06T21:11:31","guid":{"rendered":"http:\/\/zonenklaus.de\/wordpress\/?p=24926"},"modified":"2014-10-11T13:59:04","modified_gmt":"2014-10-11T12:59:04","slug":"is-kaempfer-hissen-flagge-oestlich-des-stadtrandes-von-kobane","status":"publish","type":"post","link":"https:\/\/zonenklaus.de\/wordpress\/?p=24926","title":{"rendered":"IS-K\u00e4mpfer hissen Flagge \u00f6stlich des Stadtrandes von Kobane"},"content":{"rendered":"<p><a href=\"http:\/\/www.gmx.net\/magazine\/politik\/is-extremisten-erhoehen-druck-kurden-stadt-kobane-30121638\">Nochmal Gl\u00fcck gehabt<\/a>!<br \/>\nAnders w\u00e4re es gewesen, sie wehten auf den vier T\u00fcrmen des Reichstages und zu gleichen Zeit h\u00e4tte der Berliner Oberdorfschulze, ein geb\u00fcrtiger Pal\u00e4stinenser, f\u00fcr die gesamte n\u00e4chst Woche schulfrei gegeben&#8230;<\/p>\n","protected":false},"excerpt":{"rendered":"<p>Nochmal Gl\u00fcck gehabt! Anders w\u00e4re es gewesen, sie wehten auf den vier T\u00fcrmen des Reichstages und zu gleichen Zeit h\u00e4tte der Berliner Oberdorfschulze, ein geb\u00fcrtiger Pal\u00e4stinenser, f\u00fcr die gesamte n\u00e4chst Woche schulfrei gegeben&#8230;<\/p>\n","protected":false},"author":6,"featured_media":0,"comment_status":"open","ping_status":"open","sticky":false,"template":"","format":"standard","meta":{"footnotes":""},"categories":[1,37],"tags":[],"class_list":["post-24926","post","type-post","status-publish","format-standard","hentry","category-allgemeines","category-gmx-war-dabei"],"_links":{"self":[{"href":"https:\/\/zonenklaus.de\/wordpress\/index.php?rest_route=\/wp\/v2\/posts\/24926","targetHints":{"allow":["GET"]}}],"collection":[{"href":"https:\/\/zonenklaus.de\/wordpress\/index.php?rest_route=\/wp\/v2\/posts"}],"about":[{"href":"https:\/\/zonenklaus.de\/wordpress\/index.php?rest_route=\/wp\/v2\/types\/post"}],"author":[{"embeddable":true,"href":"https:\/\/zonenklaus.de\/wordpress\/index.php?rest_route=\/wp\/v2\/users\/6"}],"replies":[{"embeddable":true,"href":"https:\/\/zonenklaus.de\/wordpress\/index.php?rest_route=%2Fwp%2Fv2%2Fcomments&post=24926"}],"version-history":[{"count":2,"href":"https:\/\/zonenklaus.de\/wordpress\/index.php?rest_route=\/wp\/v2\/posts\/24926\/revisions"}],"predecessor-version":[{"id":24959,"href":"https:\/\/zonenklaus.de\/wordpress\/index.php?rest_route=\/wp\/v2\/posts\/24926\/revisions\/24959"}],"wp:attachment":[{"href":"https:\/\/zonenklaus.de\/wordpress\/index.php?rest_route=%2Fwp%2Fv2%2Fmedia&parent=24926"}],"wp:term":[{"taxonomy":"category","embeddable":true,"href":"https:\/\/zonenklaus.de\/wordpress\/index.php?rest_route=%2Fwp%2Fv2%2Fcategories&post=24926"},{"taxonomy":"post_tag","embeddable":true,"href":"https:\/\/zonenklaus.de\/wordpress\/index.php?rest_route=%2Fwp%2Fv2%2Ftags&post=24926"}],"curies":[{"name":"wp","href":"https:\/\/api.w.org\/{rel}","templated":true}]}}