{"id":24928,"date":"2014-10-07T22:27:49","date_gmt":"2014-10-07T21:27:49","guid":{"rendered":"http:\/\/zonenklaus.de\/wordpress\/?p=24928"},"modified":"2014-10-11T13:58:31","modified_gmt":"2014-10-11T12:58:31","slug":"kinder-wie-die-zeit-vergeht","status":"publish","type":"post","link":"https:\/\/zonenklaus.de\/wordpress\/?p=24928","title":{"rendered":"Kinder, wie die Zeit vergeht&#8230;"},"content":{"rendered":"<p style=\"margin-bottom: 0cm;\"><strong>\u00a0&#8211; W<\/strong>enn die Zone, <i>die kein Unrechtsstaat war<\/i>, nicht auf dem M\u00fcllhaufen der Geschichte gelandet w\u00e4re, ab morgen h\u00e4tte sie in den Westen reisen k\u00f6nnen&#8230;<\/p>\n<p style=\"margin-bottom: 0cm;\"><strong>&#8211; O<\/strong>rientiere mich dann weiter an irgendwelchen d\u00f6deligen Texten von GMX, bei deren Qualit\u00e4t ich keinen gro\u00dfen Unterschied zu den Kolumnen von Schupelius, Fried- und Seligmann entdecken kann. Vielleicht liegt es daran, dass jenes Trio sich f\u00fcr das Berliner Schlachtschiff aus dem Hause Springer schafft.<\/p>\n<p style=\"margin-bottom: 0cm;\">Hier nun etwas aus den Annalen von GMX.<\/p>\n<p style=\"margin-bottom: 0cm;\"><b>1.)<\/b> Einen wesentlich h\u00f6heren Geburtstag, den 80sten, h\u00e4tte unter anderen Umst\u00e4nden <a href=\"http:\/\/www.gmx.net\/magazine\/panorama\/80-geburtstag-ulrike-meinhof-mythos-spur-30125584\">Ulrike Meinhof<\/a> heute begehen k\u00f6nnen &#8211; ob man vor 38 Jahren bei ihrem Ableben nachgeholfen hat, steht immer noch in den Sternen&#8230;<\/p>\n<p style=\"margin-bottom: 0cm;\">In den 1960ern engagierte sie sich in der Westdeutschen Studentenbewegung und mutierte sp\u00e4ter zu einer Separatistin, hier\u00a0<a href=\"http:\/\/de.wikipedia.org\/wiki\/Ulrike_Meinhof\">Terroristin<\/a> genannt! Sie war Gr\u00fcndungsmitglied und F\u00fchrungsperson der 1970 gegr\u00fcndeten RAF &#8211; nicht der <b>R<\/b>oyal <b>A<\/b>ir <b>F<\/b>orces! Deren ideologisches Konzept sie ma\u00dfgeblich mitverfasste, keine Kunst, schlie\u00dflich war sie Journalistin. Deshalb hie\u00df es damals auch: <a href=\"https:\/\/www.flickr.com\/photos\/zonenklaus\/15303751227\/\">\u201eMeinhof<\/a>, Ensslin, Baader &#8211; das sind unsere Kader\u201c, in der namentlichen Aufz\u00e4hlung landete das Quotenm\u00e4nnchen auf dem letzten Platz.<\/p>\n<p style=\"margin-bottom: 0cm;\">Irgendwie hat es aber etwas, wenn jemand in j\u00fcngeren Jahren ins Gras bei\u00dft.<\/p>\n<p style=\"margin-bottom: 0cm;\">Nicht auszudenken der Gedanke, dass sie heute vielleicht mit einem Rollator, an dem ein Haufen blaue M\u00fcllt\u00fcten baumeln, durch endlose H\u00e4userschluchten peest und in Papierk\u00f6rben nach Pfandflaschen sucht&#8230;<!--more--><\/p>\n<p style=\"margin-bottom: 0cm;\"><b>2.)<\/b> Der <span style=\"font-weight: normal;\">\u201e<a href=\"http:\/\/www.gmx.net\/magazine\/panorama\/enthuellungen-pistorius-paralympic-star-telefonierte-ex-30117328\">Renomierkr\u00fcppel<\/a>\u201c<\/span> vieler Paralympics macht sich auch immer gut in irgendwelchen merkw\u00fcrdigen Panikmeldungen&#8230;<\/p>\n<p style=\"margin-bottom: 0cm;\"><b>3.)\u00a0<\/b><a href=\"http:\/\/www.gmx.net\/magazine\/gesundheit\/ebola\/ebola-laesst-ebola-stoppen-30122872\">Warum l\u00e4sst sich Ebola nicht stoppen?<\/a><\/p>\n<p style=\"margin-bottom: 0cm;\"><span style=\"font-style: normal;\"><span style=\"font-weight: normal;\">Eins wundert mich in dem Zusammenhang doch sehr, weshalb noch niemand auf die Idee kam und jenen <a href=\"http:\/\/de.wikipedia.org\/wiki\/Ebolavirus\">Virus<\/a>irgendwie mit entfleuchten Flippies aus US-amerikanischen bakteriologischen Labors in Verbindung brachte. Schlie\u00dflich tauchte der Virus zu Hochzeiten des \u201eKalten Krieges\u201c, Mitte der 1970er, gerade in sprichw\u00f6rtlichen Krisengebieten des afrikanischen Kontinents auf, im Kongo und Sudan&#8230;<\/span><\/span><\/p>\n<p style=\"margin-bottom: 0cm;\"><span style=\"font-style: normal;\"><b>4.)\u00a0<\/b><\/span><a href=\"http:\/\/www.gmx.net\/magazine\/panorama\/lehrerinnen-drohen-17-jahre-haft-30119258\">Lehrerinnen drohen 17 Jahre Haft<\/a><\/p>\n<p style=\"margin-bottom: 0cm;\"><span style=\"font-style: normal;\"><span style=\"font-weight: normal;\">Gegen Dummheit ist halt kein Kraut gewachsen! Allerdings kann man dem dusseligen Typen bestimmt nicht die Alleinschuld ankreiden, da er so bl\u00f6de war und \u00fcber seine M\u00e9nage-\u00e0-<\/span><\/span><em><span style=\"font-style: normal;\"><span style=\"font-weight: normal;\">trois<\/span><\/span><\/em><span style=\"font-style: normal;\"><span style=\"font-weight: normal;\"> plapperte. Bei selbigen B\u00fcrschlein haben die Eltern scheinbar g\u00e4nzlich auf die Vermittlung von Sekund\u00e4rtugenden verzichtet, sonst h\u00e4tte gewusst, was es bedeutet, dass <\/span><\/span><i><span style=\"font-weight: normal;\">ein <\/span><\/i><em><i><span style=\"font-weight: normal;\">Gentleman genie\u00dft<\/span><\/i><\/em><i><span style=\"font-weight: normal;\"> und <\/span><\/i><em><i><span style=\"font-weight: normal;\">schweigt!<\/span><\/i><\/em><em><span style=\"font-style: normal;\"><span style=\"font-weight: normal;\"> Schlie\u00dflich ist es in dem Alter unbezahlbar, wenn man in horizontale Gepflogenheiten von wesentlich \u00e4lteren und erfahrenen Trainerinnen eingef\u00fchrt wird. Etwas besseres kann einem in jungen Jahren n\u00e4mlich nicht passieren&#8230;<\/span><\/span><\/em><i><\/i><\/p>\n<p style=\"margin-bottom: 0cm; font-style: normal;\"><b>5.)\u00a0<\/b><a href=\"http:\/\/www.gmx.net\/magazine\/politik\/is-miliz-gefaehrlich-30126164\">Was die IS-Miliz so gef\u00e4hrlich macht<\/a><\/p>\n<p style=\"margin-bottom: 0cm; font-style: normal;\"><span style=\"font-weight: normal;\">Es gibt Publikationen, da wird die Tante &#8211; <\/span><i><span style=\"font-weight: normal;\">politisch vollkommen inkorrekt! &#8211; <\/span><\/i><span style=\"font-weight: normal;\">als Propagandaschmierfink Raniah Salloum bezeichnet&#8230; <\/span><\/p>\n<p style=\"margin-bottom: 0cm; font-style: normal;\"><span style=\"font-weight: normal;\">Was sie in dem Artikel der BILD-Zeitung f\u00fcr Intellektuelle ablie\u00df, k\u00f6nnte aus den Tasten eines der weiter oben genannten <\/span><b>BZ<\/b><span style=\"font-weight: normal;\">-Kollegen stammen. <\/span><\/p>\n<p style=\"margin-bottom: 0cm; font-style: normal;\"><span style=\"font-weight: normal;\">Wenn man meint, ewig mit eines riesigen Medienkeule um sich zudreschen, dann ist es aber ein schwache K\u00fcr, nur oberfl\u00e4chlich diese vertrackte Situation im\u00a0<a href=\"http:\/\/de.wikipedia.org\/wiki\/Morgenland#mediaviewer\/File:Map-World-Middle-East.png\">Orient<\/a> zu streifen und anschlie\u00dfend Plattheiten unter die Plebse zu streuen.<\/span><\/p>\n<p style=\"margin-bottom: 0cm;\"><span style=\"font-style: normal;\"><span style=\"font-weight: normal;\">Mir fiel letzten Donnerstag etwas ein, als der Schweizer Thiel Eulenspiegel in seinem neuen Programm irgendwann Nebukadnezar erw\u00e4hnte. Gut, zum Leben ist es nicht zwingend angesagt, zu wissen, wer jener Typ eigentlich war. In der heutigen Zeit, wo von der immer mehr verbl\u00f6denden jungendlichen <\/span><\/span><em><span style=\"font-weight: normal;\">iPad<\/span><\/em><span style=\"font-weight: normal;\">&#8211;<\/span><i><span style=\"font-weight: normal;\">Generation<\/span><\/i><span style=\"font-style: normal;\"><span style=\"font-weight: normal;\">, lediglich Harry Potter eingezogen wird, kann man nichts in Richtung von etwas weiter entferntem Allgemeinwissen verlangen. Von denen wird mir auch keiner abnehmen, als es noch keine Handys gab, dass sich vor Urzeiten im Morgenland die Wiege der Menschheit befand und in unserer heutigen Gegend die Germanen noch auf B\u00e4umen hausten und Met soffen&#8230;<\/span><\/span><\/p>\n<p style=\"margin-bottom: 0cm;\"><span style=\"font-style: normal;\"><span style=\"font-weight: normal;\">Um es endlich auf den Punkt zu bringen, die nun aufgegangene Saat der ISIS, kommt schlie\u00dflich nicht von ungef\u00e4hr! Besonders in den letzten 150 Jahren wurde gerade besagte Gegend m\u00e4chtig geknechtet besonders nach dem I. Weltkrieg, als nach der Zerschlagung des Osmanischen Reiches, pl\u00f6tzlich alles in franz\u00f6sische und englische Mandatsgebiete umgemodelt wurde. In der Folgezeit trat noch nicht mal ansatzweise etwas wie eine Besserung ein, auch sollte man die perversen Spielchen der Machtbl\u00f6cke im letzten Jahrhundert nicht vergessen! <\/span><\/span><\/p>\n<p style=\"margin-bottom: 0cm;\"><span style=\"font-style: normal;\"><span style=\"font-weight: normal;\">Ganz zu schweigen von der letzten Besatzungszeit im Irak (2003-2011) unter den Amis und Thommys&#8230;<\/span><\/span><\/p>\n<p style=\"margin-bottom: 0cm;\"><span style=\"font-style: normal;\"><b>Fu\u00dfnote: <\/b><\/span><span style=\"font-style: normal;\"><span style=\"font-weight: normal;\"> Etwas von\u00a0<a href=\"http:\/\/www.andreasthiel.ch\/\">Andreas Thiel<\/a> \u00fcber alle m\u00f6glichen Weltanschauungen und den Schlussfolgerungen daraus (<a href=\"http:\/\/zonenklaus.de\/wordpress\/wp-content\/uploads\/2014\/10\/Religion.Thiel_.mp3\">Religionen<\/a>)<br \/>\n<\/span><\/span><\/p>\n","protected":false},"excerpt":{"rendered":"<p>\u00a0&#8211; Wenn die Zone, die kein Unrechtsstaat war, nicht auf dem M\u00fcllhaufen der Geschichte gelandet w\u00e4re, ab morgen h\u00e4tte sie in den Westen reisen k\u00f6nnen&#8230; &#8211; Orientiere mich dann weiter an irgendwelchen d\u00f6deligen Texten von GMX, bei deren Qualit\u00e4t ich keinen gro\u00dfen Unterschied zu den Kolumnen von Schupelius, Fried- und Seligmann entdecken kann. Vielleicht liegt [&hellip;]<\/p>\n","protected":false},"author":6,"featured_media":0,"comment_status":"open","ping_status":"open","sticky":false,"template":"","format":"standard","meta":{"footnotes":""},"categories":[1,37],"tags":[],"class_list":["post-24928","post","type-post","status-publish","format-standard","hentry","category-allgemeines","category-gmx-war-dabei"],"_links":{"self":[{"href":"https:\/\/zonenklaus.de\/wordpress\/index.php?rest_route=\/wp\/v2\/posts\/24928","targetHints":{"allow":["GET"]}}],"collection":[{"href":"https:\/\/zonenklaus.de\/wordpress\/index.php?rest_route=\/wp\/v2\/posts"}],"about":[{"href":"https:\/\/zonenklaus.de\/wordpress\/index.php?rest_route=\/wp\/v2\/types\/post"}],"author":[{"embeddable":true,"href":"https:\/\/zonenklaus.de\/wordpress\/index.php?rest_route=\/wp\/v2\/users\/6"}],"replies":[{"embeddable":true,"href":"https:\/\/zonenklaus.de\/wordpress\/index.php?rest_route=%2Fwp%2Fv2%2Fcomments&post=24928"}],"version-history":[{"count":10,"href":"https:\/\/zonenklaus.de\/wordpress\/index.php?rest_route=\/wp\/v2\/posts\/24928\/revisions"}],"predecessor-version":[{"id":24950,"href":"https:\/\/zonenklaus.de\/wordpress\/index.php?rest_route=\/wp\/v2\/posts\/24928\/revisions\/24950"}],"wp:attachment":[{"href":"https:\/\/zonenklaus.de\/wordpress\/index.php?rest_route=%2Fwp%2Fv2%2Fmedia&parent=24928"}],"wp:term":[{"taxonomy":"category","embeddable":true,"href":"https:\/\/zonenklaus.de\/wordpress\/index.php?rest_route=%2Fwp%2Fv2%2Fcategories&post=24928"},{"taxonomy":"post_tag","embeddable":true,"href":"https:\/\/zonenklaus.de\/wordpress\/index.php?rest_route=%2Fwp%2Fv2%2Ftags&post=24928"}],"curies":[{"name":"wp","href":"https:\/\/api.w.org\/{rel}","templated":true}]}}