{"id":24940,"date":"2014-10-08T22:29:50","date_gmt":"2014-10-08T21:29:50","guid":{"rendered":"http:\/\/zonenklaus.de\/wordpress\/?p=24940"},"modified":"2014-10-11T13:58:12","modified_gmt":"2014-10-11T12:58:12","slug":"erbitterte-kaempfe-gegen-ebola-und-wie-wird-der-krieg-nach-kobane-uebertragen","status":"publish","type":"post","link":"https:\/\/zonenklaus.de\/wordpress\/?p=24940","title":{"rendered":"Erbitterte K\u00e4mpfe gegen Ebola und wie wird der Krieg nach Kobane \u00fcbertragen?"},"content":{"rendered":"<p style=\"margin-bottom: 0cm;\">Von meinen Gro\u00dfeltern erhielt ich als Zwerg ewig irgendwelche Teilchen f\u00fcr das Puzzle der zu erlernenden Sekund\u00e4rtugenden.<\/p>\n<p style=\"margin-bottom: 0cm;\">Ein Br\u00f6sel betraf den Umgang mit unn\u00fctzen Geschw\u00e4tz, wobei \u201eReden nicht immer Silber ist und Schweigen Gold!\u201c<\/p>\n<p style=\"margin-bottom: 0cm;\">Zumindest trifft es in Situationen zu, wenn jemand nichts zusagen hat &#8211; dann soll er gef\u00e4lligst auch sein loses Maul halten!<\/p>\n<p style=\"margin-bottom: 0cm;\">Jene lange vergessene <i>Weisheit<\/i><span style=\"font-style: normal;\"> wurde mir heute Morgen mal wieder bewusst, als ich zum zweiten Fr\u00fchst\u00fcck die Glotze hochfuhr. <\/span><\/p>\n<p style=\"margin-bottom: 0cm;\"><span style=\"font-style: normal;\">Was musste f\u00fcr die verbalen Selbstbesteigung herhalten? <\/span><\/p>\n<p style=\"margin-bottom: 0cm;\"><span style=\"font-style: normal;\">Besser ausgedr\u00fcckt, bei der gerade angesagten Politmasturbation ging es um Kobane, dann wieder zu Ebola&#8230;<\/span><\/p>\n<p style=\"margin-bottom: 0cm;\"><span style=\"font-style: normal;\">Den ganzen Tag lief es so weiter, wobei GMX nat\u00fcrlich kleine Ausnahme t\u00e4tigte &#8211; Ebola, Kobane und umgedreht, wobei man die eigentlichen Schweinereien mit keiner Silbe erw\u00e4hnte, z.B. das Handelsabkommen zwischen EU und dem US-Amiland, was letztlich wesentlich schlimmere Auswirkungen haben wird, da wir es auf viel Jahrzehnte lebend ertragen m\u00fcssen&#8230;<\/span><\/p>\n<p style=\"margin-bottom: 0cm;\"><span style=\"font-style: normal;\"><a href=\"http:\/\/zonenklaus.de\/wordpress\/wp-content\/uploads\/2014\/10\/IMG_9326\u00e4.jpg\"><img loading=\"lazy\" decoding=\"async\" class=\"alignleft size-thumbnail wp-image-24941\" src=\"http:\/\/zonenklaus.de\/wordpress\/wp-content\/uploads\/2014\/10\/IMG_9326\u00e4-150x88.jpg\" alt=\"IMG_9326\u00e4\" width=\"150\" height=\"88\" srcset=\"https:\/\/zonenklaus.de\/wordpress\/wp-content\/uploads\/2014\/10\/IMG_9326\u00e4-150x88.jpg 150w, https:\/\/zonenklaus.de\/wordpress\/wp-content\/uploads\/2014\/10\/IMG_9326\u00e4-300x177.jpg 300w, https:\/\/zonenklaus.de\/wordpress\/wp-content\/uploads\/2014\/10\/IMG_9326\u00e4-1024x607.jpg 1024w, https:\/\/zonenklaus.de\/wordpress\/wp-content\/uploads\/2014\/10\/IMG_9326\u00e4-624x370.jpg 624w, https:\/\/zonenklaus.de\/wordpress\/wp-content\/uploads\/2014\/10\/IMG_9326\u00e4.jpg 1339w\" sizes=\"auto, (max-width: 150px) 100vw, 150px\" \/><\/a><a href=\"http:\/\/zonenklaus.de\/wordpress\/wp-content\/uploads\/2014\/10\/IMG_9328\u00e4.jpg\"><img loading=\"lazy\" decoding=\"async\" class=\"alignleft size-thumbnail wp-image-24942\" src=\"http:\/\/zonenklaus.de\/wordpress\/wp-content\/uploads\/2014\/10\/IMG_9328\u00e4-150x91.jpg\" alt=\"IMG_9328\u00e4\" width=\"150\" height=\"91\" srcset=\"https:\/\/zonenklaus.de\/wordpress\/wp-content\/uploads\/2014\/10\/IMG_9328\u00e4-150x91.jpg 150w, https:\/\/zonenklaus.de\/wordpress\/wp-content\/uploads\/2014\/10\/IMG_9328\u00e4-300x182.jpg 300w, https:\/\/zonenklaus.de\/wordpress\/wp-content\/uploads\/2014\/10\/IMG_9328\u00e4-1024x622.jpg 1024w, https:\/\/zonenklaus.de\/wordpress\/wp-content\/uploads\/2014\/10\/IMG_9328\u00e4-624x379.jpg 624w, https:\/\/zonenklaus.de\/wordpress\/wp-content\/uploads\/2014\/10\/IMG_9328\u00e4.jpg 1218w\" sizes=\"auto, (max-width: 150px) 100vw, 150px\" \/><\/a>Wie lautete die spekulativer Panikfrage bei GMX?<\/span><\/p>\n<p style=\"margin-bottom: 0cm;\"><b><span style=\"font-style: normal;\"><a href=\"http:\/\/www.gmx.net\/magazine\/gesundheit\/ebola\/uebertragungswege-ebola-hinweise-mutation-30127510\">Wie wird Ebola \u00fcbertragen?<\/a><\/span><\/b><\/p>\n<p style=\"margin-bottom: 0cm;\"><span style=\"font-style: normal;\">Als ob es momentan die hiesigen Plebse \u00fcberhaupt interessiert! <\/span><\/p>\n<p style=\"margin-bottom: 0cm;\"><span style=\"font-style: normal;\">Von denen scheint niemand soviel Phantasie zu besitzen, um sich vorzustellen wen von den Bev\u00f6lkerungsteilen &#8211; bei einer anstehenden Pandemie &#8211; die Regierenden eigentlich als \u00fcberlebenswert einstufen werden, wie man jene Auserw\u00e4hlten dann medikament\u00f6s versorgt und wie dies alles vonstatten gehen soll.<\/span><\/p>\n<p style=\"margin-bottom: 0cm;\"><span style=\"font-style: normal;\">Zum Ebola-Artikel frage ich mich, handelt es sich bei den Schreiberlingen um Witzbolde oder k\u00f6nnen die vor lauter pfeifen im Wald nichts vern\u00fcnftiges zusammen schmieren?<\/span><\/p>\n<p style=\"margin-bottom: 0cm;\"><span style=\"font-style: normal;\">Lediglich wegen der Quoten wird scheinbar solch Mist verzapft. <\/span><!--more--><\/p>\n<p style=\"margin-bottom: 0cm;\"><span style=\"font-style: normal;\">&#8230;<\/span><i>Genf (dpa) &#8211; Blut, F\u00e4kalien und Erbrochenes von Erkrankten sind die Hauptinfektionsquellen f\u00fcr Ebola. Dass sich das Virus \u00fcber die Luft ausbreiten k\u00f6nnte, ist laut Weltgesundheitsorganisation reine Spekulation. Wichtige Fragen und Antworten zum Thema.<\/i><\/p>\n<p style=\"margin-bottom: 0cm;\"><span style=\"font-style: normal;\">Ganz bestimmt breitet sich der Virus auch in der Luft aus, schlie\u00dflich besitzt er Fl\u00fcgel, wie aus gut unterrichteten Kreisen verlautet! <\/span><\/p>\n<p style=\"margin-bottom: 0cm;\"><span style=\"font-style: normal;\">Auf der anderen Seite wurde bisher die M\u00f6glichkeit einer Verbreitung durch Schmierinfektion, vollkommen au\u00dfer acht gelassen, ebenso jegliche Streuung durch Dr\u00fcsensekrete&#8230;<\/span><\/p>\n<p style=\"margin-bottom: 0cm;\"><b><span style=\"font-style: normal;\">Ganz wichtig erscheinen mir zu den <\/span><i>Spekulationen<\/i><span style=\"font-style: normal;\"> die elementaren <\/span><i>Fragen<\/i><span style=\"font-style: normal;\"> und noch viel wichtigeren <\/span><i>Antworten<\/i><span style=\"font-style: normal;\"> zum Thema, daf\u00fcr zaubert Professor Dr. Schweinchen Schlau f\u00fcr GMX alle Begr\u00fcndungen aus seinen \u00c4rmeln<\/span><\/b><\/p>\n<p style=\"margin-bottom: 0cm; font-weight: normal;\"><span style=\"font-style: normal;\">Zum \u00fcberraschenden Ableben der Krankenschwester und der Hilflosigkeit daf\u00fcr eine plausible Erkl\u00e4rung zu finden, f\u00e4llt mir folgender Sachverhalt ein. <\/span><\/p>\n<p style=\"margin-bottom: 0cm;\"><span style=\"font-style: normal;\"><span style=\"font-weight: normal;\">Kann es nicht sein, dass es sich dabei um eine Art Bobbeleg-Effekt handelte und wiedermal ein ganz besonderes <\/span><\/span>T\u00eate-\u00e0-T\u00eate in der Besenkammer stattfand, wobei die medizinische Fachkraft dem Patienten einen schnatterte und dabei auf die obligatorische L\u00fcmmelt\u00fcte verzichtet&#8230;<\/p>\n<p style=\"margin-bottom: 0cm;\">\n","protected":false},"excerpt":{"rendered":"<p>Von meinen Gro\u00dfeltern erhielt ich als Zwerg ewig irgendwelche Teilchen f\u00fcr das Puzzle der zu erlernenden Sekund\u00e4rtugenden. Ein Br\u00f6sel betraf den Umgang mit unn\u00fctzen Geschw\u00e4tz, wobei \u201eReden nicht immer Silber ist und Schweigen Gold!\u201c Zumindest trifft es in Situationen zu, wenn jemand nichts zusagen hat &#8211; dann soll er gef\u00e4lligst auch sein loses Maul halten! [&hellip;]<\/p>\n","protected":false},"author":6,"featured_media":0,"comment_status":"open","ping_status":"open","sticky":false,"template":"","format":"standard","meta":{"footnotes":""},"categories":[1,37],"tags":[],"class_list":["post-24940","post","type-post","status-publish","format-standard","hentry","category-allgemeines","category-gmx-war-dabei"],"_links":{"self":[{"href":"https:\/\/zonenklaus.de\/wordpress\/index.php?rest_route=\/wp\/v2\/posts\/24940","targetHints":{"allow":["GET"]}}],"collection":[{"href":"https:\/\/zonenklaus.de\/wordpress\/index.php?rest_route=\/wp\/v2\/posts"}],"about":[{"href":"https:\/\/zonenklaus.de\/wordpress\/index.php?rest_route=\/wp\/v2\/types\/post"}],"author":[{"embeddable":true,"href":"https:\/\/zonenklaus.de\/wordpress\/index.php?rest_route=\/wp\/v2\/users\/6"}],"replies":[{"embeddable":true,"href":"https:\/\/zonenklaus.de\/wordpress\/index.php?rest_route=%2Fwp%2Fv2%2Fcomments&post=24940"}],"version-history":[{"count":2,"href":"https:\/\/zonenklaus.de\/wordpress\/index.php?rest_route=\/wp\/v2\/posts\/24940\/revisions"}],"predecessor-version":[{"id":24944,"href":"https:\/\/zonenklaus.de\/wordpress\/index.php?rest_route=\/wp\/v2\/posts\/24940\/revisions\/24944"}],"wp:attachment":[{"href":"https:\/\/zonenklaus.de\/wordpress\/index.php?rest_route=%2Fwp%2Fv2%2Fmedia&parent=24940"}],"wp:term":[{"taxonomy":"category","embeddable":true,"href":"https:\/\/zonenklaus.de\/wordpress\/index.php?rest_route=%2Fwp%2Fv2%2Fcategories&post=24940"},{"taxonomy":"post_tag","embeddable":true,"href":"https:\/\/zonenklaus.de\/wordpress\/index.php?rest_route=%2Fwp%2Fv2%2Ftags&post=24940"}],"curies":[{"name":"wp","href":"https:\/\/api.w.org\/{rel}","templated":true}]}}