{"id":24946,"date":"2014-10-09T23:16:50","date_gmt":"2014-10-09T22:16:50","guid":{"rendered":"http:\/\/zonenklaus.de\/wordpress\/?p=24946"},"modified":"2014-10-11T13:57:45","modified_gmt":"2014-10-11T12:57:45","slug":"ganz-nah-dran-und-doch-hilflos","status":"publish","type":"post","link":"https:\/\/zonenklaus.de\/wordpress\/?p=24946","title":{"rendered":"Ganz nah dran &#8211; und doch hilflos"},"content":{"rendered":"<p style=\"margin-bottom: 0cm;\"><span style=\"font-style: normal;\">Kurdische Fl\u00fcchtlinge beobachten, wie Kobane zerst\u00f6rt wird<\/span><\/p>\n<p style=\"margin-bottom: 0cm;\"><span style=\"font-style: normal;\">Ist es nicht genug, wie sich der Rest UNSERER Welt zu jener vertrackten Situation dort unten verh\u00e4lt? <\/span><\/p>\n<p style=\"margin-bottom: 0cm;\"><span style=\"font-style: normal;\">Um alles am K\u00f6cheln zu halten tun die Medien ihren ganz wichtigen Teil dazu und liefern die irrwitzigsten Bilder und Kommentare&#8230;<\/span><\/p>\n<p style=\"margin-bottom: 0cm;\"><span style=\"font-style: normal;\">Was sollen mir nun\u00a0<a href=\"http:\/\/www.gmx.net\/magazine\/politik\/kobane\/nah-dran-hilflos-30129724\">Bilder und Texte<\/a> sagen? <\/span><\/p>\n<p style=\"margin-bottom: 0cm;\"><span style=\"font-style: normal;\">Handelt es sich dabei etwa um eine Art K\u00f6der f\u00fcr die neue Spezies der Polit-<a href=\"https:\/\/www.youtube.com\/watch?v=wnyIopW3290\">Gaffer<\/a>, f\u00fcr s\u00e4mtliche Leute, denen es nicht verg\u00f6nnt ist, alles live einzuziehen?<\/span><\/p>\n<p style=\"margin-bottom: 0cm;\"><span style=\"font-style: normal;\">Ob wirklich jedwede abgelichteten Leute scharf drauf sind um sich endlich in einem aussichtslosen kriegerischen Unterfangen abknallen zulassen, stellvertretend f\u00fcr ebendiese Scharfmacher aus den <em>christlichen<\/em> Abendl\u00e4ndereien, die zwar Jahrzehnte z\u00fcndelten, aber nun, wo viele Feuer an der Schwelle des <\/span><i>demokratischen<\/i><span style=\"font-style: normal;\"> Europas lodern, zwingend Leute ben\u00f6tigen zum Bergen der hei\u00dfen Kartoffeln aus den vielen, von ihnen verschuldeten Br\u00e4nden? <\/span><\/p>\n<p style=\"margin-bottom: 0cm;\"><span style=\"font-style: normal;\">Sollen selbige Bilchen etwa in mir Betroffenheit aufflackern lassen?<\/span><\/p>\n<p style=\"margin-bottom: 0cm;\"><span style=\"font-style: normal;\">Den Luxus leiste ich mir bereits seit den Tagen der s\/w Bilder von Vietnam nicht mehr&#8230;<\/span><\/p>\n<p style=\"margin-bottom: 0cm;\"><span style=\"font-style: normal;\">Allerdings hat sich in den letzten Jahren parallel dazu, aus meinem ehemals bei\u00dfenden Spott zu politischen Sachverhalten, ein fast grenzenloser Zynismus entwickelt.<\/span><\/p>\n<p style=\"margin-bottom: 0cm;\"><span style=\"font-style: normal;\">Liegt vielleicht auch daran, dass ich mir niemals eine Betroffenheitslarve zugelegt habe&#8230;<\/span><\/p>\n<p style=\"margin-bottom: 0cm;\"><span style=\"font-style: normal;\">Nat\u00fcrlich startete auch ich die Bildergalerie und keine Gef\u00fchlsregung kam auf!<\/span><\/p>\n<p style=\"margin-bottom: 0cm;\"><span style=\"font-style: normal;\">Noch nicht mal, als der Versuch scheiterte alles positiv zu betrachten. <\/span><\/p>\n<p style=\"margin-bottom: 0cm;\"><span style=\"font-style: normal;\">Nicht mal anflugweise kam es zu Neidanwandlungen auf die dortigen Jungs, die alles noch viel besser als in Glotzen-Scheff-Super-HDTV-Qualit\u00e4t nebst optimalem Surround-Sound ohne Overdubbing einziehen k\u00f6nnen und dies sogar im 3D-Format!<\/span><\/p>\n<p style=\"margin-bottom: 0cm;\"><span style=\"font-style: normal;\">Was lediglich die Kleinigkeit voraussetzt, dass die Rezipienten weder kurzsichtig, gar blind oder taub sind.<\/span><\/p>\n<p style=\"margin-bottom: 0cm;\"><span style=\"font-style: normal;\">Hinzu kommt eine weitere Variante, die sich bisher weder in Fernsehprogrammen noch an Spielkonsolen durchsetzen konnte &#8211; die zwangsl\u00e4ufige Aktivierung zweier weiterer Sinnesorgane, die der Geruchs- und Geschmacksempfindungen. <\/span><\/p>\n<p style=\"margin-bottom: 0cm;\"><span style=\"font-style: normal;\">Will es hiermit bewenden lassen und nicht \u00fcbertreiben!<\/span><\/p>\n<p style=\"margin-bottom: 0cm;\"><span style=\"font-style: normal;\">Was mir aber bei den h\u00fcbschen Ablichtungen sofort auffiel, es handelt sich um total \u00fcbermackerte Runden, noch nicht mal ein Quotenweibchen war zusehen!<\/span><\/p>\n<p style=\"margin-bottom: 0cm;\"><span style=\"font-style: normal;\">Wo befand sich eigentlich die Chlorophyllmaxistin Claudia R.? <\/span><\/p>\n","protected":false},"excerpt":{"rendered":"<p>Kurdische Fl\u00fcchtlinge beobachten, wie Kobane zerst\u00f6rt wird Ist es nicht genug, wie sich der Rest UNSERER Welt zu jener vertrackten Situation dort unten verh\u00e4lt? Um alles am K\u00f6cheln zu halten tun die Medien ihren ganz wichtigen Teil dazu und liefern die irrwitzigsten Bilder und Kommentare&#8230; Was sollen mir nun\u00a0Bilder und Texte sagen? Handelt es sich [&hellip;]<\/p>\n","protected":false},"author":6,"featured_media":0,"comment_status":"open","ping_status":"open","sticky":false,"template":"","format":"standard","meta":{"footnotes":""},"categories":[1,37],"tags":[],"class_list":["post-24946","post","type-post","status-publish","format-standard","hentry","category-allgemeines","category-gmx-war-dabei"],"_links":{"self":[{"href":"https:\/\/zonenklaus.de\/wordpress\/index.php?rest_route=\/wp\/v2\/posts\/24946","targetHints":{"allow":["GET"]}}],"collection":[{"href":"https:\/\/zonenklaus.de\/wordpress\/index.php?rest_route=\/wp\/v2\/posts"}],"about":[{"href":"https:\/\/zonenklaus.de\/wordpress\/index.php?rest_route=\/wp\/v2\/types\/post"}],"author":[{"embeddable":true,"href":"https:\/\/zonenklaus.de\/wordpress\/index.php?rest_route=\/wp\/v2\/users\/6"}],"replies":[{"embeddable":true,"href":"https:\/\/zonenklaus.de\/wordpress\/index.php?rest_route=%2Fwp%2Fv2%2Fcomments&post=24946"}],"version-history":[{"count":6,"href":"https:\/\/zonenklaus.de\/wordpress\/index.php?rest_route=\/wp\/v2\/posts\/24946\/revisions"}],"predecessor-version":[{"id":24953,"href":"https:\/\/zonenklaus.de\/wordpress\/index.php?rest_route=\/wp\/v2\/posts\/24946\/revisions\/24953"}],"wp:attachment":[{"href":"https:\/\/zonenklaus.de\/wordpress\/index.php?rest_route=%2Fwp%2Fv2%2Fmedia&parent=24946"}],"wp:term":[{"taxonomy":"category","embeddable":true,"href":"https:\/\/zonenklaus.de\/wordpress\/index.php?rest_route=%2Fwp%2Fv2%2Fcategories&post=24946"},{"taxonomy":"post_tag","embeddable":true,"href":"https:\/\/zonenklaus.de\/wordpress\/index.php?rest_route=%2Fwp%2Fv2%2Ftags&post=24946"}],"curies":[{"name":"wp","href":"https:\/\/api.w.org\/{rel}","templated":true}]}}