{"id":24965,"date":"2014-10-12T22:41:47","date_gmt":"2014-10-12T21:41:47","guid":{"rendered":"http:\/\/zonenklaus.de\/wordpress\/?p=24965"},"modified":"2014-10-12T23:57:13","modified_gmt":"2014-10-12T22:57:13","slug":"klein-doofi-mit-plueschohren","status":"publish","type":"post","link":"https:\/\/zonenklaus.de\/wordpress\/?p=24965","title":{"rendered":"Klein Doofi mit Pl\u00fcschohren"},"content":{"rendered":"<p style=\"margin-bottom: 0cm;\">Zu so manchem ungebildeten Kommunisten fiel meiner Gro\u00dfmutter lediglich ein, \u201ewas willst du von dem eigentlich verlangen, der schaut doch schon aus wie \u201eKlein Doofi mit Pl\u00fcschohren\u201c!<\/p>\n<p style=\"margin-bottom: 0cm;\">Ob Oma UNSEREN\u00a0<a href=\"http:\/\/www.google.de\/imgres?imgurl=http%3A%2F%2Fspottspiegel.files.wordpress.com%2F2012%2F02%2Fhermann-groehe.jpg%253Fw%253D384%2526h%253D386&amp;imgrefurl=http%3A%2F%2Fspottspiegel.wordpress.com%2F&amp;h=386&amp;w=384&amp;tbnid=zHnUx4lWZv72FM%3A&amp;zoom=1&amp;docid=s9J-chSfUSaJGM&amp;ei=EgM7VJOMMMLnygPh4YLwDQ&amp;tbm=isch&amp;iact=rc&amp;uact=3&amp;dur=285&amp;page=1&amp;start=0&amp;ndsp=19&amp;ved=0CCIQrQMwAA\">Gesundheitsminister<\/a> auch so klassifiziert h\u00e4tte?<\/p>\n<p style=\"margin-bottom: 0cm;\">Wenn mittlerweile fl\u00e4chendeckend Parven\u00fcs <b>(<\/b><i>Leutchen, die von entsprechenden Institutionen auch noch als neuzeitliche Eliten gehandelt und entsprechend hofiert werden.<\/i><b>)<\/b> in den Leitungsebenen ungestraft \u00fcberall und ewig Notwahrheiten verbreiten d\u00fcrfen, geh\u00f6rt diese augenf\u00e4llige Mentalit\u00e4t in UNSERER Zeit offenkundig schon zum unabdingbaren Handwerkszeug, sowie das <i>Amen <\/i>in der Kirche&#8230;<\/p>\n<p style=\"margin-bottom: 0cm;\">Was dazu f\u00fchrte, dass es verbale Flachwixer aller Lebenslagen, l\u00e4ngst zu geachteten Pers\u00f6nlichkeiten gebracht haben und aus dem \u00f6ffentlichen Leben nicht mehr wegzudenken sind. Hinzu kommt, tagt\u00e4glich erhalten solche <i>Pers\u00f6nlichkeiten<\/i> f\u00fcr ihr hohles Geschwafel rund um die Uhr auch noch die entsprechenden Ritterschl\u00e4ge. Wer es nicht glaubt, sollte mal zu x-beliebiger Zeit die Glotze hochfahren.<\/p>\n<p style=\"margin-bottom: 0cm;\">Es ist zu Piepen, es scheinen noch nicht viel Erdlinge registriert zu haben, dass von den <i>strategischen Entscheidungen<\/i> solcher Flachzangen UNSER \u00dcberleben abh\u00e4ngt!<\/p>\n<p style=\"margin-bottom: 0cm;\">Wegen des Niveau\u00b4s der Nachrichten vom Kanal der Ein\u00e4ugigen, lasse ich mich nur peripher berieseln <b>(<\/b><i>Nicht nur bei dem Sender!<\/i><b>) <\/b>und bin zus\u00e4tzlich multitasking-m\u00e4\u00dfig zugange, in der Regel wird nebenher zumindest noch gelesen.<\/p>\n<p style=\"margin-bottom: 0cm;\">Trotzdem erreicht das dortige Geschnacke meine Lauscher, da ist es sogar noch lustig, was der plappernde\u00a0<a href=\"http:\/\/zonenklaus.de\/wordpress\/wp-content\/uploads\/2014\/10\/01-nachtssichtger\u00e4te.mp3\">Komiker<\/a> ins Mikro stottert. Eventuell sollte man ihm nebenbei mal stecken, dass <i>Nachtsichtger\u00e4te<\/i> f\u00fcr die lichtdurchflutete Tageszeit dann Ferngl\u00e4ser genannt werden&#8230;<\/p>\n<p style=\"margin-bottom: 0cm;\">Br\u00fcllend komisch kam gleich anschlie\u00dfend die\u00a0<a href=\"http:\/\/zonenklaus.de\/wordpress\/wp-content\/uploads\/2014\/10\/02-ebola.mp3\">Einsch\u00e4tzung vom Herrn Gr\u00f6he<\/a> r\u00fcber.<\/p>\n<p style=\"margin-bottom: 0cm;\">Allerdings, wer so dummfrech auf die Ahnungslosigkeit seiner Untertanen baut, der hat auf dem Ministerposten nun \u00fcberhaupt nichts zu suchen!<\/p>\n<p style=\"margin-bottom: 0cm;\">Vielleicht sollte sich dieser Christenmensch doch auf Verkehrsdebatten beschr\u00e4nken!<\/p>\n<p style=\"margin-bottom: 0cm;\">Zumindest hat Gr\u00f6hes\u00a0<a href=\"http:\/\/www.gmx.net\/magazine\/gesundheit\/ebola\/frank-walter-steinmeier-ebola-unterschaetzt-30135880\">Spannemann<\/a> aus der <i>Regierung<\/i> die Ebolageschichte etwas n\u00e4her ans Volk ger\u00fcckt.<\/p>\n<p style=\"margin-bottom: 0cm;\">Abschlie\u00dfen noch eine gelungene <a href=\"http:\/\/www.gmx.net\/magazine\/gesundheit\/ebola\/rasend-verbreiten-viren-weltweit-30136400\">Panikmeldung<\/a>!<\/p>\n<p style=\"margin-bottom: 0cm;\">\n","protected":false},"excerpt":{"rendered":"<p>Zu so manchem ungebildeten Kommunisten fiel meiner Gro\u00dfmutter lediglich ein, \u201ewas willst du von dem eigentlich verlangen, der schaut doch schon aus wie \u201eKlein Doofi mit Pl\u00fcschohren\u201c! Ob Oma UNSEREN\u00a0Gesundheitsminister auch so klassifiziert h\u00e4tte? Wenn mittlerweile fl\u00e4chendeckend Parven\u00fcs (Leutchen, die von entsprechenden Institutionen auch noch als neuzeitliche Eliten gehandelt und entsprechend hofiert werden.) in den [&hellip;]<\/p>\n","protected":false},"author":6,"featured_media":0,"comment_status":"open","ping_status":"open","sticky":false,"template":"","format":"standard","meta":{"footnotes":""},"categories":[1],"tags":[],"class_list":["post-24965","post","type-post","status-publish","format-standard","hentry","category-allgemeines"],"_links":{"self":[{"href":"https:\/\/zonenklaus.de\/wordpress\/index.php?rest_route=\/wp\/v2\/posts\/24965","targetHints":{"allow":["GET"]}}],"collection":[{"href":"https:\/\/zonenklaus.de\/wordpress\/index.php?rest_route=\/wp\/v2\/posts"}],"about":[{"href":"https:\/\/zonenklaus.de\/wordpress\/index.php?rest_route=\/wp\/v2\/types\/post"}],"author":[{"embeddable":true,"href":"https:\/\/zonenklaus.de\/wordpress\/index.php?rest_route=\/wp\/v2\/users\/6"}],"replies":[{"embeddable":true,"href":"https:\/\/zonenklaus.de\/wordpress\/index.php?rest_route=%2Fwp%2Fv2%2Fcomments&post=24965"}],"version-history":[{"count":4,"href":"https:\/\/zonenklaus.de\/wordpress\/index.php?rest_route=\/wp\/v2\/posts\/24965\/revisions"}],"predecessor-version":[{"id":24971,"href":"https:\/\/zonenklaus.de\/wordpress\/index.php?rest_route=\/wp\/v2\/posts\/24965\/revisions\/24971"}],"wp:attachment":[{"href":"https:\/\/zonenklaus.de\/wordpress\/index.php?rest_route=%2Fwp%2Fv2%2Fmedia&parent=24965"}],"wp:term":[{"taxonomy":"category","embeddable":true,"href":"https:\/\/zonenklaus.de\/wordpress\/index.php?rest_route=%2Fwp%2Fv2%2Fcategories&post=24965"},{"taxonomy":"post_tag","embeddable":true,"href":"https:\/\/zonenklaus.de\/wordpress\/index.php?rest_route=%2Fwp%2Fv2%2Ftags&post=24965"}],"curies":[{"name":"wp","href":"https:\/\/api.w.org\/{rel}","templated":true}]}}