{"id":24973,"date":"2014-10-13T23:45:38","date_gmt":"2014-10-13T22:45:38","guid":{"rendered":"http:\/\/zonenklaus.de\/wordpress\/?p=24973"},"modified":"2014-10-21T17:47:22","modified_gmt":"2014-10-21T16:47:22","slug":"gipfel-treffen-bei-hoeness","status":"publish","type":"post","link":"https:\/\/zonenklaus.de\/wordpress\/?p=24973","title":{"rendered":"Gipfel-Treffen bei Hoene\u00df"},"content":{"rendered":"<p style=\"margin-bottom: 0cm;\">Beckenigge &amp; Rummenbauer besuchten ihren straff\u00e4lligen Kumpel, allerdings nicht in seiner momentanen staatlichen Datscha in Landsberg.<\/p>\n<p style=\"margin-bottom: 0cm;\">Beim Anblick jener <a href=\"http:\/\/www.gmx.net\/magazine\/wirtschaft\/gipfel-treffen-hoeness-beckenbauer-rummenigge-toennies-gast-tegernsee-30136956\">echt photogenen Konterfeis<\/a>, fiel mir ruckartig der gro\u00dfe christdemokratische Diplomjurist, Diplomsozialp\u00e4dagoge (FH) und k\u00fcnftige DB-Lobbyist Ronald Pofalla ein.<\/p>\n<p style=\"margin-bottom: 0cm;\">Allerdings nicht wegen der verschleppten <a href=\"http:\/\/www.spiegel.de\/politik\/deutschland\/pofalla-koalition-verschleppt-plaene-fuer-karenzzeit-modell-a-975963.html\">Lex Pofalla<\/a>, sondern wg. seiner \u00c4u\u00dferung in Richtung des ebenso volksvertretenden Partei<i><span style=\"font-weight: normal;\">f<\/span><\/i><i>reundes<\/i>, den Vorsitzenden des Bundestagsinnenaussschusses Wolfgang Bosbach.<\/p>\n<p style=\"margin-bottom: 0cm;\">Zur Erinnerung, damals lautete das Highlight seiner Verbalattacke: &#8220;Ich kann deine Fresse nicht mehr sehen!&#8221;<\/p>\n<p style=\"margin-bottom: 0cm;\">Mir ist Herr Bosbach nie so richtig untergekommen, ich habe folglich nichts gegen ihn.<\/p>\n<p style=\"margin-bottom: 0cm;\">Da jeder f\u00fcr seine Feindbilder selber sorgen muss, waren mir die Hintergr\u00fcnde jenes \u00dcbergriffs vom CDU-Generalsekret\u00e4r a.D. auch schnurzpiepegal.<\/p>\n<p style=\"margin-bottom: 0cm;\">Als gro\u00dfer Fan von Kraftausdr\u00fccken und der sich immer mehr ausbreitenden Gossenkonversation in allen gesellschaftlichen Schichten, brachte Don Ronaldo seine innerer Gef\u00fchlsregung doch optimal auf den Punkt! Wobei jener Konter sehr tief blicken lie\u00df! Besser konnte sich R.P. nach zuvor erw\u00e4hnter Verbalinjurie wirklich nicht outen, betr. seiner sozialen Herkunft&#8230;<\/p>\n<p style=\"margin-bottom: 0cm;\">Was ich an der eigentlich sehr gelungenen Aktion Schei\u00dfe fand, war die Tatsache, dass er bereits am n\u00e4chsten Tag seinen Spruch kleinlaut relativierte, besser gesagt, ihn vergessend machen wollte mit einer Art von weichgesp\u00fclter Entschuldigung.<\/p>\n<p style=\"margin-bottom: 0cm;\">\n","protected":false},"excerpt":{"rendered":"<p>Beckenigge &amp; Rummenbauer besuchten ihren straff\u00e4lligen Kumpel, allerdings nicht in seiner momentanen staatlichen Datscha in Landsberg. Beim Anblick jener echt photogenen Konterfeis, fiel mir ruckartig der gro\u00dfe christdemokratische Diplomjurist, Diplomsozialp\u00e4dagoge (FH) und k\u00fcnftige DB-Lobbyist Ronald Pofalla ein. Allerdings nicht wegen der verschleppten Lex Pofalla, sondern wg. seiner \u00c4u\u00dferung in Richtung des ebenso volksvertretenden Parteifreundes, den [&hellip;]<\/p>\n","protected":false},"author":6,"featured_media":0,"comment_status":"open","ping_status":"open","sticky":false,"template":"","format":"standard","meta":{"footnotes":""},"categories":[1,37],"tags":[],"class_list":["post-24973","post","type-post","status-publish","format-standard","hentry","category-allgemeines","category-gmx-war-dabei"],"_links":{"self":[{"href":"https:\/\/zonenklaus.de\/wordpress\/index.php?rest_route=\/wp\/v2\/posts\/24973","targetHints":{"allow":["GET"]}}],"collection":[{"href":"https:\/\/zonenklaus.de\/wordpress\/index.php?rest_route=\/wp\/v2\/posts"}],"about":[{"href":"https:\/\/zonenklaus.de\/wordpress\/index.php?rest_route=\/wp\/v2\/types\/post"}],"author":[{"embeddable":true,"href":"https:\/\/zonenklaus.de\/wordpress\/index.php?rest_route=\/wp\/v2\/users\/6"}],"replies":[{"embeddable":true,"href":"https:\/\/zonenklaus.de\/wordpress\/index.php?rest_route=%2Fwp%2Fv2%2Fcomments&post=24973"}],"version-history":[{"count":4,"href":"https:\/\/zonenklaus.de\/wordpress\/index.php?rest_route=\/wp\/v2\/posts\/24973\/revisions"}],"predecessor-version":[{"id":25040,"href":"https:\/\/zonenklaus.de\/wordpress\/index.php?rest_route=\/wp\/v2\/posts\/24973\/revisions\/25040"}],"wp:attachment":[{"href":"https:\/\/zonenklaus.de\/wordpress\/index.php?rest_route=%2Fwp%2Fv2%2Fmedia&parent=24973"}],"wp:term":[{"taxonomy":"category","embeddable":true,"href":"https:\/\/zonenklaus.de\/wordpress\/index.php?rest_route=%2Fwp%2Fv2%2Fcategories&post=24973"},{"taxonomy":"post_tag","embeddable":true,"href":"https:\/\/zonenklaus.de\/wordpress\/index.php?rest_route=%2Fwp%2Fv2%2Ftags&post=24973"}],"curies":[{"name":"wp","href":"https:\/\/api.w.org\/{rel}","templated":true}]}}