{"id":25036,"date":"2014-10-20T23:24:37","date_gmt":"2014-10-20T22:24:37","guid":{"rendered":"http:\/\/zonenklaus.de\/wordpress\/?p=25036"},"modified":"2014-10-21T00:52:51","modified_gmt":"2014-10-20T23:52:51","slug":"mueller-wird-buergermeister-aber-was-fuer-einer","status":"publish","type":"post","link":"https:\/\/zonenklaus.de\/wordpress\/?p=25036","title":{"rendered":"M\u00fcller wird B\u00fcrgermeister &#8211; aber was f\u00fcr einer?"},"content":{"rendered":"<p style=\"margin-bottom: 0cm;\">Eine SMS k\u00fcndete von seinem\u00a0<a href=\"http:\/\/www.bz-berlin.de\/berlin\/mueller-sms-spd-votum-sieg-stoess-saleh\">Triumph<\/a><\/p>\n<p style=\"margin-bottom: 0cm; font-style: normal;\">In den letzten Wochen sprach ich so manche Gestalt in meiner Umgebung auf diesen <i>basisdemokratischen <\/i>Event an, auf der anderen Seite fragte man mich auch des \u00f6fteren. Nebenher streiften nat\u00fcrlich auch ungefragte Meinungs\u00e4u\u00dferungen, besser gesagt Ger\u00e4usche von Volkes Stimme an meine Lauscht\u00fcten. Erwartungsgem\u00e4\u00df schlug so mancher da einen ganz anderen Tenor an. Was ich aber im O-Ton nicht wiedergeben werde, sonst w\u00fcrden mich ja meine informellen Zutr\u00e4ger in der Perspektive als Klatschmaul meiden und auf die ungeschminkten Stimmen aus dem Off m\u00f6chte ich wirklich nicht verzichten m\u00fcssen&#8230;<\/p>\n<p style=\"margin-bottom: 0cm; font-style: normal;\">Dabei wei\u00df es doch auch der gr\u00f6\u00dfte Politblindfisch, dass die angesagte Lobhudelei in den Medien einfach dazugeh\u00f6rt &#8211; schlie\u00dflich geh\u00f6rt Klappern zu jedem noch so halbseidenen Handwerk. Da sich niemand im Bekanntenkreis namentlich f\u00fcr ein Statement hergeben w\u00fcrde, wird alles von mir entsprechend verpackt, wobei meine Betrachtungsweise gar nicht soweit von der der breiten Masse angesiedelt ist! Allerdings fahre ich sehr selten auf der Pisse der Mainstreamer Kahn&#8230;<\/p>\n<p style=\"margin-bottom: 0cm; font-style: normal;\">Beim besten Willen will sich auch bei mir nicht mal ansatzm\u00e4\u00dfig so etwas wie die Ansicht einstellen, dass man jenes <i>hervorragende<\/i> Wahlergebnis, zumindest medientr\u00e4chtig, als einen weichgesp\u00fclten Pyrrhussieg bezeichnen k\u00f6nnte.<\/p>\n<p style=\"margin-bottom: 0cm; font-style: normal;\">Ganz unbedarfte Zeitgenossen werden jetzt sicher annehmen, M\u00fcller hat das Rennen nur gemacht, weil er \u00fcber besondere F\u00e4higkeiten verf\u00fcgt. Wei\u00df gar nicht, wann er mir in den letzten Monaten mal mit einer wirklich erw\u00e4hnenswerten Aktion aufgefallen ist, au\u00dfer den Wahl-Schnackereien der letzten Wochen. Sein <i>gro\u00dfer Erfolg<\/i> liegt einfach darin, dass au\u00dfer den Spandauern<strong> (<\/strong><em>die sich vielleicht mal wieder bei den Berliner r\u00e4chen wollten, wegen ihrer Eingemeindung von 1920<\/em><strong>)<\/strong> niemand sonst den mehr als ehrgeizigen Genossen mit dem Migrationshintergrund in der hohen Position sehen wollten. Was Genossen St\u00f6\u00df angeht &#8211; 13 Jahren Wowi gen\u00fcgen erst mal &#8211; er hat ja mit viel Verz\u00fcckung seinen Job genossen und ging nebenher als erster schwuler Oberdorfschulze in die Annalen des hiesigen Marktfleckens ein. Wenn ich seinen Werdegang im Roten Rathaus Revue passieren lasse, reichts momentan in jener Richtung und das ist auch gut so.<\/p>\n<p style=\"margin-bottom: 0cm; font-style: normal;\">Da ist die Wahlbeteiligung gerade mal etwas mehr \u00fcber die 50% gerutscht, zumindest ging mehr als einem Drittel der eingetragenen Berliner Sozis, die Wahlaufforderung schlicht am verl\u00e4ngerten R\u00fccken vorbei.<\/p>\n<p style=\"margin-bottom: 0cm; font-style: normal;\">Letztlich wurde UNSER designierte Oberdorfschulze noch nicht mal von der H\u00e4lfte aller Parteimitglieder ausersehen, warum auch?<\/p>\n<p style=\"margin-bottom: 0cm; font-style: normal;\">Weshalb werden innerhalb solcher Vereine eigentlich immer wieder Stare und Starinnen gew\u00e4hlt, wenn die noch nicht mal soviel Arsch in ihren Hosen haben und dann irgendeinen mit Profil aus ihren Reihen pr\u00e4sentieren k\u00f6nnen?<\/p>\n<p style=\"margin-bottom: 0cm; font-style: normal;\">Da liegt allerdings der Hase im Pfeffer! Geht demn\u00e4chst wieder alles schief, kann jenes Missgeschick auf die 64,77 Prozent der Wahlbeteiligten und Wahlbeteiligtinnen geschoben werden und die oberen Abziehbilderund\u00a0 Abziehbilderinnen sind somit aus dem Schneider! Lustigerweise wird selbiger Akt auch noch als Basisdemokratie verkauft und dies bei einer Wahl zwischen Pest, Cholera und Ebola.<\/p>\n<p style=\"margin-bottom: 0cm; font-style: normal;\">Solche Art von <i>Demokratie<\/i> ist wie <i>Eulen vor die S\u00e4ue schmei\u00dfen<\/i> <strong>(<\/strong><span style=\"font-family: Times New Roman,serif;\"><em>\u00a9 Herbert Knebel<\/em><strong>)<\/strong>.<\/span><\/p>\n<p style=\"margin-bottom: 0cm; font-style: normal;\"><span style=\"font-family: Times New Roman,serif;\">Wie m\u00f6gen manche Genossen oder Genossinnen eigentlich vorgegangen sein? Gut, man h\u00e4tte alles an den Kn\u00f6pfen eines Pyjamas abz\u00e4hlen k\u00f6nnen, wer sich etwas tiefgr\u00fcndiger damit besch\u00e4ftigte, der nahm halt die linke Reihe der Z\u00e4hnchen von einem l\u00e4ngeren Rei\u00dfverschluss&#8230; <\/span><!--more--><\/p>\n<p style=\"margin-bottom: 0cm; font-style: normal;\">Was mir nicht in die Birne ging, weshalb sollte es eigentlich bei einem anderen Ausgang noch den zweiten Wahlgang geben &#8211; sicher die erste Intrige vom Genossen Saleh.<\/p>\n<p style=\"margin-bottom: 0cm;\">Zur digitalen Ablichtung der \u201eBZ\u201c muss noch etwas kommen, sie wurde untertitelt mit: <i>\u201eFraktionschef Saleh (li.) und Parteivorsitzender Jan St\u00f6\u00df (re.) gratulieren M\u00fcller zu seinem Sieg.\u201c<\/i><\/p>\n<p style=\"margin-bottom: 0cm;\"><span style=\"font-style: normal;\">Beide Verlierer schauen dabei sehr Emotionsgeladen aus ihrer W\u00e4sche und ihre Blicke interpretiere ich wie folgt. <\/span><\/p>\n<p style=\"margin-bottom: 0cm;\"><i>Fraktionschef Saleh (li.)<\/i><span style=\"font-style: normal;\">: \u201eWart\u00b4s ab! Es ist noch lang hin bis zum <\/span><i>SPD<\/i><span style=\"font-style: normal;\">-Parteitag am 8. November und zu deiner Wahl im Dezember &#8211; denn hinten hat der Fuchs seine Eier!\u201c <\/span><\/p>\n<p style=\"margin-bottom: 0cm;\"><i>Parteivorsitzender Jan St\u00f6\u00df (re.)<\/i><span style=\"font-style: normal;\">: \u201eWirst schon sehen was du davon hast, ich hoffe&#8230;\u201c<\/span><i> <\/i><\/p>\n<p style=\"margin-bottom: 0cm; font-style: normal;\">Einen anspruchsvollen Blick, der seine kommende Funktion unterstreichen sollte, hat der M\u00fcllersche nicht gerade drauf. Ihm scheint es so \u00e4hnlich zugehen, wie anno Tobak, als es sich bei Westervave abzeichnete, dass er seines Zeichens den ersten schwulen Minister des \u00c4u\u00dferen in der kommenden Wespenarsch-Koalition spielen durfte. Guida glotze damals fassungslos in die Runde &#8211; \u201eJetzt habe ich es endlich geschafft! Aber wie soll es weiter gehen? Helft mir doch!\u201c<\/p>\n<p style=\"margin-bottom: 0cm;\">\u201e<i>Ich werde der entspannteste Regierende aller Zeiten\u201c, grinst M\u00fcller. Seinen Nachbarn will er in den n\u00e4chsten Tagen einen Brief schreiben. Denn vor dem Haus, in dem er zur Miete wohnt, werden ein paar Parkpl\u00e4tze wegfallen. Stattdessen kommt ein Halteverbot. Aus Sicherheitsgr\u00fcnden f\u00fcr Berlins neue Nr.\u20071. <\/i><\/p>\n<p style=\"margin-bottom: 0cm; font-style: normal;\">Ob seine Vorhaben nicht doch etwas voreilig sind? Immerhin gehen noch \u00fcber zwei Monate ins Land bis zum D-Day und er will bereits das Fell von dem B\u00e4ren \u00fcberstreifen, der noch quicklebendig durchs Gel\u00e4nde streift&#8230;<\/p>\n<p style=\"margin-bottom: 0cm; font-style: normal;\">Hinzu kommt, scheinbar hat Michi im \u00dcberschwang der Gef\u00fchle vergessen, was Mutti ihrem Jungchen ewig ans Herz legte, nicht zu flunkern! Diese Notwahrheit mit dem ERAZ <strong>(<\/strong><em>entspannteste Regierende aller Zeiten<\/em><strong>)<\/strong> werden ihm verdammt viele Leute verhageln! Au\u00dferdem solle er sich nicht einbilden, irgendwann mal den Flu<i>ch<\/i>hafen von Sch\u00f6nefeld einzuweihen! Den Zahn wird Mehdorn schon s\u00e4mtlichen kommenden Dorfschulzen im laufenden Jahrhundert ziehen&#8230;<\/p>\n","protected":false},"excerpt":{"rendered":"<p>Eine SMS k\u00fcndete von seinem\u00a0Triumph In den letzten Wochen sprach ich so manche Gestalt in meiner Umgebung auf diesen basisdemokratischen Event an, auf der anderen Seite fragte man mich auch des \u00f6fteren. Nebenher streiften nat\u00fcrlich auch ungefragte Meinungs\u00e4u\u00dferungen, besser gesagt Ger\u00e4usche von Volkes Stimme an meine Lauscht\u00fcten. Erwartungsgem\u00e4\u00df schlug so mancher da einen ganz anderen [&hellip;]<\/p>\n","protected":false},"author":6,"featured_media":0,"comment_status":"open","ping_status":"open","sticky":false,"template":"","format":"standard","meta":{"footnotes":""},"categories":[1,37],"tags":[],"class_list":["post-25036","post","type-post","status-publish","format-standard","hentry","category-allgemeines","category-gmx-war-dabei"],"_links":{"self":[{"href":"https:\/\/zonenklaus.de\/wordpress\/index.php?rest_route=\/wp\/v2\/posts\/25036","targetHints":{"allow":["GET"]}}],"collection":[{"href":"https:\/\/zonenklaus.de\/wordpress\/index.php?rest_route=\/wp\/v2\/posts"}],"about":[{"href":"https:\/\/zonenklaus.de\/wordpress\/index.php?rest_route=\/wp\/v2\/types\/post"}],"author":[{"embeddable":true,"href":"https:\/\/zonenklaus.de\/wordpress\/index.php?rest_route=\/wp\/v2\/users\/6"}],"replies":[{"embeddable":true,"href":"https:\/\/zonenklaus.de\/wordpress\/index.php?rest_route=%2Fwp%2Fv2%2Fcomments&post=25036"}],"version-history":[{"count":3,"href":"https:\/\/zonenklaus.de\/wordpress\/index.php?rest_route=\/wp\/v2\/posts\/25036\/revisions"}],"predecessor-version":[{"id":25039,"href":"https:\/\/zonenklaus.de\/wordpress\/index.php?rest_route=\/wp\/v2\/posts\/25036\/revisions\/25039"}],"wp:attachment":[{"href":"https:\/\/zonenklaus.de\/wordpress\/index.php?rest_route=%2Fwp%2Fv2%2Fmedia&parent=25036"}],"wp:term":[{"taxonomy":"category","embeddable":true,"href":"https:\/\/zonenklaus.de\/wordpress\/index.php?rest_route=%2Fwp%2Fv2%2Fcategories&post=25036"},{"taxonomy":"post_tag","embeddable":true,"href":"https:\/\/zonenklaus.de\/wordpress\/index.php?rest_route=%2Fwp%2Fv2%2Ftags&post=25036"}],"curies":[{"name":"wp","href":"https:\/\/api.w.org\/{rel}","templated":true}]}}