{"id":25158,"date":"2014-11-13T23:14:57","date_gmt":"2014-11-13T22:14:57","guid":{"rendered":"http:\/\/zonenklaus.de\/wordpress\/?p=25158"},"modified":"2022-11-11T11:08:18","modified_gmt":"2022-11-11T10:08:18","slug":"der-folgende-schrieb-ist-nicht-fuer-das-heringsfischstaebchen-sondern-fuer-omma","status":"publish","type":"post","link":"https:\/\/zonenklaus.de\/wordpress\/?p=25158","title":{"rendered":"Der folgende Schrieb ist nicht f\u00fcr das &#8220;Hering&#8221;fischst\u00e4bchen, sondern f\u00fcr Omma!"},"content":{"rendered":"<p style=\"margin-bottom: 0cm;\">F\u00fcnf Tage war der Alte krank, nun raucht er wieder &#8211; Gott sei Dank<\/p>\n<p style=\"margin-bottom: 0cm;\">Hatte zwar fast t\u00e4glich etwas in die Tasten gekloppt, aber nix fertig bekommen, schmei\u00dfe deshalb einiges noch r\u00fcckwirkend ins Netz&#8230;<\/p>\n<p style=\"margin-bottom: 0cm;\">Rotz und Kopfschmerzen sind halt nicht das Gelbe vom Ei.<\/p>\n<p style=\"margin-bottom: 0cm;\">Omma, nun zu Deiner Frage!<\/p>\n<p style=\"margin-bottom: 0cm;\">Muss allerdings etwas voran setzen, habe mir daf\u00fcr etwas aus der bundesgermanischen <i>Behelfsverfassung<\/i> gepickt, dort findet man u.a. folgende S\u00e4tze im <span style=\"font-family: Times New Roman,serif;\"><span style=\"font-size: medium;\"><span lang=\"\"><b>Buch FdGO <\/b><\/span><\/span><\/span><span style=\"font-family: Times New Roman,serif;\"><span style=\"font-size: medium;\"><span lang=\"\"><span style=\"font-weight: normal;\">und <\/span><\/span><\/span><\/span><span style=\"font-family: Times New Roman,serif;\"><span style=\"font-size: medium;\"><span lang=\"\"><span style=\"font-weight: normal;\">m\u00f6chte lediglich auf Kapitel 2 hinweisen, dort findet man bereits am Anfang folgende hehre Worte: <\/span><\/span><\/span><\/span><\/p>\n<p lang=\"\" style=\"margin-bottom: 0cm; font-weight: normal;\"><span style=\"font-family: Times New Roman,serif;\"><span style=\"font-size: medium;\">Die Grundrechte &#8211; Kapitel 2 &#8211; Vers 1 <\/span><\/span><\/p>\n<p lang=\"\" style=\"margin-bottom: 0cm; font-weight: normal;\"><span style=\"font-family: Times New Roman,serif;\"><span style=\"font-size: medium;\"><i>Jeder hat das Recht auf die freie Entfaltung seiner Pers\u00f6nlichkeit, soweit er nicht die Rechte anderer verletzt und nicht gegen die verfassungsm\u00e4\u00dfige Ordnung oder das Sittengesetz verst\u00f6\u00dft.<\/i><\/span><\/span><\/p>\n<p lang=\"\" style=\"margin-bottom: 0cm; font-style: normal; font-weight: normal;\"><span style=\"font-family: Times New Roman,serif;\"><span style=\"font-size: medium;\">Die Grundrechte &#8211; Kapitel 2 &#8211; Vers 2 <\/span><\/span><\/p>\n<p lang=\"\" style=\"margin-bottom: 0cm; font-weight: normal;\"><span style=\"font-family: Times New Roman,serif;\"><span style=\"font-size: medium;\"><i>Jeder hat das Recht auf Leben und k\u00f6rperliche Unversehrtheit. Die Freiheit der Person ist unverletzlich. In diese Rechte darf nur auf Grund eines Gesetzes eingegriffen werden.<\/i><\/span><\/span><\/p>\n<p style=\"margin-bottom: 0cm;\"><b>&#8211;<\/b> Den ersten Kursivsatz interpretiere ich wie folgt: Jedem wird in allen Lebenslagen die freie Entfaltung seiner Pers\u00f6nlichkeit garantiert, auch den Individuen mit vermeintlichen Laufmaschen im Geflecht ihrer Synapsen, ob sie nun frei herumlaufen d\u00fcrfen oder sich in einer Klapper am\u00fcsieren.<\/p>\n<p style=\"margin-bottom: 0cm;\"><b>&#8211;<\/b> Der zweite Satz sagt mir, dass auch ich niemand so behandeln darf wie ein nerviges Kerbtier&#8230;<\/p>\n<p style=\"margin-bottom: 0cm;\">Eigentlich war es dies bereits was das Fischst\u00e4bchen betrifft.<\/p>\n<p style=\"margin-bottom: 0cm;\">Wie hei\u00dft es so sch\u00f6n, was interessiert es einen ollen Baum, wenn eine r\u00e4udige T\u00f6le ihn unten anpisst, vielleicht spielt ja niemand mehr mit ihm, au\u00dferdem k\u00f6nnen mich nur Menschen beleidigen!<\/p>\n<p style=\"margin-bottom: 0cm;\">Mich interessiert es auch nicht weshalb sich der Erdnuckel ausgerechnet hinter einem verblichenen Original aus dem Dorf versteckt und seinen Namen missbraucht. Noch zu G\u00fcnnis Lebzeiten h\u00e4tte er ihm nicht mal auf der Kanzel der Jacobi-Kirche, stehend auf einer Fu\u00dfbank, das Wasser reichen k\u00f6nnen &#8211; gut, selbiges liegt im Sinne des Betrachters!<!--more--><\/p>\n<p style=\"margin-bottom: 0cm;\">Einige erkl\u00e4rende S\u00e4tze fehlen noch.<\/p>\n<p style=\"margin-bottom: 0cm;\">Ob ich dem kleinen Komiker mal eine Mao-Fibel verkaufte, ist mir entfallen, wenn er der Meinung ist, dass es den Tatsachen entspricht, wird es so sein. Wenn er mir aber erz\u00e4hlen will, sp\u00e4ter 300 Osteier daf\u00fcr erhalten zu haben, kann ich nur ablassen, was Dummheit angeht, gibt es halt immer noch Steigerungen, da lief halt ein D\u00f6del herum, der noch bekloppter war als das kleine Fischchen. Nat\u00fcrlich entsprach es den Tatsachen, jegliche Zehner wurde von mir in Alk umgesetzt, bei einem Bierpreis f\u00fcr das 0,25 Literglas von 40 oder 53 Pfennige, war es doch eine lohnendes Gesch\u00e4ft auf Kosten der rotchinesischen Genossen!<\/p>\n<p style=\"margin-bottom: 0cm;\">Merkw\u00fcrdigerweise kommt meine Dealerei mit diesem idiotischen Machwerk nicht in meiner Akte vor.<\/p>\n<p style=\"margin-bottom: 0cm;\">Was ich sehr lustig finde, der Knabe stellt alles so hin, als ob wir sehr innigen Kontakt hatten, dabei verachtete ich diesen Intrigenschmied bereits zu Schulzeiten, weil er gern dabei war wenn es im Rudel gegen schw\u00e4chere Leute ging.<\/p>\n<p style=\"margin-bottom: 0cm;\">F. besa\u00df auch so eine Joschka-Fischer-Mentalit\u00e4t, anwesende Person zu allen m\u00f6glichen Sachen anstiften und wenn es brenzlich wurde, hie\u00df es sofort: verpissen!<\/p>\n<p style=\"margin-bottom: 0cm;\">Was hatte er auch im \u201eSchallplattenklub\u201c gegen mich gemobbt und versucht deren Leiter <strong>(<\/strong><em>Sta.<\/em><strong>)<\/strong> gegen mich aufzuhetzen, da es sich bei mir ja um den Ableger einer roten Zecke handelte, der alle verpfiff!<\/p>\n<p style=\"margin-bottom: 0cm;\">Wenigstens war der Chef anders drauf, der lief n\u00e4mlich mit offenen Augen und Ohren herum&#8230;<\/p>\n<p style=\"margin-bottom: 0cm;\">Alles eskalierte, als ich mal bei Sta. auftauchte und er mir ein 45-Minuten Tonband mit den Highlights von Little Richard, Elvis und Jerry Lee gab, dessen \u00dcberspielung ich mir von ihm gew\u00fcnscht hatte.<\/p>\n<p style=\"margin-bottom: 0cm;\"><em>Willi Hering<\/em> bin ich Anfang der 1960er sogar f\u00fcr eine Kleinigkeit mal sehr dankbar gewesen.<\/p>\n<p style=\"margin-bottom: 0cm;\">Ein Nachbarjunge hatte sich in Grundschultagen zu einem grandiosen fauxpas hinrei\u00dfen lassen, f\u00fcr den er Jahrzehnte bezahlte. <em>Me.<\/em> war ein armes Schwein, vollkommen overprotected lief er sonntags ewig in schnieken Klamotten herum <b>(<\/b><i>Mir ging es so \u00e4hnlich, was mich allerdings nicht interessiert auch nicht der anschlie\u00dfende Trouble wegen siffiger Klamotten<\/i><b>)<\/b>, nicht wie die Jungs der Umgebung, die als Bonsais von arrivierten Proletenablegern auch an Feiertagen in Trainingsanz\u00fcgen herumtollen durften<b> (<\/b><i>Die ich nat\u00fcrlich deshalb ewig beneidete<\/i><b>)<\/b>.<\/p>\n<p style=\"margin-bottom: 0cm;\"><em>Me.<\/em> stand schmollend an der Haust\u00fcr, als er von den vorbeiziehenden G\u00f6ren angemacht wurde: \u201eNa du kleine Dumme!\u201c<\/p>\n<p style=\"margin-bottom: 0cm;\">Daraufhin antwortet der Depp doch: \u201cIch bin keine kleine Dumme, ich bin ein kleiner Dummer!\u201c<\/p>\n<p style=\"margin-bottom: 0cm;\">Gleich am ersten Tag im Warnem\u00fcnder Lehrlingswohnheim erschrak <em>Me.<\/em> Heftig, als er mich im Speisesaal gewahrte, worauf ich mir absolut keinen Reim machen konnte.<\/p>\n<p style=\"margin-bottom: 0cm;\">Das \u00e4nderte sich prompt &#8211; der Typ besa\u00df ein\u00a0<a href=\"https:\/\/brandenburg.museum-digital.de\/object\/10406\">Pouva B\u00e4ndi<\/a> &#8211; auf meine Frage, ob er es mir mal leihen w\u00fcrde, kam drucksend die Bitte, niemals <i>jene Geschichte<\/i> zu erw\u00e4hnen. Nat\u00fcrlich lachte auch ich damals Tr\u00e4nen, der schr\u00e4ge Kinder-Bonmont wurde von mir anschlie\u00dfend gleich vergessen und nun erinnerte er mich wieder daran.<\/p>\n<p style=\"margin-bottom: 0cm;\">Viele Jahr sp\u00e4ter, <em>Me.<\/em> war nach seiner Zeit als Molly bei der Volksmarine mehrere Wochen mein Spannemann an einer Schlagschere, da begann Ali, Fischchens Sandkastenfreund und Bandkollege, wieder mit der ollen Kamelle und alle Flachzangen der Brigade beteiligten sich daran.<\/p>\n<p style=\"margin-bottom: 0cm;\">Noch schlimmer erging es mit einem etwas anders gelagerten Mobbing dem Sohn von Genossen T., der f\u00fcr seinen Vater bluten musste <b>(<\/b><i>Da war Ali auch wieder in seinem Element<\/i><b>)<\/b>. Hatte doch diese Oberrotesocke vier Jahre vorher, w\u00e4hrend einer Protestversammlung anl\u00e4sslich der Kubakrise, abschlie\u00dfend im Sch\u00fctzenhaus ins Rund gebl\u00f6kt: \u201eKuba den Kubanern und Indien den Indianern!\u201c<\/p>\n<p style=\"margin-bottom: 0cm;\">Als Anfang der 70er durchsickerte, dass Fischchen nun auch<em> Lehrling\u00a0<\/em><strong>(<\/strong>Jene Deppen wurden eigentlich Kandidaten der SED genann!<strong>)<\/strong> in der <em>Dreigrammbewegung<\/em> geworden war, habe ich niemals wieder einen Ton mit ihm gewechselt<\/p>\n<p style=\"margin-bottom: 0cm;\">Erstmals wieder am 1. Weihnachtsfeiertag 1989 in seiner Kneipe. Mit reichlich Restalkohol gings auf der R\u00fccktour f\u00fcr wenige Minuten in den Laden. Der Budiker wollte mir die hinuntergest\u00fcrzte Cola spendieren, darauf ging ich aber nicht ein, reichte ihm eine <em>Westmark<\/em> und etwas lauter, \u201eStimmt so und denke daran die M\u00fcnze anzugeben, denn sie einfach so einzustecken nennt man doch bei euch in der Zone immer noch: \u201eDevisenvergehen&#8230;\u201c<\/p>\n<p style=\"margin-bottom: 0cm;\">Im Anhang folgen noch <a href=\"http:\/\/zonenklaus.de\/wordpress\/wp-content\/uploads\/2014\/11\/Unbenannt.pdf\">Kommentare<\/a> vom Trommler der \u201eSounds\u201c, wobei er immer meinte, ich h\u00e4tte sie gel\u00f6scht!.<\/p>\n<p style=\"margin-bottom: 0cm;\">Da f\u00e4llt mir noch etwas ein. Ich sollte endlich mal den Finger aus dem Arsch ziehen und mich mal nach den restlichen Klarnamen der IM-Ratten aus Sangerhausen erkundigen&#8230;<\/p>\n<p style=\"margin-bottom: 0cm;\">Es lag mir sehr fern das Fischleinchen noch irgendwie aufzuwerten, allerdings sollte er sich vielleicht ein Pseudonym eines Genossen aus der Villa an der Marienanlage oder aus dem Sangerh\u00e4user Kreml besorgen<\/p>\n<p style=\"margin-bottom: 0cm;\">Hast du alles kapiert Omma?<\/p>\n<p style=\"margin-bottom: 0cm;\">Falls irgendwelche Fragen auftauchten, kannst du sie mir auch anderweitig stellen!<\/p>\n<p style=\"margin-bottom: 0cm;\">Ach so, Herr<em> Willi<\/em> H<em>\u00e4h<\/em>ring kann machen was er will!<\/p>\n<p style=\"margin-bottom: 0cm;\">Siehe oben: <span style=\"font-family: Times New Roman,serif;\"><span style=\"font-size: medium;\"><span lang=\"\"><b>Die Grundrechte &#8211; Kapitel 2 &#8211; Vers 1 <\/b><\/span><\/span><\/span><b> <\/b><\/p>\n<p style=\"margin-bottom: 0cm;\">\n","protected":false},"excerpt":{"rendered":"<p>F\u00fcnf Tage war der Alte krank, nun raucht er wieder &#8211; Gott sei Dank Hatte zwar fast t\u00e4glich etwas in die Tasten gekloppt, aber nix fertig bekommen, schmei\u00dfe deshalb einiges noch r\u00fcckwirkend ins Netz&#8230; Rotz und Kopfschmerzen sind halt nicht das Gelbe vom Ei. Omma, nun zu Deiner Frage! Muss allerdings etwas voran setzen, habe [&hellip;]<\/p>\n","protected":false},"author":6,"featured_media":0,"comment_status":"open","ping_status":"open","sticky":false,"template":"","format":"standard","meta":{"footnotes":""},"categories":[32],"tags":[],"class_list":["post-25158","post","type-post","status-publish","format-standard","hentry","category-sangerhausen"],"_links":{"self":[{"href":"https:\/\/zonenklaus.de\/wordpress\/index.php?rest_route=\/wp\/v2\/posts\/25158","targetHints":{"allow":["GET"]}}],"collection":[{"href":"https:\/\/zonenklaus.de\/wordpress\/index.php?rest_route=\/wp\/v2\/posts"}],"about":[{"href":"https:\/\/zonenklaus.de\/wordpress\/index.php?rest_route=\/wp\/v2\/types\/post"}],"author":[{"embeddable":true,"href":"https:\/\/zonenklaus.de\/wordpress\/index.php?rest_route=\/wp\/v2\/users\/6"}],"replies":[{"embeddable":true,"href":"https:\/\/zonenklaus.de\/wordpress\/index.php?rest_route=%2Fwp%2Fv2%2Fcomments&post=25158"}],"version-history":[{"count":8,"href":"https:\/\/zonenklaus.de\/wordpress\/index.php?rest_route=\/wp\/v2\/posts\/25158\/revisions"}],"predecessor-version":[{"id":39319,"href":"https:\/\/zonenklaus.de\/wordpress\/index.php?rest_route=\/wp\/v2\/posts\/25158\/revisions\/39319"}],"wp:attachment":[{"href":"https:\/\/zonenklaus.de\/wordpress\/index.php?rest_route=%2Fwp%2Fv2%2Fmedia&parent=25158"}],"wp:term":[{"taxonomy":"category","embeddable":true,"href":"https:\/\/zonenklaus.de\/wordpress\/index.php?rest_route=%2Fwp%2Fv2%2Fcategories&post=25158"},{"taxonomy":"post_tag","embeddable":true,"href":"https:\/\/zonenklaus.de\/wordpress\/index.php?rest_route=%2Fwp%2Fv2%2Ftags&post=25158"}],"curies":[{"name":"wp","href":"https:\/\/api.w.org\/{rel}","templated":true}]}}