{"id":25239,"date":"2014-11-20T22:44:39","date_gmt":"2014-11-20T21:44:39","guid":{"rendered":"http:\/\/zonenklaus.de\/wordpress\/?p=25239"},"modified":"2014-11-21T02:53:31","modified_gmt":"2014-11-21T01:53:31","slug":"buerger-joachim-wurde-ehren-gauck-berlins","status":"publish","type":"post","link":"https:\/\/zonenklaus.de\/wordpress\/?p=25239","title":{"rendered":"B\u00fcrger Joachim wurde Ehren-Gauck Berlins"},"content":{"rendered":"<p style=\"margin-bottom: 0cm;\">Mich w\u00fcrde in dem Zusammenhang mal interessieren, um die wievielte geklitterte Variante handelt es sich \u00fcberhaupt in jener Statistik, dass der <em>erste<\/em> Mann der hiesigen Regierung nun als neuester Berliner h.c. auf Platz 117 landen konnte?<br \/>\nManchmal weist das Informationsvolumen vom Netz viele Laufmaschen auf und dann ist WIKI richtig beschissen. Da ich seit Jahren mein Archiv nicht mehr im Griff habe, war nat\u00fcrlich Pumpe, was die Fakten aus gebundenen analogen Dateien betrafen &#8211; auf gut Deutsch, ich fand wiedermal nichts mehr&#8230;<br \/>\nIrgendwo schlummert der entsprechende Schm\u00f6ker, der mir die Auskunft h\u00e4tte geben k\u00f6nnte \u00fcber die erste Grundreinigung von entsprechenden Daten unter Adolf dem G\u00fctigen. Seine \u00fcbereifrigen Adlaten, Adlatusse oder Adlati <strong>(<\/strong><em>Hier kann sich jeder den Ausdruck aussuchen, welcher ihm am Besten passt<\/em><strong>)<\/strong> werden garantiert daf\u00fcr gesorgt haben, den rath\u00e4uslichen Ehrenb\u00fcrger-Folianten judenfrei zu bekommen.<br \/>\nZu Besatzungszeiten muss es zwei Exemplare gegeben haben, wobei jener aus der Hauptstadt wesentlich fr\u00fcher und gr\u00fcndlicher bereinigt wurde, bei den Ostlern war bestimmt auch der alte Hindenburg ausradiert. In den Coca-Cola-Sektoren hatte man sich erst wesentlich sp\u00e4ter dazu durchringen k\u00f6nnen, zumindest die Nazi-Stare zu entfernen.<br \/>\nWarum im Gesamtberliner Reprint Paul von Hindenburg noch erw\u00e4hnt wird, wei\u00df wiedermal nur der Deibel. Schlie\u00dflich k\u00f6nnte man die Ernennung des fast scheintoten Militaristen im Rang eines Generalfeldmarschalls zum Ehrenb\u00fcrger, als eine besondere Art von Backschis interpretieren, da er ohne gro\u00dfe M\u00e4tzchen zu veranstalten den Gefreiten aus Braunau zum Reichskanzler bef\u00f6rderte.<br \/>\nWenige Wochen sp\u00e4ter &#8211; so zusagend ein schlechter Aprilscherz, nat\u00fcrlich aus unserer heutigen Sicht &#8211; war dann <em>F\u00fchrer<\/em> Adolphus Schickelgruber an der Reihe. Ihm folgte 1934 Klamottenherrmann Meier, <em>preu\u00dfischer Ministerpr\u00e4sident, Reichstagspr\u00e4sident, Oberbefehlshaber der Luftwaffe<\/em> <strong>(<\/strong><em>Wenn die Deutsche Luftwaffe aufsteigt, werden die V\u00f6gel zu Fu\u00df gehen!<\/em><strong>)<\/strong>. Im gleichen Jahr wurde selbige Auszeichnung dem Hinkefu\u00df aus Rheydt, <em>Reichspropagandaminister und Gauleiter von Berlin<\/em> zuteil. <em>Reichsinnenminister<\/em> Wilhelm Frick war im M\u00e4rz 1937 der letzte Nazi-Ehrenb\u00fcrger.<br \/>\nIn der \u00f6stliche Ausgabe verzeichneten die Roten den Genossen Pieck, Onkel WU <strong>(<\/strong><em>Frau Wirtin hatte einen Sohn, der war im Puff Kassierer, dann ging er in die Sowjetunion und sp\u00e4ter ward er unser F\u00fchrer.<\/em><strong>)<\/strong> und mehrere sowjetische Generale, allesamt sind sie in der Nachmauerzeit sofort gecancelt worden&#8230;<br \/>\nOb nun die Kommunisten s\u00e4mtliche j\u00fcdischen Mitb\u00fcrger irgendwann wieder eintrugen, ist mir nicht bekannt. Ebenso, ob man aus den beiden Schwarten schlie\u00dflich eine neue hat pfriemen lassen, aber dies interessiert mich wahrlich nicht&#8230;<!--more--><br \/>\n<a href=\"http:\/\/zonenklaus.de\/wordpress\/wp-content\/uploads\/2014\/11\/IMG_0105\u00e4.jpg\"><img loading=\"lazy\" decoding=\"async\" class=\"alignleft size-thumbnail wp-image-25240\" src=\"http:\/\/zonenklaus.de\/wordpress\/wp-content\/uploads\/2014\/11\/IMG_0105\u00e4-150x112.jpg\" alt=\"\" width=\"150\" height=\"112\" srcset=\"https:\/\/zonenklaus.de\/wordpress\/wp-content\/uploads\/2014\/11\/IMG_0105\u00e4-150x112.jpg 150w, https:\/\/zonenklaus.de\/wordpress\/wp-content\/uploads\/2014\/11\/IMG_0105\u00e4-300x225.jpg 300w, https:\/\/zonenklaus.de\/wordpress\/wp-content\/uploads\/2014\/11\/IMG_0105\u00e4-1024x768.jpg 1024w, https:\/\/zonenklaus.de\/wordpress\/wp-content\/uploads\/2014\/11\/IMG_0105\u00e4-624x468.jpg 624w, https:\/\/zonenklaus.de\/wordpress\/wp-content\/uploads\/2014\/11\/IMG_0105\u00e4.jpg 1408w\" sizes=\"auto, (max-width: 150px) 100vw, 150px\" \/><\/a>Aus der heutigen BZ wurde ein Fragment abgelichtet, weil ich dachte, den gesamten Text in der Onlineausgabe zu entdecken, Pustekuchen! Scheinbar war den Redakteuren Gaucks Einsch\u00e4tzung wohl doch zu peinlich: Siehe Photo!<br \/>\nKann seine Meinung aber auch nicht teilen! Dies liegt sicher daran, dass es sich bei mir nicht um einen erkl\u00e4rten und von den Medien gehypten\u00a0<a href=\"http:\/\/www.rp-online.de\/politik\/deutschland\/joachim-gauck-nun-rostocker-ehrenbuerger-aid-1.2944879\">B\u00fcrgerrechtler<\/a> handelte!<br \/>\nZu meinen Berliner Ostzeiten kreuzten dort fast niemals Kommunisten den Weg, h\u00f6chsten ihre dusseligen Lakaien, die liefen aber in der ganzen Zone frei herum!<\/p>\n<p style=\"margin-bottom: 0cm;\">An den Stellen im ehemaligen russischen Sektor, wo ich mich aufhielt, sei es bei Freunden, im \u201eEisenbahner\u201c, dem \u201eR\u00fcbezahl\u201c und wie die ganzen Schuppen alle hie\u00dfen, sei es nur im\u00a0<a href=\"http:\/\/www.deutschlandradio.de\/archiv\/dlr\/sendungen\/kompass\/309506\/index.html\">Bermudadreieck<\/a> von \u201eHackepeter\u201c, \u201eSchusterjungen\u201c oder \u201eKeglerheim\u201c gewesen, dort brannte die Luft&#8230;<\/p>\n<p style=\"margin-bottom: 0cm;\">Nebenbei bemerkt, die <em>Wruggen-<\/em> und <em>Fischk\u00f6ppe<\/em> die ich dort kennenlernte, waren schwer in Ordnung. Die kamen in die <i>Hauptstadt<\/i>, weil sie der Meinung waren, dass Rostock zwar halb so gro\u00df wie der Zentralfriedhof von Chicago war &#8211; aber daf\u00fcr doppelt so tot! Dies konnte ich aus meiner Erfahrung von 1965\/66 nur best\u00e4tigen!<\/p>\n<p style=\"margin-bottom: 0cm;\">Hier noch ein paar Links f\u00fcr Leute mit viel Langeweile: <a href=\"http:\/\/www.spiegel.de\/einestages\/jugendprotest-in-der-ddr-a-947898.html\">Der Gammlerk\u00f6nig von Lichtenberg<\/a> &#8211; <a href=\"http:\/\/www.spiegel.de\/spiegel\/print\/d-46274676.html\">GAMMLER<\/a> &#8211; <a href=\"http:\/\/heimkinder-forum.de\/v4x\/index.php\/Thread\/5784-Arbeitslager-f%C3%BCr-Jugendliche-in-R%C3%BCdersdorf\/\">Arbeitslager<\/a> &#8211; <a href=\"http:\/\/books.google.de\/books?id=ZUCVNbVrYyEC&amp;pg=PA66&amp;lpg=PA66&amp;dq=berlin+lichtenberg+gammler+eulenspiegel&amp;source=bl&amp;ots=oY2fTMeOQw&amp;sig=QARnXSf0rk2UObceZFPoWOvKJBo&amp;hl=de&amp;sa=X&amp;ei=pWtuVI-7OoavPPnrgfAC&amp;ved=0CEwQ6AEwCQ#v=onepage&amp;q&amp;f=false\">Lichtenberg<\/a> &#8211; <a href=\"http:\/\/books.google.de\/books?id=vM9GwHbZNqMC&amp;pg=PA201&amp;lpg=PA201&amp;dq=berlin+lichtenberg+gammler+eulenspiegel&amp;source=bl&amp;ots=gMvg7F6brB&amp;sig=-SPT638P5ZCaFq_zWZuncwua2EY&amp;hl=de&amp;sa=X&amp;ei=1WluVOG9McHbPNmWgcAC&amp;ved=0CDEQ6AEwBA#v=onepage&amp;q=berlin%20lichtenberg%20gammler%20eulenspiegel&amp;f=false\">Ostberlin<\/a><\/p>\n<h2 class=\"article-title\"><span class=\"headline\">\u00a0<\/span><\/h2>\n<p>&nbsp;<\/p>\n<p>&nbsp;<\/p>\n","protected":false},"excerpt":{"rendered":"<p>Mich w\u00fcrde in dem Zusammenhang mal interessieren, um die wievielte geklitterte Variante handelt es sich \u00fcberhaupt in jener Statistik, dass der erste Mann der hiesigen Regierung nun als neuester Berliner h.c. auf Platz 117 landen konnte? Manchmal weist das Informationsvolumen vom Netz viele Laufmaschen auf und dann ist WIKI richtig beschissen. Da ich seit Jahren [&hellip;]<\/p>\n","protected":false},"author":6,"featured_media":0,"comment_status":"open","ping_status":"open","sticky":false,"template":"","format":"standard","meta":{"footnotes":""},"categories":[1],"tags":[],"class_list":["post-25239","post","type-post","status-publish","format-standard","hentry","category-allgemeines"],"_links":{"self":[{"href":"https:\/\/zonenklaus.de\/wordpress\/index.php?rest_route=\/wp\/v2\/posts\/25239","targetHints":{"allow":["GET"]}}],"collection":[{"href":"https:\/\/zonenklaus.de\/wordpress\/index.php?rest_route=\/wp\/v2\/posts"}],"about":[{"href":"https:\/\/zonenklaus.de\/wordpress\/index.php?rest_route=\/wp\/v2\/types\/post"}],"author":[{"embeddable":true,"href":"https:\/\/zonenklaus.de\/wordpress\/index.php?rest_route=\/wp\/v2\/users\/6"}],"replies":[{"embeddable":true,"href":"https:\/\/zonenklaus.de\/wordpress\/index.php?rest_route=%2Fwp%2Fv2%2Fcomments&post=25239"}],"version-history":[{"count":6,"href":"https:\/\/zonenklaus.de\/wordpress\/index.php?rest_route=\/wp\/v2\/posts\/25239\/revisions"}],"predecessor-version":[{"id":25246,"href":"https:\/\/zonenklaus.de\/wordpress\/index.php?rest_route=\/wp\/v2\/posts\/25239\/revisions\/25246"}],"wp:attachment":[{"href":"https:\/\/zonenklaus.de\/wordpress\/index.php?rest_route=%2Fwp%2Fv2%2Fmedia&parent=25239"}],"wp:term":[{"taxonomy":"category","embeddable":true,"href":"https:\/\/zonenklaus.de\/wordpress\/index.php?rest_route=%2Fwp%2Fv2%2Fcategories&post=25239"},{"taxonomy":"post_tag","embeddable":true,"href":"https:\/\/zonenklaus.de\/wordpress\/index.php?rest_route=%2Fwp%2Fv2%2Ftags&post=25239"}],"curies":[{"name":"wp","href":"https:\/\/api.w.org\/{rel}","templated":true}]}}