{"id":25278,"date":"2014-11-26T22:29:06","date_gmt":"2014-11-26T21:29:06","guid":{"rendered":"http:\/\/zonenklaus.de\/wordpress\/?p=25278"},"modified":"2023-04-17T08:30:26","modified_gmt":"2023-04-17T07:30:26","slug":"blick-in-die-berliner-boulevardkacke","status":"publish","type":"post","link":"https:\/\/zonenklaus.de\/wordpress\/?p=25278","title":{"rendered":"Blick in die Berliner Boulevardkacke"},"content":{"rendered":"<p style=\"margin-bottom: 0cm;\">Eigentlich war mir danach, ein am Sonntag begonnenes Geschriebsel zu beenden.<\/p>\n<p style=\"margin-bottom: 0cm;\">Allerdings brachte mich am fr\u00fchen Abend eine Nachricht unserer elektronischen Kommunikationsprostituierten auf die Palme. Kam nach Hause und aktivierte das Teil, weil ich annahm, die ebenfalls aush\u00e4usige Scheffin wollte mir ein Ohr abkauen, dem war aber nicht so!<\/p>\n<p style=\"margin-bottom: 0cm;\">Es musste gehandelt werden, da jenes Problem ja auf meinem Mist gewachsen war, will aber darauf nicht weiter eingehen und landete sp\u00e4ter im Wirtshaus. Mit etwas weniger Blut im <i>Allohol <\/i><span style=\"font-style: normal;\">h\u00e4nge ich nun doch an den Tasten &#8211; \u0427\u0442\u043e \u0434\u0435\u043b\u0430\u0442\u044c? <\/span><span style=\"font-style: normal;\"><b>(<\/b><\/span><i>Dieses ber\u00fchmte Fragespiel kam mir vollkommen arglos in den Sinn!<\/i><span style=\"font-style: normal;\"><b>) <\/b>Werde allerdings daruf nicht eingehen<strong>!<\/strong><b><br \/>\n<\/b><\/span><\/p>\n<p style=\"margin-bottom: 0cm;\"><span style=\"font-style: normal;\"><span style=\"font-weight: normal;\">Also stapele ich jetzt ganz tief und werfe einen Blick in UNSERE ber\u00fchmte Springer-Gazette.<\/span><\/span><\/p>\n<p style=\"margin-bottom: 0cm;\"><span style=\"font-style: normal;\"><span style=\"font-weight: normal;\"><a href=\"http:\/\/zonenklaus.de\/wordpress\/wp-content\/uploads\/2014\/11\/IMG_0198-\u00e4.jpg\"><img loading=\"lazy\" decoding=\"async\" class=\"alignleft size-thumbnail wp-image-25279\" src=\"http:\/\/zonenklaus.de\/wordpress\/wp-content\/uploads\/2014\/11\/IMG_0198-\u00e4-112x150.jpg\" alt=\"\" width=\"112\" height=\"150\" srcset=\"https:\/\/zonenklaus.de\/wordpress\/wp-content\/uploads\/2014\/11\/IMG_0198-\u00e4-112x150.jpg 112w, https:\/\/zonenklaus.de\/wordpress\/wp-content\/uploads\/2014\/11\/IMG_0198-\u00e4-225x300.jpg 225w, https:\/\/zonenklaus.de\/wordpress\/wp-content\/uploads\/2014\/11\/IMG_0198-\u00e4-768x1024.jpg 768w, https:\/\/zonenklaus.de\/wordpress\/wp-content\/uploads\/2014\/11\/IMG_0198-\u00e4-624x832.jpg 624w, https:\/\/zonenklaus.de\/wordpress\/wp-content\/uploads\/2014\/11\/IMG_0198-\u00e4.jpg 1056w\" sizes=\"auto, (max-width: 112px) 100vw, 112px\" \/><\/a>\u00d6ffnete vorher noch eine Pulle <em>ASTRA &#8211; ARSCHKALT<\/em> vom Geburtstag <strong>(<\/strong><em>Dank an Jogi!<\/em><strong>)<\/strong>, mittlerweile lauwarm. <strong>(<\/strong><em>W\u00e4re deshalb sicher der Haustrunk vom hiesigen Oberdorfschulzen<\/em>.<strong>)<\/strong><br \/>\n<\/span><\/span><\/p>\n<p style=\"margin-bottom: 0cm;\"><span style=\"font-style: normal;\"><span style=\"font-weight: normal;\"><strong> &#8211; <\/strong>Beginne mit dem weichgesp\u00fclten vermeintlichen Hausdemagogen: <\/span><\/span><i><span style=\"font-weight: normal;\">Gr\u00fcne Politik ruiniert den Ruf der Fl\u00fcchtlinge &#8211; <\/span><\/i><span style=\"font-style: normal;\"><span style=\"font-weight: normal;\"><a href=\"http:\/\/www.bz-berlin.de\/berlin\/gruene-politik-ruiniert-den-ruf-der-fluechtlinge\">weshalb eigentlich<\/a>?<\/span><\/span><\/p>\n<p style=\"margin-bottom: 0cm;\"><i><span style=\"font-weight: normal;\"><strong> &#8211; <\/strong><a href=\"http:\/\/www.bz-berlin.de\/berlin\/mitte\/poebel-schueler-sprengen-theater-vorstellung\">P\u00f6bel-Sch\u00fcler sprengen Theater-Vorstellung<\/a>\u00a0&#8211;<\/span><\/i><span style=\"font-style: normal;\"><span style=\"font-weight: normal;\"><em> deren Erziehungsberechtigten<\/em> w\u00e4ren in ihrem jugenlichen Alter bestimmt ebenso wenig auf eine andere Idee gekommen&#8230;<\/span><\/span><\/p>\n<p style=\"margin-bottom: 0cm;\"><span style=\"font-style: normal;\"><span style=\"font-weight: normal;\"><strong> &#8211; <\/strong>Was dem zuk\u00fcnftigen\u00a0<a href=\"http:\/\/www.bz-berlin.de\/landespolitik\/der-neue-finanzsenator-liebt-deutschrock-musik\">Finanzsenator<\/a> unterstellt wird ist immer noch schrecklich, scheinbar die Preislage <em><a href=\"https:\/\/www.spiegel.de\/lebenundlernen\/schule\/ungerechte-grundschullehrer-kevin-ist-kein-name-sondern-eine-diagnose-a-649421.html\">Tim<\/a> \u00a0<a href=\"https:\/\/www.timrenner.com\/\">Renner<\/a><\/em>, der Herr flippt bestimt bei den rockenden\u00a0<a href=\"https:\/\/de.wikipedia.org\/wiki\/BAP\">K\u00f6lner Be<\/a><\/span><\/span><span style=\"font-style: normal;\"><span style=\"font-weight: normal;\">t<a href=\"https:\/\/de.wikipedia.org\/wiki\/BAP\">roffenheits-Lyrikern\u00a0<\/a> oder den <em><a href=\"https:\/\/www.spiegel.de\/kultur\/mann-wie-mich-das-alles-nervt-a-937971bf-0002-0001-0000-000040941994\">Puhdys<\/a> <\/em>aus, na ja, jedem Tierchen seine Plessierchen. <\/span><\/span><\/p>\n<p style=\"margin-bottom: 0cm;\"><i><span style=\"font-weight: normal;\"><strong> &#8211;\u00a0<\/strong><a href=\"http:\/\/www.bz-berlin.de\/stadtleben\/marianne-faithful-feiert-sich-selbst\">Marianne Faithfull<\/a> feiert sich selbst, <\/span><\/i><span style=\"font-style: normal;\"><span style=\"font-weight: normal;\">da w\u00e4re ich gern bei gewesen&#8230;<\/span><\/span><\/p>\n<p style=\"margin-bottom: 0cm;\"><i><span style=\"font-weight: normal;\"><strong> &#8211; <\/strong><a href=\"http:\/\/www.bz-berlin.de\/kultur\/theater\/coco-schumanns-leben-jetzt-auf-der-buehne\">Coco Schumanns<\/a> Leben jetzt auf der B\u00fchne, <\/span><\/i><span style=\"font-style: normal;\"><span style=\"font-weight: normal;\">ist schon im letzten Monat passiert, au\u00dferdem war es eine Hamburger Produktion. Uns hatte es vor einigen Jahren doch etwas irritiert, als <\/span><\/span><span style=\"font-weight: normal;\">Dominique Horwitz (Den wir sehr sch\u00e4tzen!!!), auf seiner Hausb\u00fchne im\u00a0Renaissance Theater Charlotte von Mahlsdorf gab <strong>(<\/strong><em>Von der\/dem ich noch in irgendeiner Kiste etliche analoge Photos aus den 1990er Jahren habe<strong>.<\/strong><\/em><strong>). <\/strong>Allerdings in der uns\u00e4glich geklitterten Ami-Fassung und man hatte vergessen die gewaltigen Horchwaffeln vom Scheff mit\u00a0<a href=\"http:\/\/de.wikipedia.org\/wiki\/Klebeband\">Gaffa-Tape<\/a> an seine Birne zu pappen&#8230; <\/span><!--more--><\/p>\n<p style=\"margin-bottom: 0cm;\"><span style=\"font-weight: normal;\">Coco k\u00f6nnte man auf der Stra\u00dfe glatt \u00fcbersehen, so unauff\u00e4llig kommt jener kleine Mann daher, aber wehe er hat seine Klampfe in der Hand! In dem Moment bleiben zwar sein verschmitztes L\u00e4cheln und seine jugendlich wachen \u00c4uglein erhalten, alles andere ist dann nur noch der Mensch, der f\u00fcr diese spezielle Musik lebt. Ihn erlauschte ich \u00f6fters im \u201eBadenschen Hof\u201c und manchmal durfte ich diesen swingenden Weltmenschen in unmittelbarer N\u00e4he erleben, beim gemeinsmen Kl\u00f6nschnack. Er ist f\u00fcr mich auf einer Stufe mit dem verblichenen Nelson Mandela angesiedelt. <\/span><\/p>\n<p style=\"margin-bottom: 0cm;\"><span style=\"font-weight: normal;\">Irgendwann war aber Pumpe, da ich den Laden nie mehr betrat. Dies geschah bald darauf, als \u201eLocke\u201c<\/span><b> (<\/b><i><span style=\"font-weight: normal;\">Ein selbstverliebter Kerl wie ein B\u00e4r, wie ein Himbeer und vermeintlich hohl wie ein Schokoladenweihnachtsmann.<\/span><\/i><span style=\"font-weight: normal;\">) begann den Tresen zu managen. <\/span><\/p>\n<p style=\"margin-bottom: 0cm;\"><span style=\"font-weight: normal;\">Stimmt nicht ganz, zum 70sten Geburtstag von Guitar Crusher <strong>(<\/strong><em>2001<\/em><strong>)<\/strong> tauchte dort nochmals auf, da Robby, ein ehemaliger GI <strong>(<\/strong><em>wesentlich pigmentierter als Barak Obama<\/em><strong>) <\/strong><\/span>mich \u00fcberredet hatte unbedingt zu erscheinen &#8211; <span style=\"font-weight: normal;\">er er\u00f6ffnete in den 1980ern in der Tiergartener K\u00f6rnerstrasse <strong>(<\/strong><em>Mark Twain lebte 1890\/91 nebenan<\/em><strong>)<\/strong> den eigentlichen Berliner Diamanten der Westberliner Blueszene. Beim Gedanken an seine \u201eRobby-Burger\u201c, l\u00e4uft mir heute noch der Speichel im Maul zusammen&#8230;<\/span><\/p>\n<p style=\"margin-bottom: 0cm;\"><span style=\"font-weight: normal;\">Selbiger Laden ging nach der Mauer\u00f6ffnung sofort pleite, obwohl der Winzladen immer an eine Sprottendose erinnerte. Aber fast niemand orderte etwas an Getr\u00e4nken, au\u00dfer den wenigen K\u00e4then, die hielten sich aber auch den ganzen Abend an einer Cola fest und der m\u00e4nnliche Zonenblueser brachte seine Dreiviertelliter Granate <strong>(<\/strong><em>Marke Meldekorn<\/em><strong>)<\/strong> in seinem Shelly mit.<\/span><\/p>\n<p style=\"margin-bottom: 0cm;\"><span style=\"font-weight: normal;\">Robby versuchte seinen Laden mit einem kleinen Obolus von 5 Mark noch zu retten, was aber total in die Hose ging, da blieben die ersten Ostler weg, ebenso die wenigen Wessis&#8230; <\/span><\/p>\n<p style=\"margin-bottom: 0cm;\"><b>&#8211; <\/b><span style=\"font-weight: normal;\">Retour zum \u201eBadenschen Hof\u201c, dabei war mir der Laden aus Urzeiten bekannt. In den ausgehenden End1970ern konnte ich die damalige, bereits fast scheintote Kneipersche \u00fcberreden, dass wir dort an einem gro\u00dfen Franz-Billard-Tisch spielen durften. <\/span><\/p>\n<p style=\"margin-bottom: 0cm;\"><span style=\"font-weight: normal;\">Irgendwann er\u00f6ffnete <em>Hans-Hugo<\/em> dann seinen Jazzladen, den ich an ganz bestimmten Tagen mied, weil sich im ersten Stock des Hinterhofes die <em>AL<\/em> breitgemacht hatte. Am schlimmsten geb\u00e4rdete sich eine der ersten Berliner <em>M\u00e4nnergruppen<\/em> in deren R\u00e4umlichkeiten und jene verklemmten Typen tauchten zus\u00e4tzlich einmal die Woche im Laden auf &#8211; war das immer \u00e4tzend.<\/span><b> (<\/b><i><span style=\"font-weight: normal;\">Liebend gern w\u00fcrde ich doch mal Namen nennen, von den hirnverbrannten Saisonrevoluzzer, die damals in jener Runde umherirrten&#8230;<\/span><\/i><b>) <\/b><\/p>\n<p style=\"margin-bottom: 0cm;\"><span style=\"font-weight: normal;\"><a href=\"https:\/\/de.wikipedia.org\/wiki\/Klaus_Zapf\"><em>Klaus E. H. Z.<\/em> <\/a>mit seinen Doppelkopfmannen ging einem sp\u00e4ter noch mehr auf den Sack. Fast w\u00e4re ich in der Runde sogar eingestiegen, da <em>Taxy-Yves, <\/em>ein alter Bekannter, der mit seiner Freundin in ihre Heimat, nach Afrika zog, mich schon fast dazu \u00fcberredet hatte&#8230; <\/span><\/p>\n<p style=\"margin-bottom: 0cm;\"><span style=\"font-weight: normal;\">Jetzt reicht es aber, wei\u00df gar nicht wo ich wiedermal alles hergeholt habe, au\u00dferdem macht sich eine gewisse N\u00fcchternheit breit.<\/span><\/p>\n<p style=\"margin-bottom: 0cm;\"><span style=\"font-weight: normal;\">Dabei h\u00e4tte ich die gesamte Chose der Lesung in Eberswalde fertigbekommen k\u00f6nnen&#8230;<\/span><\/p>\n","protected":false},"excerpt":{"rendered":"<p>Eigentlich war mir danach, ein am Sonntag begonnenes Geschriebsel zu beenden. Allerdings brachte mich am fr\u00fchen Abend eine Nachricht unserer elektronischen Kommunikationsprostituierten auf die Palme. Kam nach Hause und aktivierte das Teil, weil ich annahm, die ebenfalls aush\u00e4usige Scheffin wollte mir ein Ohr abkauen, dem war aber nicht so! Es musste gehandelt werden, da jenes [&hellip;]<\/p>\n","protected":false},"author":6,"featured_media":0,"comment_status":"open","ping_status":"open","sticky":false,"template":"","format":"standard","meta":{"footnotes":""},"categories":[1,55],"tags":[],"class_list":["post-25278","post","type-post","status-publish","format-standard","hentry","category-allgemeines","category-alltaeglicher-wahnwitz"],"_links":{"self":[{"href":"https:\/\/zonenklaus.de\/wordpress\/index.php?rest_route=\/wp\/v2\/posts\/25278","targetHints":{"allow":["GET"]}}],"collection":[{"href":"https:\/\/zonenklaus.de\/wordpress\/index.php?rest_route=\/wp\/v2\/posts"}],"about":[{"href":"https:\/\/zonenklaus.de\/wordpress\/index.php?rest_route=\/wp\/v2\/types\/post"}],"author":[{"embeddable":true,"href":"https:\/\/zonenklaus.de\/wordpress\/index.php?rest_route=\/wp\/v2\/users\/6"}],"replies":[{"embeddable":true,"href":"https:\/\/zonenklaus.de\/wordpress\/index.php?rest_route=%2Fwp%2Fv2%2Fcomments&post=25278"}],"version-history":[{"count":15,"href":"https:\/\/zonenklaus.de\/wordpress\/index.php?rest_route=\/wp\/v2\/posts\/25278\/revisions"}],"predecessor-version":[{"id":40034,"href":"https:\/\/zonenklaus.de\/wordpress\/index.php?rest_route=\/wp\/v2\/posts\/25278\/revisions\/40034"}],"wp:attachment":[{"href":"https:\/\/zonenklaus.de\/wordpress\/index.php?rest_route=%2Fwp%2Fv2%2Fmedia&parent=25278"}],"wp:term":[{"taxonomy":"category","embeddable":true,"href":"https:\/\/zonenklaus.de\/wordpress\/index.php?rest_route=%2Fwp%2Fv2%2Fcategories&post=25278"},{"taxonomy":"post_tag","embeddable":true,"href":"https:\/\/zonenklaus.de\/wordpress\/index.php?rest_route=%2Fwp%2Fv2%2Ftags&post=25278"}],"curies":[{"name":"wp","href":"https:\/\/api.w.org\/{rel}","templated":true}]}}