{"id":25289,"date":"2014-11-27T22:27:26","date_gmt":"2014-11-27T21:27:26","guid":{"rendered":"http:\/\/zonenklaus.de\/wordpress\/?p=25289"},"modified":"2014-12-05T16:23:56","modified_gmt":"2014-12-05T15:23:56","slug":"karen-duve-warum-die-sache-schiefgeht-lesung-und-gespraech","status":"publish","type":"post","link":"https:\/\/zonenklaus.de\/wordpress\/?p=25289","title":{"rendered":"KAREN DUVE \u201eWARUM DIE SACHE SCHIEFGEHT\u201c &#8211; LESUNG UND GESPR\u00c4CH"},"content":{"rendered":"<p style=\"margin-bottom: 0cm;\">Wei\u00df absolut nicht mehr, wie ich darauf gesto\u00dfen bin, dass in Eberswalde eine Lesung mit jener\u00a0<a href=\"http:\/\/zonenklaus.de\/wordpress\/wp-content\/uploads\/2014\/11\/03-Duve-Einleitung-E.mp3\">zornigen Frau<\/a> stattfand. Jedenfalls beschlossen wir mit unserem Stinker dorthin zu kurven. Diese Veranstaltung, organisiert von der &#8220;Stiftung WaldWelten&#8221;, fand im Gew\u00e4chshaus des Forstbotanischen Gartens statt.<\/p>\n<p style=\"margin-bottom: 0cm;\">Den Empfang bereitete eine kleines Rudel von mehreren Jugendliche beiderlei Geschlechts und bestimmt ohne Quotenregelung. Uns erstaunte die nat\u00fcrliche Freundlichkeit der jungen Leute, ist ja heute eigentlich nicht mehr \u00fcblich, da alles krankhaft mit politischer Korrektheit versetz wird, die an widerliche Arschkriecherei erinnert&#8230;<\/p>\n<p style=\"margin-bottom: 0cm;\"><b>(<\/b><i>Muss zum besseren Verst\u00e4ndnis hier etwas einschieben, was ich darunter verstehe. <\/i><\/p>\n<p style=\"margin-bottom: 0cm;\"><i>Vor Jahren schaffte sich manchmal das weibliche Teil der sexuellen Notgemeinschaft vom Kneipenbesitzer hinterm Tresen. Bei T\u00f6rtchen musste man Obacht geben, um auf ihrer Schleimspur nicht auf die Fresse zufliegen. Mehrmal bat ich sie, mich nicht ewig wie eine Tunte zu begr\u00fc\u00dfen oder es sein zulassen, \u201eich will doch nur nett sein!\u201c Substantiviert verbinde ich mit NETT etwas \u00e4hnliches wie honigs\u00fc\u00dfe Schei\u00dfe&#8230;<\/i><\/p>\n<p style=\"margin-bottom: 0cm;\"><i>Ab und zu fiel sie wieder in ihre Unart, eines abends reichte es mir dann. <\/i><\/p>\n<p style=\"margin-bottom: 0cm;\"><i>Der Tresen gut besetzt, gewahrter sie mich in der zweiten Reihe und prompt plapperte diese Tusse, den Kopf in erwartungsfroher Schr\u00e4glage, sofort drauflos: \u201eHall\u00f6le lieber Klaus, was kann ich dir denn Sch\u00f6nes antun?\u201c <\/i><\/p>\n<p style=\"margin-bottom: 0cm;\"><i>Die meisten der Anwesenden kannten meinen Stenz mit ihr und schauten mich interessiert an, verdammt nochmal, schlie\u00dflich befand ich mich in einer Kneipe und nicht im Puff. Deshalb war es ein inneres Bed\u00fcrfnis, ihr entsprechend einen mitzugeben. <\/i><\/p>\n<p style=\"margin-bottom: 0cm;\">\u201e<i>Tja, meine Liebe, wenn du mich schon so NETT fragst, wie w\u00e4re es denn, wenn du mir einen Blasen w\u00fcrdest, hier und sofort?\u201c <\/i><\/p>\n<p style=\"margin-bottom: 0cm;\"><i>Von dem Zeitpunkt an, herrschte zwischen uns endlich totale Funkstille.<\/i><b>) <\/b><\/p>\n<p style=\"margin-bottom: 0cm;\"><b>&#8211;<\/b> Will versuchen den Rest kurz abzuhandeln.<\/p>\n<p style=\"margin-bottom: 0cm;\">Empfang, Catering-Service &#8211; spitzenm\u00e4\u00dfig, m\u00f6chte hier auch die wohlschmeckenden Pfannkuchen erw\u00e4hnen!<\/p>\n<p style=\"margin-bottom: 0cm;\">Der Veranstaltungsraum war die Kr\u00f6nung, in solch tollem Ambiente erlebte ich noch nie eine Lesung, da konnte man sogar die Notbestuhlung aus Teilen von Biertischgarnituren vergessen. Ringsherum Pflanzen, durch das Glasdach blinzelte ab und zu sogar die Sonne vom wolkenverhangenen Himmel.<\/p>\n<p style=\"margin-bottom: 0cm;\"><strong> &#8211; <\/strong>Dass anfangs ewig irgendwelche <em>wichtigen<\/em> Hanseln versuchen auf der Pisse von Kulturschaffenden Kahn zufahren, daran kann ich mich nicht gew\u00f6hnen.<\/p>\n<p style=\"margin-bottom: 0cm;\">Das n\u00e4chst mal wird ein Handtuch mitgenommen und der ergatterte Platz damit markiert, dann kann man sp\u00e4ter wieder auftauchen.<\/p>\n<p style=\"margin-bottom: 0cm;\">Dem Herrn B\u00fcrgermeister muss zugutegehalten werden, er versuchte sich wenigstens kurz zufassen und niemand tat kund, in welchem politischen Kleingartenverband der verbalisieren Eint\u00e4nzer sich tummelt&#8230;<\/p>\n<p style=\"margin-bottom: 0cm;\">Moderatorin B\u00e4rbel Wichmann war ein Fall f\u00fcr sich, sie legte ewig Wert darauf, beim &#8220;rbb&#8221; angestellt zu sein und wedelte dir ganze Zeit mit gr\u00fcnen K\u00e4rtchen <b>(<\/b><i>Die farbliche Gestaltung kam bestimmt von einem P\u00fccholochen, gr\u00fcn soll bekanntlich beruhigen.<\/i><b>)<\/b> herum von denen die Fragen abgelesen wurden.<\/p>\n<p style=\"margin-bottom: 0cm;\">Richtige Spontanit\u00e4t kam nicht auf, anscheinend war alles vorher abgekaspert worden, der Biolek <b>(<\/b><i>Niemals zog ich mir eine seiner uns\u00e4glichen Palavershows ein.<\/i><b>)<\/b> soll es ja auch so getan haben, wegen seiner pathologisch verbr\u00e4mten politischen Korrektheit&#8230;<!--more--><\/p>\n<p style=\"margin-bottom: 0cm;\">W\u00e4hrend des anschlie\u00dfenden Gepl\u00e4nkels einiger Anwesender und <em>Anwesendinnen<\/em> mit Karen Duve, kam mir kurz der Gedanke &#8211; mehrheitlich waren die Leute hier scheinbar zusammengekommen wie Schafe bei einem aufziehenden Sommergewitter, anschlie\u00dfend geht man dann wieder auseinander als ob sich nichts weiter ereignet hat&#8230;<\/p>\n<p style=\"margin-bottom: 0cm;\">Eine<a href=\"http:\/\/zonenklaus.de\/wordpress\/wp-content\/uploads\/2014\/11\/16-ITIP-E.mp3\">\u00a0<\/a><a href=\"http:\/\/zonenklaus.de\/wordpress\/wp-content\/uploads\/2014\/11\/16-ITIP-E.mp3\">Dame<\/a> schnitt etwas an und stellte sogar einen Verkn\u00fcpfung zu Eberswalde her, aber&#8230;<\/p>\n<p style=\"margin-bottom: 0cm;\">Was den kommenden Sch<b>(<\/b><i>w<\/i><b>)<\/b>ein<b>(<\/b><i>e<\/i><b>)<\/b>vertrag zwischen Amiland und EU betrifft, haben die Plebse immer noch nicht begriffen, um welche Sauerei es dabei \u00fcberhaupt geht. Alle werden erst wieder mit viel \u201eAch\u201c und \u201eWeh\u201c mobil, wenn das Riesenbaby erst unten im Brunnen liegt.<\/p>\n<p style=\"margin-bottom: 0cm;\">Diesesmal ist es aber auf die n\u00e4chsten Jahrzehnte hin wirklich zu sp\u00e4t, die anschlie\u00dfende \u00d6kodiktatur wird ein Konglomerat von milit\u00e4rischer Durchsetzung weiterer Pl\u00e4ne des Kapitals sein, verbunden mit dem leidlichen \u00dcberlebensk<b>(<\/b><i>r<\/i><b>)<\/b>ampf von Resten allen irdischen Daseins auf UNSERER Erdenscheibe.<\/p>\n<p style=\"margin-bottom: 0cm;\">Hier noch ein Mitschnitt von einer <a href=\"http:\/\/zonenklaus.de\/wordpress\/wp-content\/uploads\/2014\/11\/20-Kinder-E.mp3\">\u201eOma\u201c<\/a>.<\/p>\n<p style=\"margin-bottom: 0cm;\">Nach ihren Ausf\u00fchrungen musste ich mich sehr bremsen, denn meine Frage w\u00e4re in lauten Protesten untergegangen, denn dazu h\u00e4tten die meisten Anwesenden ihr ganzes bisheriges Leben in Frage stellen m\u00fcssen, viel Zeit dazu bliebe den vielen Grauchen und Nickelbrillentr\u00e4gern sowieso nicht mehr.<\/p>\n<p style=\"margin-bottom: 0cm;\">Selbige Chose ist mir beim entsprechenden Stichwort schon \u00f6fters \u00fcber die Lippen gekommen und dann jaulten die getroffenen Hunde und <em>H\u00fcndinnen<\/em> fast immer einhellig auf&#8230;<\/p>\n<p style=\"margin-bottom: 0cm;\">Meine verkniffene Fragestellung w\u00e4re in folgende Richtung gegangen: \u201eWer w\u00fcrde in diesem Kreis denn zugeben, dass seine p\u00e4dagogischen Defizite, nebst den nicht vermittelten Sekund\u00e4rtugenden, bereits noch viel formvollendeter bei den Enkelkids angekommen sind?\u201c<\/p>\n<p style=\"margin-bottom: 0cm;\"><strong> &#8211; <\/strong>Deshalb ist es illusorisch, von den nachfolgenden Generationen etwas zu verlangen, was die breite Masse vorher selbst nie verwirklichen konnte. Da haben hohle Brote lediglich weitere hohle Brote herangezogen und durch ebendiesen, nicht mehr zu stoppenden Selbstlauf, sind schon wesentlich h\u00f6her entwickelte Kulturen kaputtgegangen&#8230;<\/p>\n<p style=\"margin-bottom: 0cm;\"><b>Fu\u00dfnote:<\/b><\/p>\n<p style=\"margin-bottom: 0cm;\">Mittlerweile finde ich es richtiggehend zum Kotzen, was der TAGESSPITZEL oft mit seinem \u201eWeltspiegel\u201c veranstaltet. Alle Jubeljahre findet man dort einen guten Artikel, der aber dann nicht im Netz h\u00e4ngt, daf\u00fcr wird z.B. wegen der Quoten jeglicher Schei\u00df vom Besenkammererotiker ver\u00f6ffentlicht, soll ich mir etwa bei solchen Ver\u00f6ffentlichung einen von der Palme wedeln?<\/p>\n<p style=\"margin-bottom: 0cm;\">Dabei passte gerade der Text \u00fcber &#8220;<a href=\"http:\/\/zonenklaus.de\/wordpress\/wp-content\/uploads\/2014\/11\/sCHR\u00c4GE-rECHNUNG.pdf\">sCHR\u00c4GE rECHNUNGEN&#8221;<\/a> zur Duve, wie die Faust aufs Auge!<\/p>\n<p style=\"margin-bottom: 0cm;\">Schon klar, dass die Medien bereits als vollkommen willenlose Wassertr\u00e4ger f\u00fcrs Kapital agieren&#8230;<\/p>\n<p style=\"margin-bottom: 0cm;\">\n","protected":false},"excerpt":{"rendered":"<p>Wei\u00df absolut nicht mehr, wie ich darauf gesto\u00dfen bin, dass in Eberswalde eine Lesung mit jener\u00a0zornigen Frau stattfand. Jedenfalls beschlossen wir mit unserem Stinker dorthin zu kurven. Diese Veranstaltung, organisiert von der &#8220;Stiftung WaldWelten&#8221;, fand im Gew\u00e4chshaus des Forstbotanischen Gartens statt. Den Empfang bereitete eine kleines Rudel von mehreren Jugendliche beiderlei Geschlechts und bestimmt ohne [&hellip;]<\/p>\n","protected":false},"author":6,"featured_media":0,"comment_status":"open","ping_status":"open","sticky":false,"template":"","format":"standard","meta":{"footnotes":""},"categories":[1],"tags":[],"class_list":["post-25289","post","type-post","status-publish","format-standard","hentry","category-allgemeines"],"_links":{"self":[{"href":"https:\/\/zonenklaus.de\/wordpress\/index.php?rest_route=\/wp\/v2\/posts\/25289","targetHints":{"allow":["GET"]}}],"collection":[{"href":"https:\/\/zonenklaus.de\/wordpress\/index.php?rest_route=\/wp\/v2\/posts"}],"about":[{"href":"https:\/\/zonenklaus.de\/wordpress\/index.php?rest_route=\/wp\/v2\/types\/post"}],"author":[{"embeddable":true,"href":"https:\/\/zonenklaus.de\/wordpress\/index.php?rest_route=\/wp\/v2\/users\/6"}],"replies":[{"embeddable":true,"href":"https:\/\/zonenklaus.de\/wordpress\/index.php?rest_route=%2Fwp%2Fv2%2Fcomments&post=25289"}],"version-history":[{"count":17,"href":"https:\/\/zonenklaus.de\/wordpress\/index.php?rest_route=\/wp\/v2\/posts\/25289\/revisions"}],"predecessor-version":[{"id":25399,"href":"https:\/\/zonenklaus.de\/wordpress\/index.php?rest_route=\/wp\/v2\/posts\/25289\/revisions\/25399"}],"wp:attachment":[{"href":"https:\/\/zonenklaus.de\/wordpress\/index.php?rest_route=%2Fwp%2Fv2%2Fmedia&parent=25289"}],"wp:term":[{"taxonomy":"category","embeddable":true,"href":"https:\/\/zonenklaus.de\/wordpress\/index.php?rest_route=%2Fwp%2Fv2%2Fcategories&post=25289"},{"taxonomy":"post_tag","embeddable":true,"href":"https:\/\/zonenklaus.de\/wordpress\/index.php?rest_route=%2Fwp%2Fv2%2Ftags&post=25289"}],"curies":[{"name":"wp","href":"https:\/\/api.w.org\/{rel}","templated":true}]}}