{"id":25306,"date":"2014-11-28T22:25:44","date_gmt":"2014-11-28T21:25:44","guid":{"rendered":"http:\/\/zonenklaus.de\/wordpress\/?p=25306"},"modified":"2014-11-29T01:46:15","modified_gmt":"2014-11-29T00:46:15","slug":"tugce-soll-an-ihrem-geburtstag-sterben","status":"publish","type":"post","link":"https:\/\/zonenklaus.de\/wordpress\/?p=25306","title":{"rendered":"Tug\u00e7e soll an ihrem Geburtstag sterben"},"content":{"rendered":"<p style=\"margin-bottom: 0cm;\"><span style=\"font-family: Times New Roman,serif;\">Es handelt sich um eine Piet\u00e4tlosigkeit sondergleichen, auf welche Art und Weise Medien und Politiker aus dem Hinscheiden dieser couragierten jungen Frau, f\u00fcr Quoten und Selbstdarstellungen ihren Nutzen ziehen! Einfach absto\u00dfend, wie so manche Trittbrettfahrer ihre Anteilnahme bekunden und sie unters Volk bringen. <\/span><\/p>\n<p style=\"margin-bottom: 0cm;\"><span style=\"font-family: Times New Roman,serif;\">Wenn ich mir z.B. die Headline der FR anschaue, allein jene Aussage ist doch zum 23sten Geburtstag eine vollkommen miese Sichtweise, da fehlen lediglich noch mehrere P\u00fcnktchen am Halbsatzende. <\/span><\/p>\n<p style=\"margin-bottom: 0cm;\"><span style=\"font-family: Times New Roman,serif;\">Wie soll man selbige Aussage eigentlich deuten? <\/span><\/p>\n<p style=\"margin-bottom: 0cm;\"><span style=\"font-family: Times New Roman,serif;\">Wenn der geschundene K\u00f6rper des <\/span><span style=\"font-family: Times New Roman,serif;\"><i>Pr\u00fcgelopfers <\/i><\/span><span style=\"font-family: Times New Roman,serif;\"><span style=\"font-style: normal;\">diesem <\/span><\/span><span style=\"font-family: Times New Roman,serif;\"><i>Geburtstagsgeschenk<\/i><\/span><span style=\"font-family: Times New Roman,serif;\"><span style=\"font-style: normal;\"> nun aber die Zustimmung versagt? <\/span><\/span><\/p>\n<p style=\"margin-bottom: 0cm;\"><span style=\"font-family: Times New Roman,serif;\"><span style=\"font-style: normal;\">OPFER?! &#8211; f\u00fcr was eigentlich? <\/span><\/span><\/p>\n<p style=\"margin-bottom: 0cm;\"><span style=\"font-family: Times New Roman,serif;\"><span style=\"font-style: normal;\">Dargeboten auf dem Altar UNSERES schlechten Gewissens der hiesigen kaputten Konsumgesellschaft etwa, wo heutzutage die Massen gar nicht mehr wegschauen m\u00fcssen, denn solche gewaltt\u00e4tigen Orgien registrieren viele Leute \u00fcberhaupt nicht mehr! Wie auch, wenn ihnen <\/span><\/span><span style=\"font-family: Times New Roman,serif;\"><i>bedeutsame<\/i><\/span><span style=\"font-family: Times New Roman,serif;\"><span style=\"font-style: normal;\"> Apps ihrer Kommunikationsprothesen \u00fcber alles gehen? <\/span><\/span><\/p>\n<p style=\"margin-bottom: 0cm;\"><span style=\"font-family: Times New Roman,serif;\"><span style=\"font-style: normal;\">H\u00e4nge hier noch einige Medienaussagen an, wobei ich manchmal wirklich nicht wei\u00df, ob ich vor Wut weinen oder lachen soll. <\/span><\/span><\/p>\n<p style=\"margin-bottom: 0cm;\"><span style=\"font-family: Times New Roman,serif;\"><span style=\"font-style: normal;\"><b>Beginne mit folgenden Textausz\u00fcgen: <a href=\"http:\/\/www.fr-online.de\/offenbach\/pruegelopfer-tu--e-a--tug-e-soll-an-ihrem-geburtstag-sterben,1472856,29181032.html\">FR<\/a><br \/>\n<\/b><\/span><\/span><\/p>\n<p style=\"margin-bottom: 0cm;\"><span style=\"font-family: Times New Roman,serif;\"><span style=\"font-style: normal;\">&#8230;<\/span><\/span><span style=\"font-family: Times New Roman,serif;\"><i>In den sozialen Netzwerken bringen weiterhin Tausende ihre Trauer und Fassungslosigkeit \u00fcber die Tat zum Ausdruck. In einer Internet-Petition fordern Zehntausende Menschen nach dem Hirntod der Studentin das Bundesverdienstkreuz f\u00fcr die junge Frau. Bis zum Freitagvormittag hatten 35.000 Menschen die Petition unterzeichnet. <\/i><\/span><\/p>\n<p style=\"margin-bottom: 0cm;\"><span style=\"font-family: Times New Roman,serif;\"><span style=\"font-style: normal;\"><b>&#8211; <\/b><\/span><\/span><span style=\"font-family: Times New Roman,serif;\"><span style=\"font-style: normal;\">Aha, ganz wichtig ist die anonyme Quantit\u00e4t, mittlerweile haben sich bereits wesentlich mehr <\/span><\/span><span style=\"font-family: Times New Roman,serif;\"><i>Trauernde <\/i><\/span><span style=\"font-family: Times New Roman,serif;\"><span style=\"font-style: normal;\">zu Wort gemeldet. <\/span><\/span><\/p>\n<p style=\"margin-bottom: 0cm;\"><span style=\"font-family: Times New Roman,serif;\"><span style=\"font-style: normal;\"><b>Hier etwas anderes: <a href=\"http:\/\/www.stuttgarter-zeitung.de\/inhalt.petition-fuer-tug-e-a-tausende-fordern-das-bundesverdienstkreuz.d9204e78-17fc-4f37-97f4-a01cab3b550d.html\">StZ<\/a><br \/>\n<\/b><\/span><\/span><\/p>\n<p style=\"margin-bottom: 0cm;\"><i><span style=\"font-family: Times New Roman,serif;\">Kommentare auf Facebook oder \u00fcber Twitter geben den Menschen die M\u00f6glichkeit, etwas zu tun.\u201c Zudem sei die Solidarit\u00e4tsbekundung in sozialen Netzwerken einfach: \u201eDie Kosten sind gering, die Wirkung ist gro\u00df.\u201c<\/span><\/i><\/p>\n<p style=\"margin-bottom: 0cm;\"><span style=\"font-family: Times New Roman,serif;\"><span style=\"font-style: normal;\"><b>&#8211; <\/b><\/span><\/span><span style=\"font-family: Times New Roman,serif;\"><span style=\"font-style: normal;\">Wie hei\u00dft es dort abschlie\u00dfend ungef\u00e4hr so: \u201eGeiz ist geil, schon wegen der gro\u00dfen Wirkung!\u201c<\/span><\/span><\/p>\n<p style=\"margin-bottom: 0cm;\">\u201e<span style=\"font-family: Times New Roman,serif;\"><i>Es ist schlimm, eine Tochter zu verlieren, die ihr ganzes Leben noch vor sich hatte\u201c, teilten Ministerpr\u00e4sident Volker Bouffier (CDU) und sein Stellvertreter Tarek Al-Wazir (Gr\u00fcne) in Wiesbaden mit. \u201eWir sind tief betroffen von der Gewalttat und dem sinnlosen Ende dieser jungen Frau.\u201c Gewalt als Mittel der Auseinandersetzung d\u00fcrfe in der Gesellschaft keinen Platz haben, betonten beide Politiker. Der Rechtsstaat m\u00fcsse mit allen Mitteln dagegen vorgehen. F\u00fcr die Landesregierung wird der Bevollm\u00e4chtigte f\u00fcr Integration und Antidiskriminierung, Sozialstaatssekret\u00e4r Jo Dreiseitel (Gr\u00fcne), an der Mahnwache vor dem Klinikum Offenbach teilnehmen. <\/i><\/span><\/p>\n<p style=\"margin-bottom: 0cm;\"><span style=\"font-family: Times New Roman,serif;\"><span style=\"font-style: normal;\"><b>&#8211; <\/b><\/span><\/span><span style=\"font-family: Times New Roman,serif;\"><span style=\"font-style: normal;\">Aber sch\u00f6n warm anziehen!<\/span><\/span><\/p>\n<p style=\"margin-bottom: 0cm;\"><span style=\"font-family: Times New Roman,serif;\"><span style=\"font-style: normal;\">Hier folgen noch zwei Bildchen, da sie bestimmt bald verschwinden werden. Meldungen in der Art sind sonst auf Flyern zu finden, wenn es um Schn\u00e4ppchen auf einem W\u00fchltisch im Supermarkt geht: Aus unserem Angebot! <\/span><\/span><\/p>\n<p style=\"margin-bottom: 0cm;\"><a href=\"http:\/\/zonenklaus.de\/wordpress\/wp-content\/uploads\/2014\/11\/IMG_0410\u00e4.jpg\"><img loading=\"lazy\" decoding=\"async\" class=\"alignleft size-thumbnail wp-image-25307\" src=\"http:\/\/zonenklaus.de\/wordpress\/wp-content\/uploads\/2014\/11\/IMG_0410\u00e4-150x41.jpg\" alt=\"IMG_0410\u00e4\" width=\"150\" height=\"41\" srcset=\"https:\/\/zonenklaus.de\/wordpress\/wp-content\/uploads\/2014\/11\/IMG_0410\u00e4-150x41.jpg 150w, https:\/\/zonenklaus.de\/wordpress\/wp-content\/uploads\/2014\/11\/IMG_0410\u00e4-300x82.jpg 300w, https:\/\/zonenklaus.de\/wordpress\/wp-content\/uploads\/2014\/11\/IMG_0410\u00e4-1024x281.jpg 1024w, https:\/\/zonenklaus.de\/wordpress\/wp-content\/uploads\/2014\/11\/IMG_0410\u00e4-624x171.jpg 624w, https:\/\/zonenklaus.de\/wordpress\/wp-content\/uploads\/2014\/11\/IMG_0410\u00e4.jpg 1342w\" sizes=\"auto, (max-width: 150px) 100vw, 150px\" \/><\/a><a href=\"http:\/\/zonenklaus.de\/wordpress\/wp-content\/uploads\/2014\/11\/IMG_0413\u00e4.jpg\"><img loading=\"lazy\" decoding=\"async\" class=\"alignleft size-thumbnail wp-image-25308\" src=\"http:\/\/zonenklaus.de\/wordpress\/wp-content\/uploads\/2014\/11\/IMG_0413\u00e4-150x47.jpg\" alt=\"IMG_0413\u00e4\" width=\"150\" height=\"47\" srcset=\"https:\/\/zonenklaus.de\/wordpress\/wp-content\/uploads\/2014\/11\/IMG_0413\u00e4-150x47.jpg 150w, https:\/\/zonenklaus.de\/wordpress\/wp-content\/uploads\/2014\/11\/IMG_0413\u00e4-300x95.jpg 300w, https:\/\/zonenklaus.de\/wordpress\/wp-content\/uploads\/2014\/11\/IMG_0413\u00e4-1024x324.jpg 1024w, https:\/\/zonenklaus.de\/wordpress\/wp-content\/uploads\/2014\/11\/IMG_0413\u00e4-624x198.jpg 624w, https:\/\/zonenklaus.de\/wordpress\/wp-content\/uploads\/2014\/11\/IMG_0413\u00e4.jpg 1336w\" sizes=\"auto, (max-width: 150px) 100vw, 150px\" \/><\/a><\/p>\n<p style=\"margin-bottom: 0cm;\"><i>Das Schicksal von Tug\u00e7e <\/i><span style=\"font-style: normal;\"><b>(<\/b><\/span><span style=\"font-style: normal;\">In dem Artikel schreiben sie noch nicht mal ihren Namen richtig!<\/span><span style=\"font-style: normal;\"><b>) <\/b><\/span><i>bewegt Zehntausende im Netz. Vor dem Krankenhaus der hirntoten Studentin in Offenbach stehen Kerzen, dort versammeln sich Freunde, Angeh\u00f6rige und wildfremde Menschen. Eine v\u00f6llig verst\u00e4ndliche Reaktion, findet die Berliner Notfallpsychologin Corina Hausdorf. \u201eJeder hat schon mal Ungerechtigkeit erlebt und kann sich damit identifizieren\u201c, sagt sie. \u201eAu\u00dferdem w\u00fcnscht man sich in Gefahrensituationen eine Person wie Tug\u00e7e, die eingreift.<\/i><!--more--><\/p>\n<p style=\"margin-bottom: 0cm; font-style: normal;\"><b>&#8211; <\/b>Den Einwand von der Berliner Notfall<i>p\u00fccholochin<\/i> Corina Hausdorf verstehe ich nun absolut nicht, wie soll der denn eigentlich gemeint sein. Dies mit der erlebten Ungerechtigkeit ist noch nachvollziehbar, ansonsten lieber stiften gehen und hoffen, dass in brenzligen Situationen jemand anders auftaucht?<\/p>\n<p style=\"margin-bottom: 0cm;\"><b><span style=\"font-family: Times New Roman,serif;\"><span style=\"font-style: normal;\">Die Macher von <a href=\"http:\/\/www.gmx.net\/magazine\/panorama\/gewalt-jugendlichen-schaerfere-gesetze-problem-loesen-30241334\">GMX<\/a> bringen es wieder besch\u00f6nigend auf den Punkt:<\/span><\/span><\/b><\/p>\n<p style=\"margin-bottom: 0cm;\"><i><span style=\"font-family: Times New Roman,serif;\">Man muss aber auch beachten, dass solche schwerwiegenden F\u00e4lle mit solch gravierenden Folgen bei Jugendlichen selten sind. Sie werden jedoch mit gro\u00dfer Aufmerksamkeit verfolgt. Aber nur durch einzelne F\u00e4lle l\u00e4sst sich nicht beschreiben, wie die Entwicklung tats\u00e4chlich aussieht. <\/span><\/i><\/p>\n<p style=\"margin-bottom: 0cm;\"><b>&#8211; <\/b>Nat\u00fcrlich sind solche Gewaltorgien, jede f\u00fcr sich, <i>bedauerliche <\/i>Einzelf\u00e4lle! Weshalb kommt eigentlich niemand auf die Idee mal alle zu addieren?<\/p>\n<p style=\"margin-bottom: 0cm;\"><b><a href=\"http:\/\/www.hr-online.de\/website\/rubriken\/nachrichten\/indexhessen34938.jsp?rubrik=36082&amp;key=standard_document_53688153\">hr-online<\/a>\u00a0gibt bekannt:<\/b><\/p>\n<p style=\"margin-bottom: 0cm;\"><i>In einer Internetpetition forderten Zehntausende das Bundesverdienstkreuz f\u00fcr Tugce; bis zum Freitagabend hatten bereits \u00fcber 60.000 Menschen unterzeichnet. Ministerpr\u00e4sident Volker Bouffier (CDU) sagte, er habe gro\u00dfe Sympathie f\u00fcr die Petition und werde auf Bundespr\u00e4sident Joachim Gauck zugehen. <\/i><\/p>\n<p style=\"margin-bottom: 0cm; font-style: normal;\"><b>&#8211; <\/b>Wird eins seiner leichtesten \u00dcbungen sein, au\u00dferdem tritt UNSER Bupr\u00e4si immer mit der bundesweit besten Betroffenheitsmine vors Volk.<\/p>\n<p style=\"margin-bottom: 0cm; font-style: normal;\">Mich w\u00fcrde aber trotzdem noch interessieren weshalb so viele anonyme K\u00e4mpen auf jenes Bundeskreuzchen stehen.<\/p>\n<p style=\"margin-bottom: 0cm;\"><span style=\"font-style: normal;\"><b>Unisono stand \u00fcberall noch: <\/b><\/span><span style=\"font-family: Times New Roman,serif;\"><i>Auch der Manager aus dem niederbayerischen Ergoldsbach, Dominik Brunner, war nach seinem t\u00f6dlichen Einsatz als Streitschlichter in M\u00fcnchen vor f\u00fcnf Jahren posthum mit dem Bundesverdienstkreuz ausgezeichnet worden.<\/i><\/span><\/p>\n<p style=\"margin-bottom: 0cm;\"><b>&#8211; <\/b>Aha! Weil er, nun auch sie!<\/p>\n<p style=\"margin-bottom: 0cm;\">Dies wird doch hoffentlich nichts mit irgendeiner geschlechtsspezifischen Quotenregelung zu tun haben?<\/p>\n<p style=\"margin-bottom: 0cm;\"><b>Eine abschlie\u00dfende Fu\u00dfnote kommt mir noch, die aber mehr als Frage zu verstehen ist!<\/b><\/p>\n<p style=\"margin-bottom: 0cm;\"><span style=\"font-weight: normal;\">Auf einem der oberen Bildchen ist ein Hinweis zur get\u00f6teten Yagmur und ihren verurteilten <\/span><i><span style=\"font-weight: normal;\">Eltern<\/span><\/i><span style=\"font-weight: normal;\">. Gut, der Fall liegt ganz anders, aber letztlich sind f\u00fcr den Tod des Kleinkindes auch zwei absolut respektlose Flachzangen verantwortlich. Nun hat die Mutter bedauerlicherweise das Pech und stammt nicht aus <\/span><i><span style=\"font-weight: normal;\">gutem Hause, <\/span><\/i><span style=\"font-style: normal;\"><span style=\"font-weight: normal;\">wie beim brutalen\u00a0<a href=\"http:\/\/www.tagesspiegel.de\/berlin\/u-bahnschlaeger-torben-p-darf-als-freigaenger-in-die-schule-gehen\/6972062.html\">U-Bahnschl\u00e4ger<\/a> immer wieder betont wurde <\/span><\/span><span style=\"font-style: normal;\"><b>(<\/b><\/span><i><span style=\"font-weight: normal;\">leider in dem Artikel nicht<\/span><\/i><span style=\"font-style: normal;\"><b>)<\/b><\/span><span style=\"font-style: normal;\"><span style=\"font-weight: normal;\">. Die letzten S\u00e4tze der Justizsprecherin sollte man aber genie\u00dfen! <\/span><\/span><\/p>\n<p style=\"margin-bottom: 0cm;\"><span style=\"font-style: normal;\"><span style=\"font-weight: normal;\">Jetzt durfte der Typ, trotz <\/span><\/span><i><span style=\"font-weight: normal;\">fehlender sittlicher Reife<\/span><\/i><span style=\"font-style: normal;\"><span style=\"font-weight: normal;\">, sein Abi weitermachen und schlie\u00dflich wird er sich bis zum Diplom durchschlenzen, vielleicht noch promovieren und es mal zu einem ganz wichtigen Kapit\u00e4n in UNSERER der Wirtschaft bringen&#8230;<\/span><\/span><\/p>\n<p style=\"margin-bottom: 0cm;\"><span style=\"font-style: normal;\"><b>Ach so, meine Frage! <\/b><\/span><\/p>\n<p style=\"margin-bottom: 0cm;\"><span style=\"font-style: normal;\"><span style=\"font-weight: normal;\">Weshalb bestraft man eigentlich niemals prim\u00e4r auch die Eltern von solch missratener Brut, die letztlich f\u00fcr ihr Totalversagen verantwortlich gemacht werden sollten? An meinen zehn Fingern k\u00f6nnte ich aus dem Stehgreif etliche solcher <\/span><\/span><i><span style=\"font-weight: normal;\">Erziehungsberechtigten<\/span><\/i><span style=\"font-style: normal;\"><span style=\"font-weight: normal;\"> aufz\u00e4hlen, die in den letzten Jahrzehnten meine Wege kreuzten. Sogar zwei ganz wichtige tragenden S\u00e4ulen UNSERER Gesellschaft darunter, die aus solch ekelhaften b\u00fcrgerlichen Gefilden stammen, und lustigerweise ihre Promotionen auch noch ihren Ekel erregenden <\/span><\/span><i><span style=\"font-weight: normal;\">V\u00e4tern<\/span><\/i><span style=\"font-style: normal;\"><span style=\"font-weight: normal;\"> widmeten, allerdings <\/span><\/span><\/p>\n<p style=\"margin-bottom: 0cm;\"><span style=\"font-style: normal;\"><span style=\"font-weight: normal;\">ihre Ableger dann ebenso nach ihrem Erleben getrimmt haben&#8230;<\/span><\/span><\/p>\n<p style=\"margin-bottom: 0cm;\"><b><span style=\"font-style: normal;\">Mir fiel noch etwas ein. <\/span><\/b><\/p>\n<p style=\"margin-bottom: 0cm;\"><span style=\"font-style: normal;\"><span style=\"font-weight: normal;\">Das <a href=\"http:\/\/www.tagesspiegel.de\/berlin\/urteil-des-berliner-landgerichts-mord-an-steuerberater-in-westend-17-jaehriger-sohn-zu-jugendhaft-verurteilt\/10788592.html\">Urteil des Berliner Landgerichts<\/a> zum Mord an dem Steuerberater in Westend: 17-j\u00e4hriger Sohn zu Jugendhaft verurteilt. <\/span><\/span><\/p>\n<p style=\"margin-bottom: 0cm;\">\u201e<i><span style=\"font-weight: normal;\">Der Angeklagte reagierte bei der Verk\u00fcndung des Urteils \u00fcberhaupt nicht, wie w\u00e4hrend des gesamten Prozesses wirkte er gefasst, zeigte keinerlei Emotionen\u201c, sagte Nebenklage-Anwalt Roland Weber nach dem nicht\u00f6ffentlichen Prozess&#8230;<\/span><\/i><\/p>\n<p style=\"margin-bottom: 0cm;\"><span style=\"font-style: normal;\"><span style=\"font-weight: normal;\">Muss in dem Zusammenhang ablassen, ich hei\u00dfe jene Tat nicht gut! <\/span><\/span><\/p>\n<p style=\"margin-bottom: 0cm;\"><span style=\"font-style: normal;\"><span style=\"font-weight: normal;\">Weshalb sollte der Angeklagte eigentlich Emotionen zeigen?<\/span><\/span><\/p>\n<p style=\"margin-bottom: 0cm;\"><span style=\"font-style: normal;\"><span style=\"font-weight: normal;\">Besitze aber so viel Phantasie, dass ich mir gut vorstellen kann, mit wie viel destruktive Energie muss der <\/span><\/span><i><span style=\"font-weight: normal;\">nette Steuerberater <\/span><\/i><span style=\"font-style: normal;\"><span style=\"font-weight: normal;\">seiner Frau und die heranwachsenden S\u00f6hne bedacht haben, bis sie sich letztlich zu dieser Aktion hinrei\u00dfen lie\u00dfen. <\/span><\/span><\/p>\n<p style=\"margin-bottom: 0cm;\"><span style=\"font-style: normal;\"><span style=\"font-weight: normal;\">Es kann ja m\u00f6glich sein, es hatte bei der Kurzschlusshandlung wohl doch den vermeintlich richtigen getroffen, denn <\/span><\/span><i><span style=\"font-weight: normal;\">seine<\/span><\/i><span style=\"font-style: normal;\"><span style=\"font-weight: normal;\"> Jungs h\u00e4tten ihren Frust auch an jemand vollkommen unbeteiligten Zeitgenossen ausleben k\u00f6nnen. Wobei Namen von <\/span><\/span><i><span style=\"font-weight: normal;\">Opfern<\/span><\/i><span style=\"font-style: normal;\"><span style=\"font-weight: normal;\"> innerhalb kurzer Zeit nur noch Schall und Rauch sind, die w\u00e4hrend der abschlie\u00dfenden Meldungen zur Urteilsverk\u00fcndung schon nicht mehr in Erinnerung gerufen werden.<\/span><\/span><\/p>\n<p style=\"margin-bottom: 0cm;\"><span style=\"font-style: normal;\"><span style=\"font-weight: normal;\">Allerdings schleppen jedwede ungl\u00fccklichen Hinterbliebenen ihr Leid bis zum Ende ihrer Tage mit sich herum.<\/span><\/span><\/p>\n<p style=\"margin-bottom: 0cm;\"><span style=\"font-style: normal;\"><span style=\"font-weight: normal;\">Ich wage nicht daran zu denken, an welche Widerlinge\u00a0 die prachtvollen\u00a0<a href=\"http:\/\/sabahdeutsch.de\/tugce-spendet-ihre-organe\/\">jugendlichen Organe<\/a> von Tu\u011f\u00e7e vielleich verscherbelt werden&#8230;<\/span><\/span><\/p>\n<p style=\"margin-bottom: 0cm;\"><span style=\"font-style: normal;\"><span style=\"font-weight: normal;\">In Gedanken dr\u00fccke ich ihre Verwandten und Freunde<\/span><\/span><\/p>\n","protected":false},"excerpt":{"rendered":"<p>Es handelt sich um eine Piet\u00e4tlosigkeit sondergleichen, auf welche Art und Weise Medien und Politiker aus dem Hinscheiden dieser couragierten jungen Frau, f\u00fcr Quoten und Selbstdarstellungen ihren Nutzen ziehen! Einfach absto\u00dfend, wie so manche Trittbrettfahrer ihre Anteilnahme bekunden und sie unters Volk bringen. Wenn ich mir z.B. die Headline der FR anschaue, allein jene Aussage [&hellip;]<\/p>\n","protected":false},"author":6,"featured_media":0,"comment_status":"open","ping_status":"open","sticky":false,"template":"","format":"standard","meta":{"footnotes":""},"categories":[1],"tags":[],"class_list":["post-25306","post","type-post","status-publish","format-standard","hentry","category-allgemeines"],"_links":{"self":[{"href":"https:\/\/zonenklaus.de\/wordpress\/index.php?rest_route=\/wp\/v2\/posts\/25306","targetHints":{"allow":["GET"]}}],"collection":[{"href":"https:\/\/zonenklaus.de\/wordpress\/index.php?rest_route=\/wp\/v2\/posts"}],"about":[{"href":"https:\/\/zonenklaus.de\/wordpress\/index.php?rest_route=\/wp\/v2\/types\/post"}],"author":[{"embeddable":true,"href":"https:\/\/zonenklaus.de\/wordpress\/index.php?rest_route=\/wp\/v2\/users\/6"}],"replies":[{"embeddable":true,"href":"https:\/\/zonenklaus.de\/wordpress\/index.php?rest_route=%2Fwp%2Fv2%2Fcomments&post=25306"}],"version-history":[{"count":4,"href":"https:\/\/zonenklaus.de\/wordpress\/index.php?rest_route=\/wp\/v2\/posts\/25306\/revisions"}],"predecessor-version":[{"id":25314,"href":"https:\/\/zonenklaus.de\/wordpress\/index.php?rest_route=\/wp\/v2\/posts\/25306\/revisions\/25314"}],"wp:attachment":[{"href":"https:\/\/zonenklaus.de\/wordpress\/index.php?rest_route=%2Fwp%2Fv2%2Fmedia&parent=25306"}],"wp:term":[{"taxonomy":"category","embeddable":true,"href":"https:\/\/zonenklaus.de\/wordpress\/index.php?rest_route=%2Fwp%2Fv2%2Fcategories&post=25306"},{"taxonomy":"post_tag","embeddable":true,"href":"https:\/\/zonenklaus.de\/wordpress\/index.php?rest_route=%2Fwp%2Fv2%2Ftags&post=25306"}],"curies":[{"name":"wp","href":"https:\/\/api.w.org\/{rel}","templated":true}]}}