{"id":25551,"date":"2015-01-04T22:17:26","date_gmt":"2015-01-04T21:17:26","guid":{"rendered":"http:\/\/zonenklaus.de\/wordpress\/?p=25551"},"modified":"2015-07-16T19:52:48","modified_gmt":"2015-07-16T18:52:48","slug":"west-berlin-ephraim-palais","status":"publish","type":"post","link":"https:\/\/zonenklaus.de\/wordpress\/?p=25551","title":{"rendered":"WEST-BERLIN, Ephraim Palais"},"content":{"rendered":"<p>Ausgerechnet heute, wo wir uns in besagtes <a title=\"Palais\" href=\"https:\/\/www.flickr.com\/photos\/zonenklaus\/16156466830\/in\/album-72157647106958156\/\">Palais<\/a> aufmachen wollten, erschien im TAGESSPITZEL ein Artikel \u00fcber die dortige <a title=\"Palais\" href=\"http:\/\/west.berlin\/\">Ausstellung<\/a> &#8211; also wurde umdisponiert und es ging endlich mal ins <b><a title=\" Museum f\u00fcr Kommunikation\" href=\"https:\/\/www.flickr.com\/photos\/zonenklaus\/16012916090\/\">Museum f\u00fcr Kommunikation<\/a>. <\/b><br \/>\nSelbstverst\u00e4ndlich findet man selbigen Text nicht im Netz!<br \/>\nDaf\u00fcr etwas, wo sich<a title=\" AfD-Sprecher Konrad Adam\" href=\"http:\/\/www.tagesspiegel.de\/politik\/afd-wie-konrad-adam-an-die-tuerken-bezwinger-von-1571-erinnert\/11184366.html\"> AfD-Sprecher Konrad Adam<\/a> in der \u201eFAS\u201c mit historischer Betrachtung versucht. Wobei gerade zu jener Begebenheit, 1571, auch ewig geklittert wird. \u00c4hnlich verh\u00e4lt es sich bei Schilderungen zur eigentlichen Schlacht, 1683 bei Wien, wo DIE T\u00fcrken vernichtend geschlagen wurden. Lustigerweise wird bei WIKI <strong>(<\/strong><em>Muss immer mit Vorsicht genossen werden!<\/em><strong>)<\/strong>, in der Biographie des Prinzen <a title=\"Eugen von Savoyen\" href=\"http:\/\/de.wikipedia.org\/wiki\/Eugen_von_Savoyen\">Eugen von Savoyen<\/a>, was seinen schon damals \u00fcberbewerteten Einsatz angeht, mit keinem Wort der polnische K\u00f6nig <a title=\"Jan III Sobieski \" href=\"http:\/\/www.google.de\/imgres?imgurl=http%3A%2F%2Fwww.tuerkengedaechtnis.oeaw.ac.at%2Fwp-content%2Fuploads%2Fm%2FSobieskidenkmal_Danzig_O-150x150.jpg&amp;imgrefurl=http%3A%2F%2Fwww.tuerkengedaechtnis.oeaw.ac.at%2Fort%2Fdanzig-sobieski-denkmal%2F&amp;h=150&amp;w=150&amp;tbnid=tdCfUvMRU36L7M%3A&amp;zoom=1&amp;docid=ZWhW5GRVJgNw2M&amp;ei=S_-pVOqoHYrzUqbagbAL&amp;tbm=isch&amp;iact=rc&amp;uact=3&amp;dur=1301&amp;page=1&amp;start=0&amp;ndsp=21&amp;ved=0CCUQrQMwAQ\"><i>Jan III Sobieski<\/i> <\/a>erw\u00e4hnt. Er war der eigentliche herausragende Heerf\u00fchrer und f\u00fchrte als Oberbefehlshaber der Katholischen Liga mit seinen Mannen den entscheidenden Angriff im Verlauf der Schlacht am Kahlenberg&#8230;<br \/>\nZu Mauerzeiten war ich \u00f6fters im Postmuseum an der Urania, was ja als Westberliner Gegenst\u00fcck irgendwann etabliert wurde. Dort blieb mir eine kleine Sonderausstellung besonders haften, es ging da um \u00dcbersetzungen von Bedienungs- und Montageanleitungen verschiedenartigster Produkte aus der ganzen Welt. Bei jenen Sprachpannen schossen japanische Hersteller den Vogel ab, was die Handhabung ihrer Unterhaltungselektronik betraf.<br \/>\nMittlerweile verlegt sogar Langenscheidt regelm\u00e4\u00dfig solcherart Literatur, die erste Ausgabe erhielt ich vor Jahren zum Geburtstag, kam alles aber nicht so prickelnd r\u00fcber wie damals im Museum.<br \/>\nJedenfalls lohnt sich ein Besuch in dem Kommunikationstempel f\u00fcr interessierte junge Zwerge, bis hin zu Scheintoten. Viele\u00a0<a href=\"http:\/\/zonenklaus.de\/wordpress\/wp-content\/uploads\/2015\/01\/Mucke-1.mp3\">Sachverhalte<\/a> werden auch sehr witzig dargestellt, besonders die Informationen an den S\u00e4ulen der \u201eSchatzkammer\u201c.<!--more--><\/p>\n<p><a href=\"http:\/\/zonenklaus.de\/wordpress\/wp-content\/uploads\/2015\/01\/Fly-1\u00e4.jpg\"><img loading=\"lazy\" decoding=\"async\" class=\"alignleft size-thumbnail wp-image-25553\" src=\"http:\/\/zonenklaus.de\/wordpress\/wp-content\/uploads\/2015\/01\/Fly-1\u00e4-150x150.jpg\" alt=\"Fly-1\u00e4\" width=\"150\" height=\"150\" srcset=\"https:\/\/zonenklaus.de\/wordpress\/wp-content\/uploads\/2015\/01\/Fly-1\u00e4-150x150.jpg 150w, https:\/\/zonenklaus.de\/wordpress\/wp-content\/uploads\/2015\/01\/Fly-1\u00e4-300x300.jpg 300w, https:\/\/zonenklaus.de\/wordpress\/wp-content\/uploads\/2015\/01\/Fly-1\u00e4-1024x1024.jpg 1024w, https:\/\/zonenklaus.de\/wordpress\/wp-content\/uploads\/2015\/01\/Fly-1\u00e4-624x624.jpg 624w, https:\/\/zonenklaus.de\/wordpress\/wp-content\/uploads\/2015\/01\/Fly-1\u00e4.jpg 1226w\" sizes=\"auto, (max-width: 150px) 100vw, 150px\" \/><\/a><a href=\"http:\/\/zonenklaus.de\/wordpress\/wp-content\/uploads\/2015\/01\/Fly-2\u00e4.jpg\"><img loading=\"lazy\" decoding=\"async\" class=\"alignleft size-thumbnail wp-image-25554\" src=\"http:\/\/zonenklaus.de\/wordpress\/wp-content\/uploads\/2015\/01\/Fly-2\u00e4-150x150.jpg\" alt=\"Fly-2\u00e4\" width=\"150\" height=\"150\" srcset=\"https:\/\/zonenklaus.de\/wordpress\/wp-content\/uploads\/2015\/01\/Fly-2\u00e4-150x150.jpg 150w, https:\/\/zonenklaus.de\/wordpress\/wp-content\/uploads\/2015\/01\/Fly-2\u00e4-298x300.jpg 298w, https:\/\/zonenklaus.de\/wordpress\/wp-content\/uploads\/2015\/01\/Fly-2\u00e4-1017x1024.jpg 1017w, https:\/\/zonenklaus.de\/wordpress\/wp-content\/uploads\/2015\/01\/Fly-2\u00e4-624x628.jpg 624w, https:\/\/zonenklaus.de\/wordpress\/wp-content\/uploads\/2015\/01\/Fly-2\u00e4.jpg 1219w\" sizes=\"auto, (max-width: 150px) 100vw, 150px\" \/><\/a><\/p>\n<p>Muss noch etwas zum Caf\u00e9, mit seinem leichten Flair von einem etwas besseren Bahnhofrestaurant, ablassen. Kuchen und Torten sahen ja zum Anbei\u00dfen aus, allerdings m\u00f6chte man sie essen und nicht als Wertanlage in den Tresor legen. Hinzu kam die ausgesprochen Freundlichkeit der Tante, die mich auch an eine Mitropa-Kneipe erinnerte.<br \/>\nNun kann man mein Weib fast als die Reinkarnation von fast \u00fcbertriebener Freundlichkeit bezeichnen, sie zuckte nach einer vorsichtig ge\u00e4u\u00dferten Frage, ob hier Selbstbedienung sei, heftig zusammen.<br \/>\n\u201eSetzen sie sich hin, sie sehen doch, dass hier bedient wird!\u201c<br \/>\nMadame trollte sich gehorsam zum Platzieren. Im Raum hockten vielleicht zwanzig G\u00e4ste an vier oder f\u00fcnf Tischen verteilt, um die sich der Servierfl\u00e4z auch nicht so richtig zu k\u00fcmmern schien, nebenher konnte man ihm, bei seinem aufregenden Gang, sogar die Schuhe besohlen&#8230;<br \/>\nMit meiner Eulenspiegelei gab ich es der Tresenmagd entsprechend zur\u00fcck.<br \/>\nAuch nach 25 Jahren Mauerfall erleben wir immer wieder, dass man nicht ohne weiteres ein Glas Leitungsheimer bekommen kann, deshalb bitte ich darum mit Hilfe einer Notwahrheit &#8211; zum Heruntersp\u00fclen einer Tablette wird die Fl\u00fcssigkeit dringend ben\u00f6tigt. Darauf antwortet mir die Braut ungef\u00e4hr: \u201eWenn sie so dringend Wasser brauchen, gehen sie doch im Museum auf die Toilette, wir m\u00fcssen schlie\u00dflich das Wasser auch bezahlen. Was meinen sie wohl, wenn jeder Besucher von uns kostenlos Wasser haben wollte, wo wir da hinkommen?\u201c<br \/>\n\u201eDas erinnert mich an unterlassene Hilfeleistung!\u201c<br \/>\nSie dachte bestimmt &#8211; Wessipack! Mit einer leicht zur Faust geballten Fresse gab sie mir dann doch ein halbes Glas, aber nicht mal \u201eSto Gramm\u201c &#8211; dann schmeckte das Ges\u00f6ff auch noch schei\u00dfe!<br \/>\nNach zehn Minuten Wartezeit verzichteten wir auf Kaffee und Kuchen, daheim wartete schlie\u00dflich noch Garfield\u00b4s <a title=\"Lieblingsspeise\" href=\"https:\/\/www.google.de\/search?q=garfield+lasagne&amp;biw=1152&amp;bih=532&amp;tbm=isch&amp;tbo=u&amp;source=univ&amp;sa=X&amp;ei=Iv2pVNKxDMftatXrgegG&amp;sqi=2&amp;ved=0CCAQsAQ\">Lieblingsspeise<\/a> auf uns&#8230;<\/p>\n","protected":false},"excerpt":{"rendered":"<p>Ausgerechnet heute, wo wir uns in besagtes Palais aufmachen wollten, erschien im TAGESSPITZEL ein Artikel \u00fcber die dortige Ausstellung &#8211; also wurde umdisponiert und es ging endlich mal ins Museum f\u00fcr Kommunikation. Selbstverst\u00e4ndlich findet man selbigen Text nicht im Netz! Daf\u00fcr etwas, wo sich AfD-Sprecher Konrad Adam in der \u201eFAS\u201c mit historischer Betrachtung versucht. Wobei [&hellip;]<\/p>\n","protected":false},"author":6,"featured_media":0,"comment_status":"open","ping_status":"open","sticky":false,"template":"","format":"standard","meta":{"footnotes":""},"categories":[1],"tags":[],"class_list":["post-25551","post","type-post","status-publish","format-standard","hentry","category-allgemeines"],"_links":{"self":[{"href":"https:\/\/zonenklaus.de\/wordpress\/index.php?rest_route=\/wp\/v2\/posts\/25551","targetHints":{"allow":["GET"]}}],"collection":[{"href":"https:\/\/zonenklaus.de\/wordpress\/index.php?rest_route=\/wp\/v2\/posts"}],"about":[{"href":"https:\/\/zonenklaus.de\/wordpress\/index.php?rest_route=\/wp\/v2\/types\/post"}],"author":[{"embeddable":true,"href":"https:\/\/zonenklaus.de\/wordpress\/index.php?rest_route=\/wp\/v2\/users\/6"}],"replies":[{"embeddable":true,"href":"https:\/\/zonenklaus.de\/wordpress\/index.php?rest_route=%2Fwp%2Fv2%2Fcomments&post=25551"}],"version-history":[{"count":8,"href":"https:\/\/zonenklaus.de\/wordpress\/index.php?rest_route=\/wp\/v2\/posts\/25551\/revisions"}],"predecessor-version":[{"id":25558,"href":"https:\/\/zonenklaus.de\/wordpress\/index.php?rest_route=\/wp\/v2\/posts\/25551\/revisions\/25558"}],"wp:attachment":[{"href":"https:\/\/zonenklaus.de\/wordpress\/index.php?rest_route=%2Fwp%2Fv2%2Fmedia&parent=25551"}],"wp:term":[{"taxonomy":"category","embeddable":true,"href":"https:\/\/zonenklaus.de\/wordpress\/index.php?rest_route=%2Fwp%2Fv2%2Fcategories&post=25551"},{"taxonomy":"post_tag","embeddable":true,"href":"https:\/\/zonenklaus.de\/wordpress\/index.php?rest_route=%2Fwp%2Fv2%2Ftags&post=25551"}],"curies":[{"name":"wp","href":"https:\/\/api.w.org\/{rel}","templated":true}]}}