{"id":25562,"date":"2015-01-05T13:28:19","date_gmt":"2015-01-05T12:28:19","guid":{"rendered":"http:\/\/zonenklaus.de\/wordpress\/?p=25562"},"modified":"2020-11-24T23:21:48","modified_gmt":"2020-11-24T22:21:48","slug":"stuermischer-tag","status":"publish","type":"post","link":"https:\/\/zonenklaus.de\/wordpress\/?p=25562","title":{"rendered":"St\u00fcrmischer Tag"},"content":{"rendered":"<p style=\"text-align: left;\">Gestern herrschte ein Sturm mit Windst\u00e4rken um die 6 der <a title=\"Beaufortskala\" href=\"http:\/\/de.wikipedia.org\/wiki\/Beaufortskala\">Beaufortskala<\/a>, <em>SchwarzRotSenf<\/em> auf dem Dach des Ministeriums f\u00fcr Finanzen stand wie ein Brett, B\u00f6en m\u00fcssen 8 und mehr gehabt haben &#8211; keine guter Tag f\u00fcr Drahteselreiter, deshalb zog ich die Kombination von U-Bahn und Stra\u00dfe vor.<br \/>\nHinterher kam es bei mir zu einem Kulturschock, erst mehrere Stunden in dem gigantischen Bau des <em>Museums f\u00fcr Kommunikation<\/em>, dann vor mir, auf dem Weg zum Potsdamer Platz, die eckigen Schei\u00dfhaufen aus Stahlbeton mit ihrer hochglobten Schie\u00dfscharten-Architektur&#8230;<\/p>\n<p style=\"text-align: left;\"><strong> &#8211; <\/strong>Am 2. Januar war es abends noch st\u00fcrmischer, deshalb parkte mein Hirschlein am Alex, als ich in seiner N\u00e4he einige Photos machte.<br \/>\n<strong> &#8211; <\/strong>Wenn ich daran denke, was der Platz zu meinen letzten Zonenjahre f\u00fcr einen quirligen Eindruck hinterlie\u00df, der damals sogar den Vopos und vielen Genossen im dezenten Dederon-Loock nicht gefiel. Die mit nervigen Ausweiskontrollen und anschlie\u00dfenden Aktionen immer wieder f\u00fcr etwas mehr Platz sorgten &#8211; die roten Komiker nannten solche Ma\u00dfnahme: <em>Kl\u00e4rung von Sachverhalten,<\/em> daf\u00fcr ging es dann in das Bullenrevier Keibelstrasse, wenige Minuten von hier&#8230;<\/p>\n<p style=\"text-align: left;\">Als ich an der Tramhaltestelle &#8211; der M4 &#8211; eine Auskunft wollt, ringsherum nur spanische, englische und franz\u00f6sische Kl\u00e4nge. Von vereinzelten Zeitgenossen kam auch nur, \u201eenglish please\u201c oder: \u201eIch bin nicht von hier.\u201c Dann in der Tram weiteres babylonisches Sprachengewirr, nur bei den wenigen Leute, die mit dicken Kl\u00fcsen herumhockten, schien es sich um Eingeborene zu handeln. Richtig, nach dem dritten Versuch kam endlich die korrekte Auskunft.<br \/>\nAuf der R\u00fccktour, gegen 8:30 PM, gings wegen der vielen Graffitis per pedes weiter. War wirklich komisch, meistens redeten jene wenigen jungen Leute, die mir entgegenkamen oder mich \u00fcberholten wieder nur Spanisch oder Englisch. Auf der <em>Greifswalder<\/em> erinnerte verkehrsm\u00e4\u00dfig alles an die 1970ger&#8230;<br \/>\nDer gerade erlebte Totentanz setzte sich auch am Alex fort, an den Haltestellen lungerte wartendes Volk und auch die wollten nur fluchtartig jene Gegend verlassen. Abgesehen von den erleuchteten Konsumtempeln, erinnerte der Rest auf dem Platz an eine riesige <a title=\"M\u00fclldeponie\" href=\"https:\/\/www.flickr.com\/photos\/zonenklaus\/16004154667\/\">M\u00fclldeponie<\/a> des heutigen Frohsinns, mit dem Gekreische von Helene Fischer untermalt.<br \/>\nDort traf ich aber auf die erste <a title=\"Berliner Pflanze\" href=\"https:\/\/www.flickr.com\/photos\/zonenklaus\/16189158512\/\">Berliner Pflanze<\/a> &#8211; einen Flaschenhai, der mich gr\u00fc\u00dfte. W\u00e4hrend einer Rauchpause offerierte er mir seine letzten Jahre. Meinen Einwand, dass er bestimmt bald einen Gewerbeschein f\u00fcr seinen Job ben\u00f6tige und daf\u00fcr auch noch Steuern blechen m\u00fcsste, begegnete er mit Zustimmung. Ob ich ein Photo von ihm machen wolle, daf\u00fcr gab es einen weiteren Glimmer. Anschlie\u00dfend noch einen zerkn\u00fcllten, europaweit verbreiteten <a title=\"Spandaudollar\" href=\"http:\/\/www.google.de\/imgres?imgurl=http%3A%2F%2Fimages.fotocommunity.de%2Fbilder%2Fdeutsche-zeitgeschichte%2Fdie-ddr-und-das-was-uebrig-ist%2F5-deutsche-mark-9c905ef8-c496-4e7d-a017-683795d79770.jpg&amp;imgrefurl=http%3A%2F%2Fwww.fotocommunity.de%2Fpc%2Fpc%2Fdisplay%2F8875021&amp;h=800&amp;w=771&amp;tbnid=Y3wRpzBMOiF5tM%3A&amp;zoom=1&amp;docid=dobviYe_qyy0nM&amp;ei=z26qVNu3J4GqUN_egPAM&amp;tbm=isch&amp;iact=rc&amp;uact=3&amp;dur=682&amp;page=1&amp;start=0&amp;ndsp=11&amp;ved=0CC0QrQMwAw\">Spandaudollar<\/a>, der sich schon mehrere Tage in der Tasche meiner Feldjacke tummelte.<!--more--><br \/>\nDie ganze Zeit wehten Dudelsackkl\u00e4nge her\u00fcber. Machte abschlie\u00dfend noch ein Photo von der blinkenden \u201e<a title=\"Nuttenbrosche\" href=\"https:\/\/www.flickr.com\/photos\/zonenklaus\/16002608680\/\">Nuttenbrosche<\/a>\u201c, die richtig futuristisch zwischen dem ganzen unbeleuchteten Sperrm\u00fcll durchschimmerte.<br \/>\nLauschte dann dem hartgesottenen Highlander, der sich an der zugigsten Ecke des Platzes schaffte und kam auch mit ihm ins Gespr\u00e4ch. Nahm etwas davon auf, es gelang wegen der Windb\u00f6en nur in mieser Qualit\u00e4t. <a title=\"Lukasz\" href=\"https:\/\/www.flickr.com\/photos\/zonenklaus\/15570132193\/in\/photostream\/\">Lukasz<\/a> beschrieb darin seine <a href=\"http:\/\/zonenklaus.de\/wordpress\/wp-content\/uploads\/2015\/01\/Interview-e.mp3\">CD<\/a>, die ich ihm f\u00fcr einen Zehner abnahm &#8211; k\u00f6nnte die ganze\u00a0<a href=\"http:\/\/zonenklaus.de\/wordpress\/wp-content\/uploads\/2015\/01\/Amacing-Grace.mp3\">Mucke<\/a> auch ins Netz stellen&#8230;<br \/>\n<a href=\"http:\/\/zonenklaus.de\/wordpress\/wp-content\/uploads\/2015\/01\/Scottish-1\u00e4.jpg\"><img loading=\"lazy\" decoding=\"async\" class=\"alignleft size-thumbnail wp-image-25565\" src=\"http:\/\/zonenklaus.de\/wordpress\/wp-content\/uploads\/2015\/01\/Scottish-1\u00e4-138x150.jpg\" alt=\"Scottish-1\u00e4\" width=\"138\" height=\"150\" srcset=\"https:\/\/zonenklaus.de\/wordpress\/wp-content\/uploads\/2015\/01\/Scottish-1\u00e4-138x150.jpg 138w, https:\/\/zonenklaus.de\/wordpress\/wp-content\/uploads\/2015\/01\/Scottish-1\u00e4-277x300.jpg 277w, https:\/\/zonenklaus.de\/wordpress\/wp-content\/uploads\/2015\/01\/Scottish-1\u00e4-624x675.jpg 624w, https:\/\/zonenklaus.de\/wordpress\/wp-content\/uploads\/2015\/01\/Scottish-1\u00e4.jpg 651w\" sizes=\"auto, (max-width: 138px) 100vw, 138px\" \/><\/a><a href=\"http:\/\/zonenklaus.de\/wordpress\/wp-content\/uploads\/2015\/01\/scottish-2\u00e4.jpg\"><img loading=\"lazy\" decoding=\"async\" class=\"alignleft size-thumbnail wp-image-25566\" src=\"http:\/\/zonenklaus.de\/wordpress\/wp-content\/uploads\/2015\/01\/scottish-2\u00e4-137x150.jpg\" alt=\"scottish-2\u00e4\" width=\"137\" height=\"150\" srcset=\"https:\/\/zonenklaus.de\/wordpress\/wp-content\/uploads\/2015\/01\/scottish-2\u00e4-137x150.jpg 137w, https:\/\/zonenklaus.de\/wordpress\/wp-content\/uploads\/2015\/01\/scottish-2\u00e4-275x300.jpg 275w, https:\/\/zonenklaus.de\/wordpress\/wp-content\/uploads\/2015\/01\/scottish-2\u00e4-624x678.jpg 624w, https:\/\/zonenklaus.de\/wordpress\/wp-content\/uploads\/2015\/01\/scottish-2\u00e4.jpg 649w\" sizes=\"auto, (max-width: 137px) 100vw, 137px\" \/><\/a>Im bescheidenen Cover prangt auf der Innenseite ein geiles Photo. <strong>(<\/strong><em>Wei\u00df nat\u00fcrlich nicht, wo es herstammt.<\/em><strong>)<\/strong> Gut, egal wo man hinreist, wenn der Blick f\u00fcr Kleinigkeiten vorhanden ist, sind tolle Ecken anzutreffen. Solche Erinnerungen werden aber ewig eingeschr\u00e4nkter, da immer mehr Leichen irgendwo herumliegen und auf diese bleibenden Eindr\u00fccke kann ich verzichten. Zumal mir ein solches Erlebnis der anderen Art mit meiner damaligen Freundin Cami, am 30. April 1979, in Lissabon zuteil wurde. Wir erlebten, wie an der Stra\u00dfenbahnhaltestelle, keine 10 Meter von uns, Leute einen Typen abstachen, der infernalisch br\u00fcllend, im Laufe von weniger Minuten, in einer riesigen Blutlache verendete.<br \/>\nIrgendwo, in den weiten des Blogs steht diese Geschichte auch irgendwo&#8230;<br \/>\nWieder im beschaulichen Wilmersdorf, gab es noch eines Steigerung des gerade erst registrierten Totentanzes vom Alex, hier lief keine Sau auf der Stra\u00dfe herum.<br \/>\nHinzu kam, dass in meiner Stammpinte RTL lief.<br \/>\nNach einem Kaffee gings deshalb ruckartig in die H\u00f6hle&#8230;<\/p>\n","protected":false},"excerpt":{"rendered":"<p>Gestern herrschte ein Sturm mit Windst\u00e4rken um die 6 der Beaufortskala, SchwarzRotSenf auf dem Dach des Ministeriums f\u00fcr Finanzen stand wie ein Brett, B\u00f6en m\u00fcssen 8 und mehr gehabt haben &#8211; keine guter Tag f\u00fcr Drahteselreiter, deshalb zog ich die Kombination von U-Bahn und Stra\u00dfe vor. Hinterher kam es bei mir zu einem Kulturschock, erst [&hellip;]<\/p>\n","protected":false},"author":6,"featured_media":0,"comment_status":"open","ping_status":"open","sticky":false,"template":"","format":"standard","meta":{"footnotes":""},"categories":[1],"tags":[],"class_list":["post-25562","post","type-post","status-publish","format-standard","hentry","category-allgemeines"],"_links":{"self":[{"href":"https:\/\/zonenklaus.de\/wordpress\/index.php?rest_route=\/wp\/v2\/posts\/25562","targetHints":{"allow":["GET"]}}],"collection":[{"href":"https:\/\/zonenklaus.de\/wordpress\/index.php?rest_route=\/wp\/v2\/posts"}],"about":[{"href":"https:\/\/zonenklaus.de\/wordpress\/index.php?rest_route=\/wp\/v2\/types\/post"}],"author":[{"embeddable":true,"href":"https:\/\/zonenklaus.de\/wordpress\/index.php?rest_route=\/wp\/v2\/users\/6"}],"replies":[{"embeddable":true,"href":"https:\/\/zonenklaus.de\/wordpress\/index.php?rest_route=%2Fwp%2Fv2%2Fcomments&post=25562"}],"version-history":[{"count":10,"href":"https:\/\/zonenklaus.de\/wordpress\/index.php?rest_route=\/wp\/v2\/posts\/25562\/revisions"}],"predecessor-version":[{"id":35547,"href":"https:\/\/zonenklaus.de\/wordpress\/index.php?rest_route=\/wp\/v2\/posts\/25562\/revisions\/35547"}],"wp:attachment":[{"href":"https:\/\/zonenklaus.de\/wordpress\/index.php?rest_route=%2Fwp%2Fv2%2Fmedia&parent=25562"}],"wp:term":[{"taxonomy":"category","embeddable":true,"href":"https:\/\/zonenklaus.de\/wordpress\/index.php?rest_route=%2Fwp%2Fv2%2Fcategories&post=25562"},{"taxonomy":"post_tag","embeddable":true,"href":"https:\/\/zonenklaus.de\/wordpress\/index.php?rest_route=%2Fwp%2Fv2%2Ftags&post=25562"}],"curies":[{"name":"wp","href":"https:\/\/api.w.org\/{rel}","templated":true}]}}