{"id":25576,"date":"2015-01-06T00:03:05","date_gmt":"2015-01-05T23:03:05","guid":{"rendered":"http:\/\/zonenklaus.de\/wordpress\/?p=25576"},"modified":"2015-01-07T01:03:41","modified_gmt":"2015-01-07T00:03:41","slug":"didi-hallervorden-bekommt-uli-hoeness-eine-extrawurst","status":"publish","type":"post","link":"https:\/\/zonenklaus.de\/wordpress\/?p=25576","title":{"rendered":"Didi Hallervorden: &#8220;Bekommt Uli Hoene\u00df eine Extrawurst?&#8221;"},"content":{"rendered":"<p><strong>\u201e<\/strong>Ooooccchh Didi, wat soll`n die <a title=\"Frage\" href=\"http:\/\/www.gmx.net\/magazine\/unterhaltung\/stars\/didi-hallervorden-bekommt-uli-hoeness-extrawurst-30339590\">Frage<\/a>?<br \/>\nDie hat er doch bereits bekommen!<br \/>\nPass blo\u00df uff, det se nich bei Dich inne Verjangenheit herumklam\u00fcsan!<br \/>\nTrotzdem Danke<strong>!<\/strong> Det wenijstenz eena in da Republik mal seine Fressleiste uffrei\u00dft<strong>!<\/strong><br \/>\nJanz nebenbei w\u00fcrde mir doch interessieren, weshalb det mit\u00b4n fr\u00fchen Freijang jeschah. Denn det ist alles nich mit \u00b4nem sog. <a title=\"Promi-Bonus\" href=\"http:\/\/www.gmx.net\/magazine\/sport\/fussball\/uli-hoeness-job-jugendabteilung-fc-bayern-muenchen-alibigeschichte-30339114\"><i>Promi-Bonus<\/i><\/a> zu erkl\u00e4r\u00b4n! Eventuell leidet Uli ja an eene t\u00f6dlich valaufende Eisen-Phobie, wejen die schwedischen Jardinen. Heute is ja allet m\u00f6jlich&#8230;<br \/>\nWahscheinlicher ist aba, det die Keule etliche Leute in seine vorbildlichen Patschh\u00e4ndchen hat&#8230;<strong>&#8220;<\/strong><br \/>\n<i>F\u00fcr den Anfang sind jedenfalls alle im Klub froh, dass der \u00dcbervater wieder unter ihnen weilt. &#8220;Wir freuen uns alle auf die Gespr\u00e4che mit ihm. Die haben wir am meisten vermisst&#8221;, <\/i>sagte Klein-Philipp.<br \/>\nDer <i>ihn mehr als zehn Jahre gef\u00f6rdert und gefordert hat <\/i><b>(<\/b>Etwa auch bei manchen pekuni\u00e4ren Angelegenheiten?<b>)<\/b> <i>&#8211; und von dem er selbiges nun f\u00fcr eine neue Generation an Spielern erwartet.<\/i> <i>&#8220;Ich glaube, dass Uli Hoene\u00df in der Jugendabteilung sehr viel bewegen wird. Wir k\u00f6nnen da alle sehr gespannt sein.&#8221;<\/i><br \/>\nWas sollte der <i><b>Patron<\/b><\/i> in der Jugendabteilung noch <i>sehr viel bewegen<\/i>, wo nun schon seit l\u00e4ngerem dieses Bankabkommen zwischen den Eidgenossen und UNSERER Republik anlief!<br \/>\nDa m\u00fcssen doch nicht <i>alle sehr gespannt sein<\/i><b>!<\/b><br \/>\nMit f\u00e4llt noch wat in, och als Tip f\u00fcr Didi gedacht! Man muss janz scheen uffpassen, det man beim Lesen vonne jejenw\u00e4rtje Lex-Hoene\u00df, off da Schleimspur vonne Medijen, nich uff de Fresse knallt!<br \/>\nDas mit Hoene\u00df wird sich von selbst erledigen, daf\u00fcr sorgen Leute in seiner unmittelbaren Umgebung, z.B. der Typ der f\u00fcr den Job vorgesehen war, den jetzt Uli machen darf. Der verdr\u00e4ngte Mann wird bestimmt zuhause m\u00e4chtig Dampf von seiner Alten bekommen und irgendwann intrigieren&#8230;<br \/>\n\u201eDidi, Du hattest Deinen Spa\u00df! Glaube mir, es gibt wesentlich wichtigere Schweinereien gegen die man angehen muss! Wei\u00dft Du \u00fcberhaupt, dass WIR einen Agrarminister aus dem Bayernland haben? Jener christsozialistische Quotenlutheraner aus Mittelfranken hei\u00dft Christian Schmidt und ist wesentlich gef\u00e4hrlicher als Zocker-Hoeni!<br \/>\nNicht etwa, weil es sich bei ihm auch um einen juristischen Allrounder handelt &#8211; jene Leute sind bekanntlich f\u00fcr jegliche politische Spezialjobs pr\u00e4destiniert, <a title=\"heute mal das\" href=\"http:\/\/www.bz-berlin.de\/deutschland\/ist-wo-schwarzwald-draufsteht-bald-texas-drin\">heute mal das<\/a> ausprobieren d\u00fcrfen und <a title=\"morgen das andere\" href=\"http:\/\/www.bild.de\/geld\/wirtschaft\/christian-schmidt\/will-keine-nuernberger-rostbratwurst-aus-kentucky-39204954.bild.html\">morgen das andere<\/a>&#8230;\u201c<br \/>\nIn seiner <a title=\"Heimatseite\" href=\"http:\/\/www.christian-schmidt.de\/index.php\">Heimatseite<\/a> geht er ja ab, wie Schmidts Katze, obwohl ich anfangs dachte, der Text stammt von Loriot. Fand dort auch DAS idiotischste Modewort UNSERER Zeit &#8211; \u201enachhaltig\u201c! F\u00fcr mich steht es im Zusammenhang mit anderen Begriffen fr\u00fcherer Tage, da konnte ich ohne weiteres die Schublade \u00f6ffnen, s\u00e4mtliche User darin versenken und das war es dann auch schon. Nachtr\u00e4glich lie\u00df es sich belegen, Leute die permanent ganz gewisse Begriffe benutzten, stellten sich im Laufe der Zeit als absolute Flachzangen heraus. Meine damit \u201esukzessive\u201c und \u201eaufoktroyieren\u201c, beide unterschiedliche Wortarten geh\u00f6rten immer wieder zum Vorspiel ihrer politisch korrekten Verbalhurerei&#8230;<br \/>\nDa WIR alle pennen, wird der Herr Agrarminister mit UNSERER Hilfe schlie\u00dflich als der bedeutendste Wegbereiter des TTIP-\u201cAbkommens\u201c in die Annalen eingehen&#8230;<br \/>\nWill hier nicht wetten, aber mit Allgemeinwissen aus seiner landwirtschaftlichen Branche ist Schmidtchen bestimmt auch recht schwach gesegnet, der k\u00f6nnte n\u00e4mlich eine <a title=\"Nussfrucht\" href=\"http:\/\/de.wikipedia.org\/wiki\/Sammelnussfrucht\">Nussfrucht<\/a> nicht von einem Schmetterlingsbl\u00fctler der Familie der <a title=\"H\u00fclsenfr\u00fcchtler\" href=\"http:\/\/de.wikipedia.org\/wiki\/Erdnuss\">H\u00fclsenfr\u00fcchtler<\/a> unterscheiden. <b>(<\/b><i>Jogi w\u00fcsste die Antwort auf der Stelle!<\/i><b>)<\/b><br \/>\nNun habe ich total vergessen einiges zur Fl\u00fcchtlingsproblematik abzulassen, nur gut, das tun f\u00fcr mich fast t\u00e4glich die Bundesmutti und der Bupr\u00e4si.<br \/>\nAllerdings doch nicht so ganz richtig, denn \u00c4nschie versucht letztlich die Angelegenheit in gewohnter Manie auszusitzen. Wo jetzt eine dringende Entscheidung anstehen w\u00fcrde, scheint die Frau Kanzlerin alles ins Leere laufen zu lassen, wie letztlich gehabt &#8211; bei den Hongkonger Kommunisten&#8230;<br \/>\nHerr Gauck geht es scheinbar \u00e4hnlich. Statt einmal wirklich Tacheles zureden <b>(<\/b><i>War ja noch nie sein Fall. Gott sei Dank hat der Redenschreiber eingesehen, dass mit dem ewigen ausknautschen des <\/i>Freiheit<i>sbegriffes kein Blumentopf zugewinnen ist.<\/i><b>)<\/b>, ruft er bei der Queen an, ob sie nicht Lust h\u00e4tte, vor ihrem Ableben nochmals in Berlin aufzutauchen. Wollte wahrscheinlich seiner LAG damit beweisen, was er f\u00fcr ein toller Hecht ist.<br \/>\nEinen belanglosen Cocktail-Smalltalk h\u00e4tte die beiden auch in einem der bescheidenen k\u00f6niglichen Anwesen in UK erledigen k\u00f6nnen.<br \/>\nNicht nur mich bringen solche <i>Besuche<\/i> fast immer zum Kotzen, weil an jenen Tagen in der Stadt nichts mehr funktioniert.<br \/>\nDabei war Bonn die optimale Spielwiese, alles lie\u00df sich \u00fcberschaubar abriegeln und zum Pennen w\u00e4re es mit Helikoptern blitzschnell auf den Berg gegangen&#8230;<br \/>\nNee, man braucht ja unbedingt dieses hundeverschissene Dorf zum Renommieren.<\/p>\n","protected":false},"excerpt":{"rendered":"<p>\u201eOoooccchh Didi, wat soll`n die Frage? Die hat er doch bereits bekommen! Pass blo\u00df uff, det se nich bei Dich inne Verjangenheit herumklam\u00fcsan! Trotzdem Danke! Det wenijstenz eena in da Republik mal seine Fressleiste uffrei\u00dft! Janz nebenbei w\u00fcrde mir doch interessieren, weshalb det mit\u00b4n fr\u00fchen Freijang jeschah. Denn det ist alles nich mit \u00b4nem sog. [&hellip;]<\/p>\n","protected":false},"author":6,"featured_media":0,"comment_status":"open","ping_status":"open","sticky":false,"template":"","format":"standard","meta":{"footnotes":""},"categories":[37],"tags":[],"class_list":["post-25576","post","type-post","status-publish","format-standard","hentry","category-gmx-war-dabei"],"_links":{"self":[{"href":"https:\/\/zonenklaus.de\/wordpress\/index.php?rest_route=\/wp\/v2\/posts\/25576","targetHints":{"allow":["GET"]}}],"collection":[{"href":"https:\/\/zonenklaus.de\/wordpress\/index.php?rest_route=\/wp\/v2\/posts"}],"about":[{"href":"https:\/\/zonenklaus.de\/wordpress\/index.php?rest_route=\/wp\/v2\/types\/post"}],"author":[{"embeddable":true,"href":"https:\/\/zonenklaus.de\/wordpress\/index.php?rest_route=\/wp\/v2\/users\/6"}],"replies":[{"embeddable":true,"href":"https:\/\/zonenklaus.de\/wordpress\/index.php?rest_route=%2Fwp%2Fv2%2Fcomments&post=25576"}],"version-history":[{"count":6,"href":"https:\/\/zonenklaus.de\/wordpress\/index.php?rest_route=\/wp\/v2\/posts\/25576\/revisions"}],"predecessor-version":[{"id":25582,"href":"https:\/\/zonenklaus.de\/wordpress\/index.php?rest_route=\/wp\/v2\/posts\/25576\/revisions\/25582"}],"wp:attachment":[{"href":"https:\/\/zonenklaus.de\/wordpress\/index.php?rest_route=%2Fwp%2Fv2%2Fmedia&parent=25576"}],"wp:term":[{"taxonomy":"category","embeddable":true,"href":"https:\/\/zonenklaus.de\/wordpress\/index.php?rest_route=%2Fwp%2Fv2%2Fcategories&post=25576"},{"taxonomy":"post_tag","embeddable":true,"href":"https:\/\/zonenklaus.de\/wordpress\/index.php?rest_route=%2Fwp%2Fv2%2Ftags&post=25576"}],"curies":[{"name":"wp","href":"https:\/\/api.w.org\/{rel}","templated":true}]}}