{"id":25663,"date":"2015-01-07T22:37:00","date_gmt":"2015-01-07T21:37:00","guid":{"rendered":"http:\/\/zonenklaus.de\/wordpress\/?p=25663"},"modified":"2015-01-08T15:48:05","modified_gmt":"2015-01-08T14:48:05","slug":"altkanzler-gerhard-schmidt-und-helmut-schroeder-erheben-wort-gegen-pegida","status":"publish","type":"post","link":"https:\/\/zonenklaus.de\/wordpress\/?p=25663","title":{"rendered":"Altkanzler Gerhard Schmidt und Helmut Schr\u00f6der erheben Wort gegen Pegida"},"content":{"rendered":"<p lang=\"de-DE\">Mit was f\u00fcr einer d\u00e4mlichen Headline warte <a title=\"GMX\" href=\"http:\/\/www.gmx.net\/magazine\/politik\/altkanzler-helmut-schmidt-gerhard-schroeder-erheben-wort-pegida-30340718\">GMX<\/a> denn da auf?<br \/>\n&#8230;e<i>rheben Wort gegen Pegida<\/i> &#8211; erheben je ein Wort und das war es dann auch schon! Scheinbar typisch f\u00fcr Leute, die nichts mehr mit sich anzufangen wissen, allerdings wegen der Quoten immer noch als Pausenf\u00fcller taugen und deshalb uns\u00e4glich gehypt werden.<br \/>\nMir war immer so, dass Altkanzler aufs Altenteil geh\u00f6ren, dem scheint aber nicht so. Hier geht es eher in Richtung <a title=\"Statler and Waldorf\" href=\"https:\/\/www.youtube.com\/watch?v=qAzzL1oyI9w\">Statler and Waldorf<\/a>, wie sie so da brezeln und trotzdem meinen, unbedingt ganz <i>wichtige<\/i> Dinge verk\u00fcnden zu m\u00fcssen.<br \/>\nTrotzdem m\u00f6chte ich die beiden Ruhest\u00e4ndler nicht in einen Pott schmei\u00dfen, denn daf\u00fcr sind sie ja bekannterma\u00dfen zu unterschiedlich, au\u00dferdem besitzt der \u00e4ltere Herr <b>(<\/b><i>1.v.l. &#8211; Indessen vermittelt das Photo f\u00fcr mich eine ganz andere Sicht, vielleicht in jene Richtung: \u201eSag mal, kennst du den schon&#8230;?\u201c<\/i><b>)<\/b> erheblich mehr Format. Aber weshalb tut sich Schmidtschnauze dies eigentlich an, hatte er in seiner Zeit doch mit ganz anderen Fl\u00fcchtlingsstr\u00f6men zu tun, dazu etwas sp\u00e4ter einige S\u00e4tze&#8230;<br \/>\nWas solche Auseinandersetzungen betrifft, kann man doch schon lange keinen Politiker mehr ernst nehmen.<br \/>\nBringe daf\u00fcr zwei Beispiele aus der letzten Zeit.<br \/>\nSo sagte der Berliner <a title=\"Oberdorfschulze\" href=\"http:\/\/www.focus.de\/panorama\/welt\/buergermeister-wowereit-sagt-den-taetern-den-kampf-an-pruegel-mord-am-alexanderplatz-schockiert-die-berliner_aid_839480.html\">Oberdorfschulze<\/a> (SPD) mit ganz ernster Mine nach dem Pr\u00fcgel-Mord am Alexanderplatz, an selbiger Stelle <i>den Brutalos den Kampf an<\/i>. \u00c4hnlich verhielt es sich bei der Trauerfeier von Tug\u00e7e A. in W\u00e4chtersbach, dort taucht Hessens Ministerpr\u00e4sident Volker Bouffier (CDU) auf und lie\u00df fast gleichlautende Sprechblasen aufsteigen. Forderte medientr\u00e4chtig ebenso Courage von seinen Untertanen, wenn es um spontane Hilfseins\u00e4tze bei Gewaltakten geht.<br \/>\nBeide Politiker kuscheln anschlie\u00dfend mit ihren Bodyguards und verschwinden darauffolgend sofort in ihren gepanzerten Limousinen vom Ort des Geschehens&#8230;<br \/>\nWas Pegida angeht, verh\u00e4lt es sich so \u00e4hnlich wie mit dem \u201eWeihnachtsfest\u201c, das steht immer wieder ganz pl\u00f6tzlich vor der T\u00fcr und niemand registriert dabei die dazwischen liegenden 12 Monate.<br \/>\nWill damit nur ausdr\u00fccken, die ins uferlose expandierende Fl\u00fcchtlingsproblematik gedieh in Jahrzehnten, wobei Massen von <i>demokratisch gew\u00e4hlte <\/i>Volks<i>ver<\/i>treter sich alsdann immer mehr in der Gestalt von <a title=\"G\u00f6ttin Kali\" href=\"http:\/\/www.google.de\/imgres?imgurl=http%3A%2F%2Fwww.gruselromane.de%2Fjohn_sinclair%2Ftitelbildvergleiche%2Fharryhausen.jpg&amp;imgrefurl=http%3A%2F%2Fwww.gruselromane.de%2Fframes%2Fsinclair%2Ftaschenb%2Fjstbb050%2Ftb012.htm&amp;h=432&amp;w=400&amp;tbnid=YrX5rWw41t8g_M%3A&amp;zoom=1&amp;docid=i9J25L-8SYkKAM&amp;ei=ip-tVI3xEJbxaKCWgdAG&amp;tbm=isch&amp;iact=rc&amp;uact=3&amp;dur=685&amp;page=1&amp;start=0&amp;ndsp=22&amp;ved=0CD4QrQMwCg\">G\u00f6ttin Kali<\/a> gefielen. Im Verlauf ihrer uns\u00e4glichen Selbstdarstellungen zus\u00e4tzlich jene Geisteshaltung der drei ber\u00fchmten <a title=\"chinesischen \u00c4ffchen\" href=\"http:\/\/www.google.de\/imgres?imgurl=http%3A%2F%2Fwww.clickpix.de%2Funglaubliches%2Fbilder%2F3-affen-cartoon.jpg&amp;imgrefurl=http%3A%2F%2Fwww.clickpix.de%2Funglaublich%2Fdrei-affen.htm&amp;h=270&amp;w=390&amp;tbnid=327J_MFEoVJ3hM%3A&amp;zoom=1&amp;docid=sQ6Az-kA-QIgwM&amp;ei=G6CtVLPHIITWaoq2gYgO&amp;tbm=isch&amp;iact=rc&amp;uact=3&amp;dur=798&amp;page=1&amp;start=0&amp;ndsp=11&amp;ved=0CCYQrQMwAQ\">chinesischen \u00c4ffchen<\/a> verinnerlichten und sie perfekt in einem verk\u00f6rperten. W\u00e4hrenddessen sogar ihre Riechkolben zuhalten konnten und zwangsl\u00e4ufig \u00fcberhaupt nicht schnallten, dass es an vielen Ecken und Enden bereits jahrzehntelang brannte.<br \/>\nImmer noch schlaftrunken, sind jetzt alle pl\u00f6tzlich gegen etwas scheinbar imagin\u00e4res und kreischen synchron nach vorn: \u201cHaltet den Dieb!\u201c &#8211; dabei steht er bereits wieder hinter ihnen&#8230;<br \/>\n<a name=\"firstHeading\"><\/a>Was die Nasen aller Couleur heutzutage ablassen, erinnert lediglich an eine gammelige <span lang=\"de-DE\">Donquichotterie, da niemand einen Plan mit weltweiter G\u00fcltigkeit aus der Tasche zaubern kann. <\/span>Letztlich gleicht alles einem miesen Gesch\u00e4ft, wo\u00a0 weltumspannend alle nur noch als Verlierer irgendwo herumh\u00e4ngen werden.<!--more--><\/p>\n<p lang=\"de-DE\"><b>(<\/b><i>Den zwischenzeitlich optimierten Selbstlauf dieses Business werden auch die Mumien des neu gew\u00e4hlten US-Kongresses nicht beeinflussen k\u00f6nnen, besser ausgedr\u00fcckt, die haben \u00fcberhaupt kein Interesse an einem politischen Wandel! <a href=\"http:\/\/zonenklaus.de\/wordpress\/wp-content\/uploads\/2015\/01\/Heroisch-verwonnen-1-\u00e4.jpg\"><img loading=\"lazy\" decoding=\"async\" class=\"alignleft size-thumbnail wp-image-25656\" src=\"http:\/\/zonenklaus.de\/wordpress\/wp-content\/uploads\/2015\/01\/Heroisch-verwonnen-1-\u00e4-150x99.jpg\" alt=\"Heroisch verwonnen-1--\u00e4\" width=\"150\" height=\"99\" srcset=\"https:\/\/zonenklaus.de\/wordpress\/wp-content\/uploads\/2015\/01\/Heroisch-verwonnen-1-\u00e4-150x99.jpg 150w, https:\/\/zonenklaus.de\/wordpress\/wp-content\/uploads\/2015\/01\/Heroisch-verwonnen-1-\u00e4-300x199.jpg 300w, https:\/\/zonenklaus.de\/wordpress\/wp-content\/uploads\/2015\/01\/Heroisch-verwonnen-1-\u00e4-624x415.jpg 624w, https:\/\/zonenklaus.de\/wordpress\/wp-content\/uploads\/2015\/01\/Heroisch-verwonnen-1-\u00e4.jpg 901w\" sizes=\"auto, (max-width: 150px) 100vw, 150px\" \/><\/a>\u00c4hnlich verh\u00e4lt es sich mit den halbtoten FDPmit- und ohne Gliedern! Meinen deren Witzbolde und Witzboldinnen etwa, nur weil sie ihr K\u00fcrzel auf einen weibermischfarbenen Balken pappten, haben sie das Rad, ein alles entscheidende Schwungrad vollends neu erfunden? Vor Jahren kamen sie doch schon mal auf solch drollige Idee, als pl\u00f6tzlich hinter jedem Buchstaben ein P\u00fcnktchen prangte&#8230;<\/i><b>)<\/b><\/p>\n<p lang=\"de-DE\">Zur letzten Dresdener Pegida-Demo will ich noch etwas ablassen. In dem Zusammenhang waren im Radio mehrere Sprechblasen vom momentanen Obsersachsen zu vernehmen, der als Redner vom Pulk eingeladen ward und sich bei der Rechtfertigung seiner Absage, vor dem Mikro wand wie eine Blindschleiche <b>(<\/b><i>Die nebenbei keine Schlange ist, ich ihm deshalb auch keine Rede mir gespaltener Zunge anh\u00e4ngen will!<\/i><b>)<\/b>. Wenn Schnacker Tillich, wie es ein Spanier ausdr\u00fccken w\u00fcrde &#8211; \u201eEier h\u00e4tte\u201c &#8211; dann h\u00e4tte er diese einmalige Chance bestimmt genutzt, nun ist die AfD aufs Trittbrett gesprungen&#8230;<\/p>\n<p lang=\"de-DE\">Jede M\u00fcnze besitzt zwangsl\u00e4ufig zwei Seiten, ob dabei die Wahrheit wirklich in der Mitte liegt, ist ohne martialischen Einsatz nicht auf die Schnelle herauszufinden. Allerdings trifft es bei dem vorliegenden Artikel nicht zu, denn zwischen den Ansichten der beiden Auguren liegen Welten, wobei man \u00d6llocke schon fast als Demagogen bezeichnen k\u00f6nnte.<br \/>\n<i>Der Publizist Michel Friedman und der s\u00e4chsische Theologe Frank Richter erkl\u00e4ren in der B.Z. ihre kontr\u00e4ren Positionen.<\/i><span lang=\"de-DE\"><br \/>\nDa jeder auf seine Feindbilder eigenverantwortlich bestehen sollte, gehe ich auf den <a title=\"BZ-Text \" href=\"http:\/\/www.bz-berlin.de\/deutschland\/pegida-hat-deutschland-ein-dresden-problem\">BZ-Text <\/a>nicht weiter ein. M\u00f6chte mich aber verwahren gegen eine populistische Gleichschalterei, wo Friedman folgende Meinung kundtut: <\/span><i>Die allermeisten Muslime sind Menschen wie du und ich, die den Traum haben, friedlich und gl\u00fccklich zu leben. <\/i><span lang=\"de-DE\">Es betrifft nicht die <\/span><span lang=\"de-DE\"><i>allermeisten<\/i><\/span><span lang=\"de-DE\"> Muselmanen, sondern das publizierende Scheffchen! Denn mit ihm m\u00f6chte ich auf gar keinen Fall auf eine Stufe gestellt werden!<\/span><br \/>\nIm Zuge dessen, ist aber seine damalige <a title=\"Aff\u00e4re\" href=\"http:\/\/www.stern.de\/panorama\/kokain-und-prostituierte-der-fall-friedman-515942.html\">Aff\u00e4re<\/a> nicht gemeint, als er sich stoned von einigen Spermatherapeutinnen verw\u00f6hnen lie\u00df! Ich kann den <i>Publizisten<\/i> absolut nicht verknusen, konnte ich noch nie! Seine widerlich\/respektlose Art kotzt mich uns\u00e4glich an, auf der einen Seite drischt er mit einer exorbitanten <a title=\"Moralkeule\" href=\"https:\/\/www.youtube.com\/watch?v=9yu6NvNoM4Y\">Moralkeule<\/a> um sich, besteht aber seinerseit wie selbstverst\u00e4ndlich auf ganz spezielle anders lautende Wertigkeiten.<\/p>\n<p lang=\"de-DE\"><b>(<\/b><i>Muss hier f\u00fcr v\u00f6llig unbedarfte Leute etwas einschieben und auf eine Legende hinweisen, die sagt: \u201eHast du Cocaine in der Blutbahn, kannst du v\u00f6geln wie ein Truthahn.\u201c Wenn nun ein ansonsten verklemmter Spie\u00dfer meint, mit Hilfe dieser Droge seine M\u00e4nnlichkeit auf Walfisch-Art<\/i> (Voll im Tran und dabei die meiste Kraft im Schwanz.<b>) <\/b><i>unter Beweis stellen zu k\u00f6nnen, unterliegt er einem \u201etypischen Fall von denkste!\u201c<br \/>\nAuf die optimale beidseitige Nutzbarmachung von Schnee in der Horizontalen gehe ich hier aber nicht ein&#8230;<br \/>\nAls kurzfristig enthemmende Droge kann wirklich nur ein guter Tropfen herhalten und die entsprechende Contenance w\u00e4hrenddessen&#8230;<br \/>\nAber gerade f\u00fcr Typen kann alles mit einem Glas zu viel, vollkommen in die Hose gehen, dann wirkt Allohol prompt wie <a title=\"H\u00e4ngolin\" href=\"http:\/\/de.wikipedia.org\/wiki\/H%C3%A4ngolin\">H\u00e4ngolin<\/a>.<br \/>\nUm vollendet in den Genuss des <a title=\"Coolidge-Effekt\" href=\"http:\/\/www.zeit.de\/1998\/24\/199824.coolidge.xml\">Coolidge-Effekt<\/a>s zu kommen, brauchts nicht unbedingt Drogen, in erster Linie die entsprechenden Pers\u00f6nlichkeiten&#8230;<\/i><b>)<\/b><\/p>\n<p><span lang=\"de-DE\">\u00a0<\/span><\/p>\n","protected":false},"excerpt":{"rendered":"<p>Mit was f\u00fcr einer d\u00e4mlichen Headline warte GMX denn da auf? &#8230;erheben Wort gegen Pegida &#8211; erheben je ein Wort und das war es dann auch schon! Scheinbar typisch f\u00fcr Leute, die nichts mehr mit sich anzufangen wissen, allerdings wegen der Quoten immer noch als Pausenf\u00fcller taugen und deshalb uns\u00e4glich gehypt werden. Mir war immer [&hellip;]<\/p>\n","protected":false},"author":6,"featured_media":0,"comment_status":"open","ping_status":"open","sticky":false,"template":"","format":"standard","meta":{"footnotes":""},"categories":[37],"tags":[],"class_list":["post-25663","post","type-post","status-publish","format-standard","hentry","category-gmx-war-dabei"],"_links":{"self":[{"href":"https:\/\/zonenklaus.de\/wordpress\/index.php?rest_route=\/wp\/v2\/posts\/25663","targetHints":{"allow":["GET"]}}],"collection":[{"href":"https:\/\/zonenklaus.de\/wordpress\/index.php?rest_route=\/wp\/v2\/posts"}],"about":[{"href":"https:\/\/zonenklaus.de\/wordpress\/index.php?rest_route=\/wp\/v2\/types\/post"}],"author":[{"embeddable":true,"href":"https:\/\/zonenklaus.de\/wordpress\/index.php?rest_route=\/wp\/v2\/users\/6"}],"replies":[{"embeddable":true,"href":"https:\/\/zonenklaus.de\/wordpress\/index.php?rest_route=%2Fwp%2Fv2%2Fcomments&post=25663"}],"version-history":[{"count":2,"href":"https:\/\/zonenklaus.de\/wordpress\/index.php?rest_route=\/wp\/v2\/posts\/25663\/revisions"}],"predecessor-version":[{"id":25672,"href":"https:\/\/zonenklaus.de\/wordpress\/index.php?rest_route=\/wp\/v2\/posts\/25663\/revisions\/25672"}],"wp:attachment":[{"href":"https:\/\/zonenklaus.de\/wordpress\/index.php?rest_route=%2Fwp%2Fv2%2Fmedia&parent=25663"}],"wp:term":[{"taxonomy":"category","embeddable":true,"href":"https:\/\/zonenklaus.de\/wordpress\/index.php?rest_route=%2Fwp%2Fv2%2Fcategories&post=25663"},{"taxonomy":"post_tag","embeddable":true,"href":"https:\/\/zonenklaus.de\/wordpress\/index.php?rest_route=%2Fwp%2Fv2%2Ftags&post=25663"}],"curies":[{"name":"wp","href":"https:\/\/api.w.org\/{rel}","templated":true}]}}