{"id":25689,"date":"2015-01-08T22:37:03","date_gmt":"2015-01-08T21:37:03","guid":{"rendered":"http:\/\/zonenklaus.de\/wordpress\/?p=25689"},"modified":"2015-01-09T14:53:49","modified_gmt":"2015-01-09T13:53:49","slug":"4000-euro-fuer-berliner-lehrerin-gesammelt","status":"publish","type":"post","link":"https:\/\/zonenklaus.de\/wordpress\/?p=25689","title":{"rendered":"4000 Euro f\u00fcr Berliner Lehrerin gesammelt"},"content":{"rendered":"<p>Warum wurde unter dem <a title=\"Konterfei\" href=\"http:\/\/www.bz-berlin.de\/berlin\/4000-euro-fuer-berliner-lehrerin-gesammelt\">Konterfei<\/a> von Bildungssenatorinn Scheeres (SPD), ihre momentane Jobbezeichnung eigentlich hinten mit zwei <b>\u201enn\u201c<\/b> geschrieben?<br \/>\nSollte wohl als weitere Aufwertung dieser Tante gelten. Ist sie eigentlich wegen einer ganz bestimmten Qualifikation auf den Posten gehievt worden oder handelt es sich lediglich um eine Quotengeschichte?<br \/>\nAls ich letztens jene Geschichte mit der Geldbu\u00dfe las, kam mir kurz, ob ich hier wohl in einer Klapper lebe und mich lediglich als Freig\u00e4nger verstehen soll.<br \/>\nBildungssenatorin<b>n<\/b> Scheeres, Scheeress &#8211; who the fuck is Frau nix Dr. Scheeres? Langsam d\u00e4mmerte es, misstrauisch erfolgte noch ein Blick zu Wikipedia. Wenn ich mich nicht verz\u00e4hlt habe, wurde sie dort mit acht <a title=\"(8) S\u00e4tzen\" href=\"http:\/\/de.wikipedia.org\/wiki\/Sandra_Scheeres\">(8) S\u00e4tzen<\/a> abgehandelt. Anders verh\u00e4lt es sich auf ihrer politischen <a title=\"Heimatseite\" href=\"http:\/\/sandra-scheeres.sozi.info\/index.php?mod=content&amp;menu=9&amp;page_id=279\">Heimatseite<\/a>, da lautet ihr Lei<i>d<\/i>spruch: <b>F\u00fcr Pankow- S\u00fcd und Heinersdorf: da sein-zuh\u00f6ren-handeln<\/b>. Prickelnd ist der auch nicht gerade, mehr so in Richtung FDP.<br \/>\nAber dann kommt es: <i>&#8220;Denn wer den Reichtum, den Kinder bedeuten, erleben will, der muss die Armut von Kindern bek\u00e4mpfen.&#8221; <\/i><b>(<\/b><span style=\"font-family: Traditional Arabic,serif;\"><span style=\"font-size: xx-small;\"><i>Sandra Scheeres bei der Aktuellen Stunde am 11. Oktober 2007 zum Thema Kinderarmut<\/i><\/span><\/span><b>)<\/b> Richtig! Weiter geht\u00b4s damit, dass Le<i>e<\/i>rkr\u00e4fte die p\u00e4dagogischen Defizite ihrer Sch\u00fcler etwas beackern, damit vielleicht aus dem einen oder anderen kindlichen Monster doch noch was wird, bevor es dann etwas sp\u00e4ter ohne richtige \u201eArbeit\u201c auf die Fresse f\u00e4llt&#8230;<br \/>\nAch so, seit \u00fcber drei Jahren senatiert Madame Scheeres bereits, dies muss aber irgendwo im Untergrund passieren, da sie mir ansonsten nicht weiter aufgefallen ist.<br \/>\nWie ist Frau Senatorin f\u00fcr Bil<i>t<\/i>un<i>k<\/i>, Ju<i>k<\/i>en<i>t<\/i> und Wissenschaf<i>d<\/i> des Bundeshauptdorfes \u00fcberhaupt drauf?<br \/>\n<a href=\"http:\/\/zonenklaus.de\/wordpress\/wp-content\/uploads\/2015\/01\/070421_unterschrift1.gif\"><img loading=\"lazy\" decoding=\"async\" class=\"alignleft size-thumbnail wp-image-25697\" src=\"http:\/\/zonenklaus.de\/wordpress\/wp-content\/uploads\/2015\/01\/070421_unterschrift1-150x32.gif\" alt=\"070421_unterschrift\" width=\"150\" height=\"32\" \/><\/a><\/p>\n<p><strong>(<\/strong><em>Diese Signatur l\u00e4sst tief blicken und eine Vielzahl ungeahnter M\u00f6glichkeiten von Interpretationen zu, was allerdings ihre momentane Situation als funtionierendes R\u00e4dchen im System angeht, da scheint ja deshalb alles im gr\u00fcnen Bereich zu sein&#8230;<\/em><strong>)<\/strong><\/p>\n<p><strong>\u00a0 &#8211; <\/strong>Es ereignen sich pausenlos Sachverhalte zwischen Himmel und Erde, da w\u00e4re doch, trotz der erbsenz\u00e4hlerischen Auslegung bescheuerte Paragraphen, so etwas wie ein Ermessensspielraum vorhanden gewesen, gerade bei dem angesprochenen <em>Tatbestand<\/em>, wo sich ein <a title=\"Teutscher Michel\" href=\"http:\/\/www.google.de\/imgres?imgurl=http%3A%2F%2Flyrik.antikoerperchen.de%2Fbilder%2Fwerke%2Fwerke_26_orig.jpg&amp;imgrefurl=http%3A%2F%2Flyrik.antikoerperchen.de%2Fbild.php%3Fbid%3D200&amp;h=231&amp;w=308&amp;tbnid=EyjAtbwhrtHAbM%3A&amp;zoom=1&amp;docid=POLOgxowvJpVyM&amp;ei=uJyvVJvMNc3OaK7LgbgB&amp;tbm=isch&amp;iact=rc&amp;uact=3&amp;dur=1119&amp;page=1&amp;start=0&amp;ndsp=11&amp;ved=0CDUQrQMwBA\"><i>Teutscher Michel<\/i><\/a> als Denunziant produzierte. Ob Bundes-Gauck heute jene Figur als <em>verdienten B\u00fcrger <\/em><em>mit einem Blick zur Sonne am Bande auszeichnete?<\/em><br \/>\nWenige Wochen nach meiner Einschulung begann ich <i>P\u00e4dagochen<\/i> zu verachten, dies hielt fast die ganze Schulzeit \u00fcber an&#8230;<br \/>\nIn den letzten Jahrzehnten lernte ich ganz wenige Lehrer und -innen kennen, die etwas drauf hatten, respektvoll mit ihren Sch\u00fclern umgingen und im Gegenzug auch von Sch\u00fclern und deren Eltern geachtet wurden.<br \/>\nUm solch einen Fall scheint es sich ja auch hier gehandelt haben. Nun bekommt die konfiszierte Skulptur auch noch eine entsprechende Deutung, \u00e4hnlich Loriots &#8220;<a title=\"Badenden\" href=\"https:\/\/www.youtube.com\/watch?v=Cm-A0-3O0vc\">Badenden<\/a>&#8220;, damit wird wohl deren Einstellung nun auch baden gehen. In der heutigen Zeit mehr als schade!<br \/>\nIch hoffe inst\u00e4ndig, dass jemand einen Weg findet, dass sie irgendwie an die Knete herankommt, allein wegen des ideellen Wertes der Spenden&#8230;<!--more--><\/p>\n<p>Noch zu etwas anderem!<br \/>\nEndlich von <a title=\"Stuttmann\" href=\"http:\/\/www.tagesspiegel.de\/berlin\/klaus-stuttmann-ueber-das-massaker-bei-charlie-hebdo-es-braucht-nur-einen-der-durchbrennt\/11204246.html\">Stuttmann<\/a> <a href=\"http:\/\/zonenklaus.de\/wordpress\/wp-content\/uploads\/2015\/01\/2-format35.jpg\"><img loading=\"lazy\" decoding=\"async\" class=\"alignleft size-thumbnail wp-image-25703\" src=\"http:\/\/zonenklaus.de\/wordpress\/wp-content\/uploads\/2015\/01\/2-format35-150x73.jpg\" alt=\"2-format35\" width=\"150\" height=\"73\" srcset=\"https:\/\/zonenklaus.de\/wordpress\/wp-content\/uploads\/2015\/01\/2-format35-150x73.jpg 150w, https:\/\/zonenklaus.de\/wordpress\/wp-content\/uploads\/2015\/01\/2-format35-300x147.jpg 300w, https:\/\/zonenklaus.de\/wordpress\/wp-content\/uploads\/2015\/01\/2-format35-624x307.jpg 624w, https:\/\/zonenklaus.de\/wordpress\/wp-content\/uploads\/2015\/01\/2-format35.jpg 715w\" sizes=\"auto, (max-width: 150px) 100vw, 150px\" \/><\/a>mal wieder eine schwarze Karikatur! M\u00f6chte nicht wissen, wie viel humanistische Traumt\u00e4nzer dabei aufjaulten, als sie den Cartoon sahen. Wunderte mich schon etwas, selbiges Thema auf diese Art umgesetzt, ausgerechnet in dieser Postille zu finden. Deren Niveau sich wegen der Quoten kontinuierlich an der Stammtischunterkante orientiert, was nach der letzten Umstrukturierung, \u201eDeutschlandradio Kultur\u201c ebenso betrifft, wie andere auserw\u00e4hlte Sendungen in den \u00f6ffentlich-rechtlichen Fernsehstationen &#8211; es ist schlicht zum Kotzen. Habe vorhin beschlossen, den Glotzen<i>Nachrichten<\/i>konsum drastisch zu k\u00fcrzen, nichtssagenden Deppenfunk muss man nicht einziehen. Nicht nur meine Wenigkeit kommt sich total verschei\u00dfert vor. Mittlerweile wird in den Medien ein Informationslevel erreicht, was weit unter der gezielten Desinformation aus meinen Zonenzeiten liegt. Es ist heute n\u00e4mlich nicht mehr m\u00f6glich, auch nur ann\u00e4hernd ein Qu\u00e4ntchen von gewissem Wahrheitsgehalt zu erheischen, da schon lange nichts mehr zwischen den Zeilen steht&#8230;<br \/>\nSeit zwei Tagen lese und h\u00f6re ich \u00fcberall, \u201eder Anschlag in Paris war ein Angriff auf die <i>demokratische Pressefreiheit<\/i>, die WIR verteidigen m\u00fcssen. Das Problem ist doch, wo nichts mehr vorhanden ist, kann man auch nichts verteidigen, h\u00f6chstens witzloses Schattenboxen veranstalten.<br \/>\nMittlerweile existiert vielleicht noch ein Rest <i>Pressefreiheit<\/i> bei irgendwelchen Winzresten von Kulturv\u00f6lkern im tiefsten afrikanischen Dschungel, unter den Buschtrommlern&#8230;<br \/>\n<a href=\"http:\/\/zonenklaus.de\/wordpress\/wp-content\/uploads\/2015\/01\/Balder\u00e4.jpg\"><img loading=\"lazy\" decoding=\"async\" class=\"alignleft size-thumbnail wp-image-25692\" src=\"http:\/\/zonenklaus.de\/wordpress\/wp-content\/uploads\/2015\/01\/Balder\u00e4-74x150.jpg\" alt=\"Balder\u00e4\" width=\"74\" height=\"150\" srcset=\"https:\/\/zonenklaus.de\/wordpress\/wp-content\/uploads\/2015\/01\/Balder\u00e4-74x150.jpg 74w, https:\/\/zonenklaus.de\/wordpress\/wp-content\/uploads\/2015\/01\/Balder\u00e4-148x300.jpg 148w, https:\/\/zonenklaus.de\/wordpress\/wp-content\/uploads\/2015\/01\/Balder\u00e4-506x1024.jpg 506w, https:\/\/zonenklaus.de\/wordpress\/wp-content\/uploads\/2015\/01\/Balder\u00e4-624x1262.jpg 624w, https:\/\/zonenklaus.de\/wordpress\/wp-content\/uploads\/2015\/01\/Balder\u00e4.jpg 706w\" sizes=\"auto, (max-width: 74px) 100vw, 74px\" \/><\/a>Was z. b. der TAGESSPITZEL unter seinem Leitspruch: <em>rerum cognoscere causas<\/em> versteht, belegt eine Ablichtung vom 4. Januar und dies auch noch unter seinem WELTSPIEGEL!<br \/>\nDiese ewigen H\u00f6hen und Tiefen nerven m\u00e4chtig, hier ein anderes Beispiel von Richard Weber: <a title=\"Der kaum erkl\u00e4rte Wahnsinn\" href=\"http:\/\/www.tagesspiegel.de\/medien\/der-kaum-erklaerte-wahnsinn\/10370758.html\">Der kaum erkl\u00e4rte Wahnsinn<\/a><br \/>\n<i>Weit weg vom nervigen Koch-Show-Einheitsbrei, vom abgestandenen Quiz-Plunder und von aufgetakelten Herzschmerz-Soaps. <\/i>Vergisst dabei die uns\u00e4glichen, \u00fcber den ganzen Tag verteilte Bullenserien und den Doku-D\u00fcnnschi\u00df.<br \/>\nSchlie\u00dflich kommt er als Witzbold darauf, dass ausgerechnet der Talk-Komiker Beckmann alles richten k\u00f6nnte&#8230;<br \/>\nWas mir nicht in die Birne will, weshalb spricht eigentlich alle Welt von islamistischen Fanatiker?<br \/>\nKann mich noch erinnern, als vor vielen Jahrzehnten Peter Scholl-Latour versuchte verst\u00e4ndnislosen Leuten klar zumachen, was jemand bewegt, wenn er mit einem fr\u00f6hlich Spruch auf den Lippen sein Dynamitleichen z\u00fcndete und Asphaltgyros produzierte.<br \/>\nMehre Sendungen schaute ich mir damals an, las in jenen Tagen auch noch regelm\u00e4\u00dfig \u201eSpiegel\u201c und \u201eZEIT\u201c &#8211; was kam als Reaktion? In jenen respektlosen Laberrunden lie\u00df man sich untereinander mehrheitlich nicht ausreden, christlich gepr\u00e4gte Moralisten und Ethiker, Polite<i>ks<\/i>perten, <i>P\u00fccho-<\/i> und <i>Soziolochen<\/i> legten w\u00e4hrend endloser Verbalmasturbationen einzig und allein Wert auf sinnlose Selbstdarstellungen und verstanden nat\u00fcrlich diese armen <i>Irren<\/i> nicht, welche anscheinend so selbstverst\u00e4ndlich bereit waren ihr Leben wegzuwerfen.<br \/>\nIn Printmedien kamen die gro\u00dfen Weltversteher und Seher zu \u00e4hnlichen Ergebnissen.<br \/>\nBis heute sind bei Erkl\u00e4rungsversuchen, resultierend aus <i>demokratisch\/intellektueller <\/i>Sicht, lediglich die Scheuklappen entsprechend des Zeitgeistes, den ver\u00e4nderten moralischen Betrachtungsweisen angepasst worden, ansonsten ist alles beim Alten geblieben.<br \/>\nUnd warum?<br \/>\nWeil sich gewisse Umgangsformen w\u00e4hrend der Weiterentwicklung von entsprechenden Gesellschaftsstrukturen seit Jahrtausenden bew\u00e4hrt haben, allerdings wurde in der Vergangenheit niemals mit Brot, Spiele und Peitsche so tricky jongliert, wie in UNSERER schnellebigen Zeit.<br \/>\nWas \u00fcbrig bleibt ist die Tatsache, jede Seite hat f\u00fcr kommende Zeiten ihre M\u00e4rtyrer, die dr\u00f6ge fette Masse wird sich in wenigen Wochen erholt haben und wieder auseinander gehen, der Alltag mit seinen kleinen Sorgen wird sie wieder krallen. Zwischenzeitlich finden in der momentanen Situation abgehalfterte Figuren neue Steigb\u00fcgelhalter, aus der Gosse werden unverbrauchte populistische Flachzangen aller Couleur aufsteigen, sich still und heimlich etablieren. Letztlich bleibt fast alles beim Alten, allerdings sind die Ebenen wieder etwas verschoben, aber nicht in positiver Richtung, was die wenigsten Leute registrieren werden.<\/p>\n","protected":false},"excerpt":{"rendered":"<p>Warum wurde unter dem Konterfei von Bildungssenatorinn Scheeres (SPD), ihre momentane Jobbezeichnung eigentlich hinten mit zwei \u201enn\u201c geschrieben? Sollte wohl als weitere Aufwertung dieser Tante gelten. Ist sie eigentlich wegen einer ganz bestimmten Qualifikation auf den Posten gehievt worden oder handelt es sich lediglich um eine Quotengeschichte? Als ich letztens jene Geschichte mit der Geldbu\u00dfe [&hellip;]<\/p>\n","protected":false},"author":6,"featured_media":0,"comment_status":"open","ping_status":"open","sticky":false,"template":"","format":"standard","meta":{"footnotes":""},"categories":[1],"tags":[],"class_list":["post-25689","post","type-post","status-publish","format-standard","hentry","category-allgemeines"],"_links":{"self":[{"href":"https:\/\/zonenklaus.de\/wordpress\/index.php?rest_route=\/wp\/v2\/posts\/25689","targetHints":{"allow":["GET"]}}],"collection":[{"href":"https:\/\/zonenklaus.de\/wordpress\/index.php?rest_route=\/wp\/v2\/posts"}],"about":[{"href":"https:\/\/zonenklaus.de\/wordpress\/index.php?rest_route=\/wp\/v2\/types\/post"}],"author":[{"embeddable":true,"href":"https:\/\/zonenklaus.de\/wordpress\/index.php?rest_route=\/wp\/v2\/users\/6"}],"replies":[{"embeddable":true,"href":"https:\/\/zonenklaus.de\/wordpress\/index.php?rest_route=%2Fwp%2Fv2%2Fcomments&post=25689"}],"version-history":[{"count":11,"href":"https:\/\/zonenklaus.de\/wordpress\/index.php?rest_route=\/wp\/v2\/posts\/25689\/revisions"}],"predecessor-version":[{"id":25704,"href":"https:\/\/zonenklaus.de\/wordpress\/index.php?rest_route=\/wp\/v2\/posts\/25689\/revisions\/25704"}],"wp:attachment":[{"href":"https:\/\/zonenklaus.de\/wordpress\/index.php?rest_route=%2Fwp%2Fv2%2Fmedia&parent=25689"}],"wp:term":[{"taxonomy":"category","embeddable":true,"href":"https:\/\/zonenklaus.de\/wordpress\/index.php?rest_route=%2Fwp%2Fv2%2Fcategories&post=25689"},{"taxonomy":"post_tag","embeddable":true,"href":"https:\/\/zonenklaus.de\/wordpress\/index.php?rest_route=%2Fwp%2Fv2%2Ftags&post=25689"}],"curies":[{"name":"wp","href":"https:\/\/api.w.org\/{rel}","templated":true}]}}