{"id":25708,"date":"2015-01-09T16:37:59","date_gmt":"2015-01-09T15:37:59","guid":{"rendered":"http:\/\/zonenklaus.de\/wordpress\/?p=25708"},"modified":"2015-01-09T16:59:09","modified_gmt":"2015-01-09T15:59:09","slug":"arte-tag-der-wahrheit","status":"publish","type":"post","link":"https:\/\/zonenklaus.de\/wordpress\/?p=25708","title":{"rendered":"Arte &#8211; Tag der Wahrheit!"},"content":{"rendered":"<p>&#8230;noch davor, von ca. 13:20 AM runde 20 Minuten, die ausgedehnte mitt\u00e4gliche <a title=\"Terrorm\u00e4rchenstunde\" href=\"http:\/\/mittagsmagazin.zdf.de\/ZDF\/zdfportal\/programdata\/fb4c3a49-47ce-3644-947e-70d862c3f5a6\/20387962\">Terrorm\u00e4rchenstunde<\/a>, ausgerechnet mit Susanne Conrad&#8230;<br \/>\nAls ich vorhin nach der ARD-Heimatseite st\u00f6berte, fiel mir dort folgenden Hinweis auf, der f\u00fcr mich absolut keinen Informationswert besa\u00df. <a href=\"http:\/\/zonenklaus.de\/wordpress\/wp-content\/uploads\/2015\/01\/IMG_0950\u00e4.jpg\"><img loading=\"lazy\" decoding=\"async\" class=\"alignleft size-thumbnail wp-image-25714\" src=\"http:\/\/zonenklaus.de\/wordpress\/wp-content\/uploads\/2015\/01\/IMG_0950\u00e4-150x75.jpg\" alt=\"IMG_0950\u00e4\" width=\"150\" height=\"75\" srcset=\"https:\/\/zonenklaus.de\/wordpress\/wp-content\/uploads\/2015\/01\/IMG_0950\u00e4-150x75.jpg 150w, https:\/\/zonenklaus.de\/wordpress\/wp-content\/uploads\/2015\/01\/IMG_0950\u00e4-300x151.jpg 300w, https:\/\/zonenklaus.de\/wordpress\/wp-content\/uploads\/2015\/01\/IMG_0950\u00e4-1024x518.jpg 1024w, https:\/\/zonenklaus.de\/wordpress\/wp-content\/uploads\/2015\/01\/IMG_0950\u00e4-624x316.jpg 624w, https:\/\/zonenklaus.de\/wordpress\/wp-content\/uploads\/2015\/01\/IMG_0950\u00e4.jpg 1360w\" sizes=\"auto, (max-width: 150px) 100vw, 150px\" \/><\/a>Es kam lediglich etwas Mitleid mit den Gaffern und Antisemiten auf, die nun wieder leer ausgehen mussten&#8230;<br \/>\nIrgendwie schien alles nur ein witzloser Zusammenschnitt f\u00fcr sensationsl\u00fcsternde Gaffer zu sein, dazwischen immer wieder die Tante mit ihrer verkrampften Erscheinungsform und dem nichtssagendem Geplapper. Fast alle Matadoren und -innen <b>(<\/b><i>selbstverst\u00e4ndlich<\/i><b> <\/b><i>mit angelegten Betroffenheitslarven<\/i><b>) <\/b>bezogen sich permanent auf Spekulationen und Vermutungen. Einzig die Statements von mehreren Muselmanen konnte ich gelten lassen, trotz meines Misstrauens, dass sie den Text vom <a title=\"Teleprompter\" href=\"http:\/\/de.wikipedia.org\/wiki\/Prompter\">Teleprompter<\/a> ablasen&#8230;<br \/>\nSollte man selbige frisierten und manipulierten <i>Nachrichten<\/i> nicht Spekularichten nennen?<br \/>\nIrgendwann reichte es mir, war au\u00dferdem mit Essen fertig und wollte schon die Glotze abw\u00fcrgen, da fiel mir der aufgezeichnete Film von gestern Abend ein.<br \/>\nIn dem <a title=\"Polit-Thriller\" href=\"http:\/\/www.arte.tv\/guide\/de\/051486-000\/tag-der-wahrheit#details-crew\">Polit-Thriller<\/a> drohte ein fr\u00fcherer Mitarbeiter eines AKWs, die gesamte Bude in die Luft gehen zulassen.<br \/>\nAls Labsal empfand ich noch zus\u00e4tzlich die Tatsache, keine mir bekannten Fressen<strong>\u00a0(<\/strong><em>\u00a9 Ronald Pofalter<\/em><strong>)<\/strong> kamen in dem Streifen vor! Kein Schweiger, Becker, Lauterbach, Atzorn &#8211; weder Waalkes, Waltz, Kr\u00fcger noch Ferres, Neubauer oder Rudnik&#8230;<\/p>\n","protected":false},"excerpt":{"rendered":"<p>&#8230;noch davor, von ca. 13:20 AM runde 20 Minuten, die ausgedehnte mitt\u00e4gliche Terrorm\u00e4rchenstunde, ausgerechnet mit Susanne Conrad&#8230; Als ich vorhin nach der ARD-Heimatseite st\u00f6berte, fiel mir dort folgenden Hinweis auf, der f\u00fcr mich absolut keinen Informationswert besa\u00df. Es kam lediglich etwas Mitleid mit den Gaffern und Antisemiten auf, die nun wieder leer ausgehen mussten&#8230; Irgendwie [&hellip;]<\/p>\n","protected":false},"author":6,"featured_media":0,"comment_status":"open","ping_status":"open","sticky":false,"template":"","format":"standard","meta":{"footnotes":""},"categories":[1],"tags":[],"class_list":["post-25708","post","type-post","status-publish","format-standard","hentry","category-allgemeines"],"_links":{"self":[{"href":"https:\/\/zonenklaus.de\/wordpress\/index.php?rest_route=\/wp\/v2\/posts\/25708","targetHints":{"allow":["GET"]}}],"collection":[{"href":"https:\/\/zonenklaus.de\/wordpress\/index.php?rest_route=\/wp\/v2\/posts"}],"about":[{"href":"https:\/\/zonenklaus.de\/wordpress\/index.php?rest_route=\/wp\/v2\/types\/post"}],"author":[{"embeddable":true,"href":"https:\/\/zonenklaus.de\/wordpress\/index.php?rest_route=\/wp\/v2\/users\/6"}],"replies":[{"embeddable":true,"href":"https:\/\/zonenklaus.de\/wordpress\/index.php?rest_route=%2Fwp%2Fv2%2Fcomments&post=25708"}],"version-history":[{"count":7,"href":"https:\/\/zonenklaus.de\/wordpress\/index.php?rest_route=\/wp\/v2\/posts\/25708\/revisions"}],"predecessor-version":[{"id":25716,"href":"https:\/\/zonenklaus.de\/wordpress\/index.php?rest_route=\/wp\/v2\/posts\/25708\/revisions\/25716"}],"wp:attachment":[{"href":"https:\/\/zonenklaus.de\/wordpress\/index.php?rest_route=%2Fwp%2Fv2%2Fmedia&parent=25708"}],"wp:term":[{"taxonomy":"category","embeddable":true,"href":"https:\/\/zonenklaus.de\/wordpress\/index.php?rest_route=%2Fwp%2Fv2%2Fcategories&post=25708"},{"taxonomy":"post_tag","embeddable":true,"href":"https:\/\/zonenklaus.de\/wordpress\/index.php?rest_route=%2Fwp%2Fv2%2Ftags&post=25708"}],"curies":[{"name":"wp","href":"https:\/\/api.w.org\/{rel}","templated":true}]}}