{"id":25732,"date":"2015-01-10T17:18:47","date_gmt":"2015-01-10T16:18:47","guid":{"rendered":"http:\/\/zonenklaus.de\/wordpress\/?p=25732"},"modified":"2015-01-10T17:18:47","modified_gmt":"2015-01-10T16:18:47","slug":"gysi-pegida-zulauf-auch-wegen-ostdeutscher-mentalitaet","status":"publish","type":"post","link":"https:\/\/zonenklaus.de\/wordpress\/?p=25732","title":{"rendered":"Gysi: Pegida-Zulauf auch wegen ostdeutscher Mentalit\u00e4t"},"content":{"rendered":"<p>F\u00fcr diese billige Begr\u00fcndung w\u00fcrde ich diesem <a title=\"Pharis\u00e4er\" href=\"http:\/\/www.gmx.net\/magazine\/politik\/gysi-pegida-zulauf-ostdeutscher-mentalitaet-30351272\">Pharis\u00e4er<\/a> gern eine in seine Fresse hauen, weil Schl\u00e4ge an die Birne ja die Denkf\u00e4higkeit erh\u00f6hen sollen. Schlie\u00dflich war er doch ein aktives R\u00e4dchen in dem dortigen Schweinesystem, scheint aber in Vergessenheit geraten zu sein.<br \/>\nVor einigen Jahren meinte Gregor, die Unterstellung, bei ihm handelte es sich um einen IM, sei ein Witz, schlie\u00dflich verkehrte er ja in den entsprechenden Kreisen. Niemand hakte damals nach, wie das eigentlich gemeint war.<br \/>\nDie Mutter meiner Schwester tat das gleiche, die hing auch ewig mit jenem Pack zusammen und dort knautschten sie w\u00e4hrend ihrer politischen Produktionsberatungen ganz entscheidende Vorgehensweisen aus, was sich auf Bezirksebene fortsetzte.<br \/>\nMehrere Jahre nach meiner Wehrpflichtzeit erfuhr ich z. B., dass sie dort zum Schluss gekommen waren, mich deshalb sofort einzuziehen, dann w\u00fcrde sich die Geschichte mit meinen langen Haaren und der ewigen Renitenz von selbst erledigen. <b>(<\/b><i>Sicher kam damals eines der Schweine auf die Idee, weil er auf Westsendern erfahren hatte, dass die Amis mit aufs\u00e4ssigen Jugendlichen so verfuhren. Ein Opfer jener Verf\u00fcgung war ja bekanntlich auch Elvis Presley, was letztlich bei ihm nichts n\u00fctze und bei vielen anderen auch nicht.<\/i><b>)<\/b><br \/>\nDen latenten Ausl\u00e4nderhass habe ich erstmals in gr\u00f6\u00dferen Umfang w\u00e4hrend meiner beginnenden Lehrzeit auf der Warnow-Werft erleben d\u00fcrfen, an meiner Arbeitsstelle in Warnem\u00fcnde und in Rostock ebenso. Diese Schnittmengen entstanden durch meine Gesch\u00e4fte mit Seeleuten, da es nicht ausblieb und ich mit ihnen auch \u00f6fters entsprechende <i>Vergn\u00fcgungs<\/i>etablissements aufsuchte, ganz bestimmte Kaschemmen, Tanzs\u00e4le und Jugendklubs&#8230;<br \/>\n20 Jahre nach Kriegsende, es war gerade eine Generation nachgewachsen, waren die meisten Altvorderen noch gepr\u00e4gt vom Reichsdeutschen Ordnungssinn und dem krankhaften Disziplinverst\u00e4ndnis, was den gewendeten braunen Hardcore-Mitl\u00e4ufer, nun Rote, \u00fcberhaupt keine Schwierigkeiten bereitete, denn in jener Richtung hatte sich nicht viel ver\u00e4ndert und gaben es deshalb so weiter.<br \/>\nJeder Langhaarige der ersten Stunde kann das mir best\u00e4tigen! Wie oft wollte man uns in Gas schicken &#8211; selbige Ansicht vertraten nicht nur hirnrissige Proleten&#8230;<br \/>\nIn dem Artikel geht hervor, UNSER Verkehrsminister besa\u00df auch eine Sprecherlaubnis, der Inhalt seines Salms hebt sich aber nicht viel von Gregors Mumpitz ab.<\/p>\n","protected":false},"excerpt":{"rendered":"<p>F\u00fcr diese billige Begr\u00fcndung w\u00fcrde ich diesem Pharis\u00e4er gern eine in seine Fresse hauen, weil Schl\u00e4ge an die Birne ja die Denkf\u00e4higkeit erh\u00f6hen sollen. Schlie\u00dflich war er doch ein aktives R\u00e4dchen in dem dortigen Schweinesystem, scheint aber in Vergessenheit geraten zu sein. Vor einigen Jahren meinte Gregor, die Unterstellung, bei ihm handelte es sich um [&hellip;]<\/p>\n","protected":false},"author":6,"featured_media":0,"comment_status":"open","ping_status":"open","sticky":false,"template":"","format":"standard","meta":{"footnotes":""},"categories":[1],"tags":[],"class_list":["post-25732","post","type-post","status-publish","format-standard","hentry","category-allgemeines"],"_links":{"self":[{"href":"https:\/\/zonenklaus.de\/wordpress\/index.php?rest_route=\/wp\/v2\/posts\/25732","targetHints":{"allow":["GET"]}}],"collection":[{"href":"https:\/\/zonenklaus.de\/wordpress\/index.php?rest_route=\/wp\/v2\/posts"}],"about":[{"href":"https:\/\/zonenklaus.de\/wordpress\/index.php?rest_route=\/wp\/v2\/types\/post"}],"author":[{"embeddable":true,"href":"https:\/\/zonenklaus.de\/wordpress\/index.php?rest_route=\/wp\/v2\/users\/6"}],"replies":[{"embeddable":true,"href":"https:\/\/zonenklaus.de\/wordpress\/index.php?rest_route=%2Fwp%2Fv2%2Fcomments&post=25732"}],"version-history":[{"count":1,"href":"https:\/\/zonenklaus.de\/wordpress\/index.php?rest_route=\/wp\/v2\/posts\/25732\/revisions"}],"predecessor-version":[{"id":25733,"href":"https:\/\/zonenklaus.de\/wordpress\/index.php?rest_route=\/wp\/v2\/posts\/25732\/revisions\/25733"}],"wp:attachment":[{"href":"https:\/\/zonenklaus.de\/wordpress\/index.php?rest_route=%2Fwp%2Fv2%2Fmedia&parent=25732"}],"wp:term":[{"taxonomy":"category","embeddable":true,"href":"https:\/\/zonenklaus.de\/wordpress\/index.php?rest_route=%2Fwp%2Fv2%2Fcategories&post=25732"},{"taxonomy":"post_tag","embeddable":true,"href":"https:\/\/zonenklaus.de\/wordpress\/index.php?rest_route=%2Fwp%2Fv2%2Ftags&post=25732"}],"curies":[{"name":"wp","href":"https:\/\/api.w.org\/{rel}","templated":true}]}}