{"id":25736,"date":"2015-01-11T23:21:39","date_gmt":"2015-01-11T22:21:39","guid":{"rendered":"http:\/\/zonenklaus.de\/wordpress\/?p=25736"},"modified":"2015-01-17T14:36:35","modified_gmt":"2015-01-17T13:36:35","slug":"arte-einer-flog-ueber-das-kuckucksnest","status":"publish","type":"post","link":"https:\/\/zonenklaus.de\/wordpress\/?p=25736","title":{"rendered":"arte &#8211; Einer flog \u00fcber das Kuckucksnest"},"content":{"rendered":"<p>Randle Patrick McMurphy (Jack Nicholson) l\u00e4sst sich in eine psychiatrische Anstalt einweisen, um einer Gef\u00e4ngnisstrafe zu entgehen. Dort erwartet ihn jedoch ein menschenverachtendes Regime &#8230; Die <a title=\"Tragikom\u00f6die\" href=\"http:\/\/de.wikipedia.org\/wiki\/Einer_flog_%C3%BCber_das_Kuckucksnest_%28Film%29\">Tragikom\u00f6die<\/a> (1975) von Milos Forman erhielt 1976 Oscars u.a. in den Kategorien bester Hauptdarsteller (Jack Nicholson), beste Hauptdarstellerin (Louise Fletcher) sowie beste Regie.<br \/>\n<b>Wiederholungen:<\/b> Di, 27.01. um 0:50 Uhr &#8211; So, 01.02. um 0:45 Uhr<br \/>\nNach langer Zeit mal wieder einen richtigen Abend vor der Glotze verbracht und bin dabei nicht eingepennt, obwohl ich das Teil bereits mehrfach sah, allerdings nur zweimal vollst\u00e4ndig &#8211; als er vor \u00fcber dreieinhalb Jahrzehnten anlief und heute.<br \/>\nAls alter Filmabspannfan kam ich au\u00dferdem noch voll auf meine Kosten, sehr langsam entschwanden die schriftlichen Einblendungen nach oben.<br \/>\nUnserer Glotze ist mit etlichen Malaisen behaftet, das beginnt mit einem Schei\u00dfbild, wozu viele Kupplungen im Kabel mitverantwortlich sind. Dann ist das Teil \u00fcber 30 Jahre alt. Habe den Ton zwar durch sowjetrussische Lautsprecheranbauten etwas modifiziert, trotzdem klingt es oft so, als ob eine Ziege in den Milcheimer schei\u00dft. F\u00fcr sehr kleinen Schrift ist man sowieso nicht mehr die Zielgruppe, hinzu kommt der permanente Schnee.<br \/>\nBei dem vielen Mist, den die Sender t\u00e4glich verspritzen, reicht diese Laterne f\u00fcr laufende Bilder allemal&#8230;<br \/>\nDas 50min\u00fctige <a title=\"Anh\u00e4ngsel\" href=\"http:\/\/www.arte.tv\/guide\/de\/044440-000\/es-war-einmal\">Anh\u00e4ngsel<\/a> war ja auch affenscharf!<br \/>\nZur Erinnerung, Regisseure vom Format des Tschechen <a title=\"Milo\u0161 Forman\" href=\"http:\/\/de.wikipedia.org\/wiki\/Milo%C5%A1_Forman\">Milo\u0161 Forman<\/a> und seines polnischen Kollegen <a title=\"Andrzej Wajda\" href=\"http:\/\/de.wikipedia.org\/wiki\/Andrzej_Wajda\">Andrzej Wajda<\/a> gab es im ersten Deutschen Schlaraffenland der Arbeiter und Bauern nicht, obwohl Frank Beyer und Heiner Carow ewig gehypte wurden, weshalb eigentlich, verstehe wer will. Weshalb sollte man Beyers spie\u00dfige Schmonzette der <a title=\"Steinspur\" href=\"http:\/\/www.mdr.de\/damals\/manfred-krug106.html\">Steinspur<\/a> \u00fcberhaupt als ein <i>gro\u00dfartiges Werk<\/i> empfinden, so richtig erkl\u00e4ren konnte mir es niemand. Sicher nur deshalb, weil ein ehemaliger <a title=\"Prolet\" href=\"http:\/\/de.wikipedia.org\/wiki\/Manfred_Krug\">Prolet<\/a> einen Proll verk\u00f6rperte. Jene Rolle schien spielte der Nationalpreistr\u00e4ger bis zum Schluss, mit einer wahren Hingabe in den vielen uns\u00e4glichen Serien&#8230;<br \/>\nIn der Tube fand ich noch die zerbr\u00f6selte Ausgabe von Formans \u201eFeuerwehrball\u201c. Dabei handelt es sich sowieso schon um einen gigantischen Streifen, aber nach dem Genuss eines H\u00f6rnchens ist er nur noch zum Kreischen!<\/p>\n","protected":false},"excerpt":{"rendered":"<p>Randle Patrick McMurphy (Jack Nicholson) l\u00e4sst sich in eine psychiatrische Anstalt einweisen, um einer Gef\u00e4ngnisstrafe zu entgehen. Dort erwartet ihn jedoch ein menschenverachtendes Regime &#8230; Die Tragikom\u00f6die (1975) von Milos Forman erhielt 1976 Oscars u.a. in den Kategorien bester Hauptdarsteller (Jack Nicholson), beste Hauptdarstellerin (Louise Fletcher) sowie beste Regie. Wiederholungen: Di, 27.01. um 0:50 Uhr [&hellip;]<\/p>\n","protected":false},"author":6,"featured_media":0,"comment_status":"open","ping_status":"open","sticky":false,"template":"","format":"standard","meta":{"footnotes":""},"categories":[50],"tags":[],"class_list":["post-25736","post","type-post","status-publish","format-standard","hentry","category-filme"],"_links":{"self":[{"href":"https:\/\/zonenklaus.de\/wordpress\/index.php?rest_route=\/wp\/v2\/posts\/25736","targetHints":{"allow":["GET"]}}],"collection":[{"href":"https:\/\/zonenklaus.de\/wordpress\/index.php?rest_route=\/wp\/v2\/posts"}],"about":[{"href":"https:\/\/zonenklaus.de\/wordpress\/index.php?rest_route=\/wp\/v2\/types\/post"}],"author":[{"embeddable":true,"href":"https:\/\/zonenklaus.de\/wordpress\/index.php?rest_route=\/wp\/v2\/users\/6"}],"replies":[{"embeddable":true,"href":"https:\/\/zonenklaus.de\/wordpress\/index.php?rest_route=%2Fwp%2Fv2%2Fcomments&post=25736"}],"version-history":[{"count":4,"href":"https:\/\/zonenklaus.de\/wordpress\/index.php?rest_route=\/wp\/v2\/posts\/25736\/revisions"}],"predecessor-version":[{"id":25759,"href":"https:\/\/zonenklaus.de\/wordpress\/index.php?rest_route=\/wp\/v2\/posts\/25736\/revisions\/25759"}],"wp:attachment":[{"href":"https:\/\/zonenklaus.de\/wordpress\/index.php?rest_route=%2Fwp%2Fv2%2Fmedia&parent=25736"}],"wp:term":[{"taxonomy":"category","embeddable":true,"href":"https:\/\/zonenklaus.de\/wordpress\/index.php?rest_route=%2Fwp%2Fv2%2Fcategories&post=25736"},{"taxonomy":"post_tag","embeddable":true,"href":"https:\/\/zonenklaus.de\/wordpress\/index.php?rest_route=%2Fwp%2Fv2%2Ftags&post=25736"}],"curies":[{"name":"wp","href":"https:\/\/api.w.org\/{rel}","templated":true}]}}