{"id":25765,"date":"2015-01-12T22:43:17","date_gmt":"2015-01-12T21:43:17","guid":{"rendered":"http:\/\/zonenklaus.de\/wordpress\/?p=25765"},"modified":"2015-01-13T03:46:50","modified_gmt":"2015-01-13T02:46:50","slug":"welchen-wert-kann-man-medienberichterstattungen-nach-paris-noch-zuordnen","status":"publish","type":"post","link":"https:\/\/zonenklaus.de\/wordpress\/?p=25765","title":{"rendered":"Welchen Wert kann man Medienberichterstattungen nach Paris noch zuordnen?"},"content":{"rendered":"<p><i>Wer Nachrichten nachmacht oder verf\u00e4lscht, oder nachgemachte oder verf\u00e4lschte sich verschafft und in Verkehr bringt, wird mit Zuchthaus nicht unter zwei Jahren bestraft!<\/i><br \/>\n<a title=\"KULTURZEIT\" href=\"http:\/\/www.3sat.de\/mediathek\/?mode=play&amp;obj=48736\">KULTURZEIT<\/a> auf <i>3sat<\/i> begann nat\u00fcrlich mit der franz\u00f6sischen Hauptstadt und nach einer Minute wurde alles mit der Geschichte eines <i>Renommier-Bimbos <\/i><b>(<\/b>Das ist Satire!<b>)<\/b> geschm\u00fcckt &#8211; <i>Lassana Bathily. Der 24-j\u00e4hrige Muslim<\/i><b>*<\/b><i> hatte w\u00e4hrend der Geiselnahme in dem <\/i><i><span style=\"text-decoration: underline;\">koscheren Hyper-Cacher-<\/span><\/i><span style=\"text-decoration: underline;\">Supermarkt<\/span><span style=\"text-decoration: underline;\"><b>*<\/b><\/span> <b>(<\/b>Wie es der Zufall will, <b>*<\/b>Quotenhypes vom Feinsten!<b>)<\/b><i> <\/i><i>Paris einige der Geiseln im Keller versteckt&#8230;<\/i><br \/>\nEtwas \u00e4hnliches fand ich noch im Netz, da durfte sich <a title=\"Deniz Y\u00fccel,\" href=\"http:\/\/www.welt.de\/debatte\/kommentare\/article136250133\/Das-verlogene-beschissene-Aber.html\">Deniz Y\u00fccel,<\/a> seines Zeichens Redakteur der Sch\u00fclerzeitung, beim Nachbarblatt in der Kochstra\u00dfe prostituieren <b>(<\/b><i>Auch Satire!<\/i><b>)<\/b>. Sicher wegen des neuerlichen proletarischen Internationalismus und seiner Sozialisation. Als vor Jahren noch Klassenkampf angesagt war, da konnte so mancher Schreiber<b> <\/b>und manche Schreiberin noch nicht mal den Namen vom Senior des gro\u00dfbuchstabigen Blattes korrekt schreiben, von den <i>S\u00e4zzern<\/i> ganz zu schweigen&#8230;<br \/>\nAuch heute war es noch nicht m\u00f6glich irgendeinen brauchbaren Inhalt in den News zu erheischen, sogar in der Berliner Abendschau gab es anfangs nur Geschnacke. Dort redete man von 300 PEGIDA-Fans, hielt sich in deren unmittelbaren N\u00e4he auf, interviewte einige und in einem Nebensatz wurde erkl\u00e4rt, dass sich die Contras, ein paar tausend <i>demokratisch eingestellte Demonstranten<\/i> auf der anderen Seite des Brandenburger T\u00fcrchens befanden.<br \/>\nNat\u00fcrlich durfte die Verbalhurerei \u00fcber die Pressefreiheit nicht fehlen&#8230;<br \/>\nWir hatten m\u00e4chtiges Gl\u00fcck, denn bei <i>arte <\/i>lief gerade: \u201e<a title=\"Laos - Durch das Land der Elefanten\" href=\"http:\/\/www.arte.tv\/guide\/de\/048855-001\/schaetze-suedostasiens\">Laos &#8211; Durch das Land der Elefanten<\/a>\u201c.<br \/>\nTagesschau war auch nicht zu ertragen, dann wieder Arte angesagt! Damit habe ich an zwei Abenden fast mein Wochensoll erf\u00fcllt.<br \/>\nKomme hier noch mit einem Zitat von den Wendeh\u00e4lsen der Sch\u00fclerzeitung:<i> Es war dies ein m\u00f6rderischer Angriff auf die Pressefreiheit, ein Terroranschlag gegen eine der wichtigsten Errungenschaften der Zivilisation. <\/i><!--more--><br \/>\n<a title=\"Tucho\" href=\"http:\/\/de.wikisource.org\/wiki\/Was_darf_die_Satire%3F_%28Tucholsky%29\">Tucho<\/a> lie\u00df kurz nach dem I. Weltkrieg jenen Spruch ab: <i>So aber schwillt st\u00e4ndischer D\u00fcnkel zum Gr\u00f6\u00dfenwahn an. Der deutsche Satiriker tanzt zwischen Berufsst\u00e4nden, Klassen, Konfessionen und Lokaleinrichtungen einen st\u00e4ndigen Eiertanz. Das ist gewi\u00df recht grazi\u00f6s, aber auf die Dauer etwas erm\u00fcdend. Die echte Satire ist blutreinigend: und wer gesundes Blut hat, der hat auch einen reinen Teint.<\/i><br \/>\n<i>Was darf die Satire?<\/i><br \/>\n<i>Alles.<\/i><br \/>\nIn jenen Tagen ging damals aber auch eine ganz andere Post ab. Tucholsky und Kumpane schrieben und pinselten ihre originellen Geniestreiche f\u00fcr gro\u00dfe und renommierte Publikationen, die dankbar von der Masse auch aufgenommen wurden.<br \/>\nIst doch schon etwas merkw\u00fcrdig, wenn ein l\u00fcttes franz\u00f6sisches Satiremagazin oder Bl\u00e4ttchen aus der d\u00e4nisches Provinz, teilweise recht ausgelutschte und oftmals klemmende <i>Witze<\/i> verbraten, weil sie auf der Quotenpisse damit langfristige Kahnfahrten veranstalteten. Will nun aber nicht auf einen falsch aufgez\u00e4umten Gaul eine Attacke gegen die Leute reiten, welche nun den teilweise fehlenden Respekt der einen Seite mit der Toleranzrestistenz der anderen Seite aufrechnen, dabei ihre eingeschissenen Schl\u00fcpfer immer in die entsprechende Windrichtung h\u00e4ngen.<br \/>\nGeben mal zu bedenken, dass Herr Tucholsky auf keinen Fall <a title=\"pseudo-satirisches Dauerfeuer\" href=\"http:\/\/www.stuttgarter-nachrichten.de\/inhalt.meinungsfreiheit-satire-darf-alles-aber-nicht-alles-ist-satire.d64dd9a1-d719-4a6c-98db-f5777e08ab16.html\">pseudo-<i>satirisches <\/i>Dauerfeuer<\/a> von <a title=\"Verunglimpfung\" href=\"http:\/\/www.faz.net\/aktuell\/politik\/karikaturen-debatte-die-kunst-ist-frei-aber-darf-sie-alles-1301609.html\">Verunglimpfung<\/a> und <a title=\"Blasphemie\" href=\"http:\/\/zonenklaus.de\/wordpress\/?p=3124\">Blasphemie<\/a> mit seiner Interpretation meinte, die \u00fcber kurz oder lang als Volksverhetzung in UNSERER freiheitlichen Gesellschaft, gegen\u00fcber beliebig anders gearteten Individuen gesehen werden muss. Wie frei ist denn UNSERE Gesellschaft \u00fcberhaupt noch?<br \/>\nTrotzdem ist es noch lange kein Grund solche vermeintlich respektlosen Leute einfach abzurauchen!<br \/>\nMeister Gaulad warnte: \u201e<em>Das Massaker von Paris zeigt auch, wie fragil und schutzbed\u00fcrftig die Grundwerte unserer Gesellschaft sind.<\/em><em> Da f\u00e4llt mir auch nur wieder eine Frage ein. Welche Grundwerte mein der Mann \u00fcberhaupt?<\/em><br \/>\nWill langsam zum Schluss kommen, aber mir f\u00e4llt noch etwas ein.<br \/>\nDie beiden gr\u00f6\u00dften Religionen auf UNSERER Erdenscheibe sind doch eigentlich riesige Konzerne. Manchmal kommt der Verdacht auf, die geforderte Gl\u00e4ubigkeit ist lediglich ein billiges Mittel zum Zweck, weil es eigentlich nur um den Erhalt der materiellen Werte geht. Wobei der Himmelkomiker in Rom eine gewieftes B\u00fcrschchen ist, hat er doch f\u00fcr meine Begriffe lediglich die Werbestrategie f\u00fcr seinen Laden ge\u00e4ndert und die Massen jaulten erfreut auf. Es muss niemand glauben, der Mann will etwas grundlegendes ver\u00e4ndern, warum sollte er? Geht gar nicht, denn danach k\u00f6nnte der Stellvertreter des EINEN Gottes n\u00e4mlich Konkurs anmelden!<br \/>\nBei der Konkurrenz sieht es etwas anders aus.<br \/>\nSo manchen Imam k\u00f6nnte man allerdings noch ganz anders sehen, die nutzen scheinbar nur die Schwanzfixiertheit von jungen Knaben aus. Als geistige Brandstifter bet\u00e4tigen sie sich eher als seelisch Loddels und k\u00f6dern mit inflation\u00e4r vielen Jungfrauen im Paradies. Allerdings m\u00fcssen sich die hungrigen Knaben w\u00e4hrend ihres irdischen Daseins, vorher das Lebenslicht ausblasen lassen&#8230;<br \/>\nOb die Abmachung auch f\u00fcr die beiden Attent\u00e4ter gilt, da sie bekanntlich von der Polizei erschossen wurden, wird immer ein Geheimnis bleiben. Sicher wird ein Trostpreis dabei raus gesprungen sein. Nebenbei, die Forderung von Le Pen ist vollkommen idiotisch, wenn er f\u00fcr solche Attent\u00e4ter die Todesstrafe fordert, denn sie kommt letztlich einem Freifahrtschein zu den harrenden Jungfrauen im Paradies gleich&#8230;<br \/>\n<b>Humoristische Fu\u00dfnote: <\/b><i>Der deutsche Satiriker Martin Sonneborn sagte der dpa: &#8220;Das ist nicht komisch. Mit Anzeigen, Abok\u00fcndigungen oder Kalaschnikow-Geballer auf Satire zu reagieren, gilt in der Szene als unfein. Unser Mitleid gilt den Franz\u00f6sischen Kollegen. Bei Titanic k\u00f6nnte so etwas nicht passieren, wir haben nur 6 Redakteure.&#8221; <\/i><\/p>\n","protected":false},"excerpt":{"rendered":"<p>Wer Nachrichten nachmacht oder verf\u00e4lscht, oder nachgemachte oder verf\u00e4lschte sich verschafft und in Verkehr bringt, wird mit Zuchthaus nicht unter zwei Jahren bestraft! KULTURZEIT auf 3sat begann nat\u00fcrlich mit der franz\u00f6sischen Hauptstadt und nach einer Minute wurde alles mit der Geschichte eines Renommier-Bimbos (Das ist Satire!) geschm\u00fcckt &#8211; Lassana Bathily. Der 24-j\u00e4hrige Muslim* hatte w\u00e4hrend [&hellip;]<\/p>\n","protected":false},"author":6,"featured_media":0,"comment_status":"open","ping_status":"open","sticky":false,"template":"","format":"standard","meta":{"footnotes":""},"categories":[1,37],"tags":[],"class_list":["post-25765","post","type-post","status-publish","format-standard","hentry","category-allgemeines","category-gmx-war-dabei"],"_links":{"self":[{"href":"https:\/\/zonenklaus.de\/wordpress\/index.php?rest_route=\/wp\/v2\/posts\/25765","targetHints":{"allow":["GET"]}}],"collection":[{"href":"https:\/\/zonenklaus.de\/wordpress\/index.php?rest_route=\/wp\/v2\/posts"}],"about":[{"href":"https:\/\/zonenklaus.de\/wordpress\/index.php?rest_route=\/wp\/v2\/types\/post"}],"author":[{"embeddable":true,"href":"https:\/\/zonenklaus.de\/wordpress\/index.php?rest_route=\/wp\/v2\/users\/6"}],"replies":[{"embeddable":true,"href":"https:\/\/zonenklaus.de\/wordpress\/index.php?rest_route=%2Fwp%2Fv2%2Fcomments&post=25765"}],"version-history":[{"count":2,"href":"https:\/\/zonenklaus.de\/wordpress\/index.php?rest_route=\/wp\/v2\/posts\/25765\/revisions"}],"predecessor-version":[{"id":25767,"href":"https:\/\/zonenklaus.de\/wordpress\/index.php?rest_route=\/wp\/v2\/posts\/25765\/revisions\/25767"}],"wp:attachment":[{"href":"https:\/\/zonenklaus.de\/wordpress\/index.php?rest_route=%2Fwp%2Fv2%2Fmedia&parent=25765"}],"wp:term":[{"taxonomy":"category","embeddable":true,"href":"https:\/\/zonenklaus.de\/wordpress\/index.php?rest_route=%2Fwp%2Fv2%2Fcategories&post=25765"},{"taxonomy":"post_tag","embeddable":true,"href":"https:\/\/zonenklaus.de\/wordpress\/index.php?rest_route=%2Fwp%2Fv2%2Ftags&post=25765"}],"curies":[{"name":"wp","href":"https:\/\/api.w.org\/{rel}","templated":true}]}}