{"id":25785,"date":"2015-01-14T22:30:19","date_gmt":"2015-01-14T21:30:19","guid":{"rendered":"http:\/\/zonenklaus.de\/wordpress\/?p=25785"},"modified":"2015-01-15T11:41:19","modified_gmt":"2015-01-15T10:41:19","slug":"verwirrungen-um-fotos-vom-pariser-trauermarsch","status":"publish","type":"post","link":"https:\/\/zonenklaus.de\/wordpress\/?p=25785","title":{"rendered":"Verwirrungen um Fotos vom Pariser Trauermarsch"},"content":{"rendered":"<p><a title=\"Staatenlenker\" href=\"http:\/\/www.tagesspiegel.de\/politik\/trauermarsch-in-paris-staatenlenker-posierten-nicht-in-seitenstrasse\/11225488.html\">Staatenlenker<\/a> posierten nicht in Seitenstra\u00dfe<br \/>\nUnd schon geht es wieder um Quoten, diesmal um die Korrektur von Selbstdarstellungen UNSERER Politiker.<br \/>\nWas war das \u00fcberhaupt f\u00fcr eine merkw\u00fcrdige Inszenierung?<br \/>\nOb Paris oder Berlin, jene Auff\u00fchrung erinnerte mich an Kindereien auch wenn die Polizei und Veranstalter Millionen Leute gez\u00e4hlt haben wollen. In diesem unserem Lande kommt ja noch eine andere Gruppierung dazu, die Pegidaser, bisher immer auf Zuwachs bedacht und im Gegensatz zur Konkurrenz, tauchen sie in wesentlicher gr\u00f6\u00dferen Massen auf. Von den Politikern aller Couleur hat bisher noch niemand einen brauchbaren Versuch unternommen, endlich mal N\u00e4gel mit K\u00f6pfen zumachen und nach einer praktikablen L\u00f6sung zu suchen. Scheinbar spekulieren alle mit der neuerlichen Hong Kong-L\u00f6sung, wo die Roten mit Hilfe der Zeit alles ins Leere laufen lie\u00dfen, zum Schluss wurden nur die \u00dcberbleibsel interniert.<br \/>\nNach dem ganzen Kuddelmuddel wird abschlie\u00dfend sowieso nur ein politisch korrektes Arrangement herauskommen, mit einer <i>nachhaltig <\/i>befriedigenden Scheinl\u00f6sung f\u00fcr <i>s\u00e4mtliche Beteiligten, <\/i>damit jeder ganz schei\u00df-liberalistisch sein Gesicht wahren kann &#8211;\u00a0 wobei sich unterm Strich absolut nichts \u00e4ndern wird!<br \/>\nVon Anbeginn wird zu den ganzen Planspielchen sowieso nur eine Deckelung in Erw\u00e4gung gezogen, was den \u00fcblichen Symptombek\u00e4mpfungen entspricht und darunter kann es weiter g\u00e4ren, bis alles f\u00fcr eine gewisse Zeit aus den Augen und dem Sinn entschwunden ist.<br \/>\nN\u00e4chstens wird es lediglich auf eine exorbitante Datensammelwut hinauslaufen, ganz nebenher spielen die Verantwortlichen mit diesen Vorstellungen den Amis in die Karten, womit sie zugleich deren Sicherheitsbed\u00fcrfnisse voll befriedigen k\u00f6nnen und schon ist wieder ein wichtiger Punkt f\u00fcr TTIP abgehakt.<!--more--><\/p>\n<p>Wof\u00fcr solch ein Blutbad alles gut sein kann, von der riesigen Auflage des Micky-Mohammed-Heftes ganz zu schweigen&#8230;<\/p>\n<p>Will zu Beginn klarstellen, bei den folgenden Zeilen handelt es sich um Satire, nicht nur was \u00c4nschie betrifft!<br \/>\nBin \u00fcblicherweise von meinen eigentlichen Betrachtungen sehr weit abgedriftet, wollte doch zu Beginn auf den <a title=\"Ringelpiez mit Anfassen\" href=\"http:\/\/www.google.de\/imgres?imgurl=http%3A%2F%2Fgeschwafel.endlager.net%2Fimages%2F91c19c684527f8713fafd1de16ad9da2.jpg&amp;imgrefurl=http%3A%2F%2Fgeschwafel.endlager.net%2F%3Fp%3D940&amp;h=342&amp;w=684&amp;tbnid=9cb46o-k7bduPM%3A&amp;zoom=1&amp;docid=Yq1h4rkbjIs33M&amp;ei=we-2VLjWPM72aKf4gcgD&amp;tbm=isch&amp;iact=rc&amp;uact=3&amp;dur=1839&amp;page=4&amp;start=40&amp;ndsp=15&amp;ved=0CMABEK0DMDE\">Ringelpiez mit Anfassen<\/a> eingehen. Habe deshalb einigen Bildchen mal n\u00e4her betrachtet. Einzig die <a title=\"Herren in \u00c4nschies\" href=\"http:\/\/www.gmx.at\/magazine\/panorama\/trauermarsch-paris-fehlte-barack-obama-staatschefs-30353792\">Herren in \u00c4nschies<\/a> Umgebung latschen untergehakt herum. Scheinbar wurden Tusk und Hollande von Zweifeln geplagt, weil sie meinten, Frau Kanzlerin ist nicht in der Lage, w\u00e4hrend des Trauermarsches auf ihre obligatorische Fingerfotze <strong>(<\/strong>Manche<i> nennen die <\/i>nachhaltige<i> Stellung ihrer Handglieder lediglich <a title=\"\u201eMerkel-Raute\u201c \" href=\"https:\/\/www.flickr.com\/photos\/zonenklaus\/7735826804\/in\/photolist-\">\u201eMerkel-Raute\u201c<\/a> oder den \u201eMerkel-<a title=\"Rhombus\" href=\"http:\/\/de.wikipedia.org\/wiki\/Raute\">Rhombus<\/a>\u201c&#8230;<\/i><strong>)<\/strong> zu verzichten, deshalb wurden die Arme weit auseinander gezerrt &#8211; so kam es nur zum Kontakt der Fingerkuppen&#8230;<br \/>\nMerkw\u00fcrdig, was einige Medienheinze immer wieder f\u00fcr ganz wichtig erachten und deshalb in Artikeln hervorheben: <b>Sarkozy pl\u00f6tzlich in Reihe eins<\/b><br \/>\nObwohl ich noch nicht ganz resistent bin gegen visuelles und akustisches Medienejakulat, entgehen mir gewisse Dinge doch, deshalb vielen Dank f\u00fcr das sehr wichtige Hinweischen \u00fcber den Komiker der ersten Reihe.<br \/>\nAllerdings will mir eine Frage in dem Text nicht einleuchten: <b>Wo war US-Pr\u00e4sident Barack Obama?<\/b> Welchen IQ besitzt eigentlich der <i>Schurnalist, <\/i>dem diese Frage einfiel? Jener Wert scheint die momentane Au\u00dfentemperatur nicht viel zu \u00fcbersteigen, dabei spricht jedes St\u00fcck Kn\u00e4ckebrot schon mit einem IQ von 15.<br \/>\nWo war nun Obama?<br \/>\nHoffentlich hat jemand diesem Blindenscheff DIE Antwort erteilt!<br \/>\nSie ist schlie\u00dflich ganz einfach!<br \/>\nObama war nicht da!<br \/>\nParis galt als abgegessen, da musste in Berlin unbedingt nachgelegt werden. <i>Entz\u00fcckend<\/i> kommen die Eigent\u00fcmlichkeiten vom Herrn Bundes-Gauck immer wieder her\u00fcber. Wie er es zu jeder Tages- und Nachtzeit schafft, den Inhalt seiner Sprechblasen so kunstvoll um entsprechenden Pausen f\u00fcr Claqueure zu winden. Einfach genial, davon k\u00fcnden Myriaden von Medien-E<i>ks<\/i>perten im ganzen Land und noch weiter weg&#8230;<\/p>\n","protected":false},"excerpt":{"rendered":"<p>Staatenlenker posierten nicht in Seitenstra\u00dfe Und schon geht es wieder um Quoten, diesmal um die Korrektur von Selbstdarstellungen UNSERER Politiker. Was war das \u00fcberhaupt f\u00fcr eine merkw\u00fcrdige Inszenierung? Ob Paris oder Berlin, jene Auff\u00fchrung erinnerte mich an Kindereien auch wenn die Polizei und Veranstalter Millionen Leute gez\u00e4hlt haben wollen. In diesem unserem Lande kommt ja [&hellip;]<\/p>\n","protected":false},"author":6,"featured_media":0,"comment_status":"open","ping_status":"open","sticky":false,"template":"","format":"standard","meta":{"footnotes":""},"categories":[1,37],"tags":[],"class_list":["post-25785","post","type-post","status-publish","format-standard","hentry","category-allgemeines","category-gmx-war-dabei"],"_links":{"self":[{"href":"https:\/\/zonenklaus.de\/wordpress\/index.php?rest_route=\/wp\/v2\/posts\/25785","targetHints":{"allow":["GET"]}}],"collection":[{"href":"https:\/\/zonenklaus.de\/wordpress\/index.php?rest_route=\/wp\/v2\/posts"}],"about":[{"href":"https:\/\/zonenklaus.de\/wordpress\/index.php?rest_route=\/wp\/v2\/types\/post"}],"author":[{"embeddable":true,"href":"https:\/\/zonenklaus.de\/wordpress\/index.php?rest_route=\/wp\/v2\/users\/6"}],"replies":[{"embeddable":true,"href":"https:\/\/zonenklaus.de\/wordpress\/index.php?rest_route=%2Fwp%2Fv2%2Fcomments&post=25785"}],"version-history":[{"count":4,"href":"https:\/\/zonenklaus.de\/wordpress\/index.php?rest_route=\/wp\/v2\/posts\/25785\/revisions"}],"predecessor-version":[{"id":25789,"href":"https:\/\/zonenklaus.de\/wordpress\/index.php?rest_route=\/wp\/v2\/posts\/25785\/revisions\/25789"}],"wp:attachment":[{"href":"https:\/\/zonenklaus.de\/wordpress\/index.php?rest_route=%2Fwp%2Fv2%2Fmedia&parent=25785"}],"wp:term":[{"taxonomy":"category","embeddable":true,"href":"https:\/\/zonenklaus.de\/wordpress\/index.php?rest_route=%2Fwp%2Fv2%2Fcategories&post=25785"},{"taxonomy":"post_tag","embeddable":true,"href":"https:\/\/zonenklaus.de\/wordpress\/index.php?rest_route=%2Fwp%2Fv2%2Ftags&post=25785"}],"curies":[{"name":"wp","href":"https:\/\/api.w.org\/{rel}","templated":true}]}}