{"id":25799,"date":"2015-01-15T22:46:22","date_gmt":"2015-01-15T21:46:22","guid":{"rendered":"http:\/\/zonenklaus.de\/wordpress\/?p=25799"},"modified":"2015-01-17T10:41:08","modified_gmt":"2015-01-17T09:41:08","slug":"der-held-von-paris","status":"publish","type":"post","link":"https:\/\/zonenklaus.de\/wordpress\/?p=25799","title":{"rendered":"Der &#8220;Held von Paris&#8221;&#8230;"},"content":{"rendered":"<p>&#8230;Lassana Bathily aus Mali, wird franz\u00f6sischer \u201eStaatsb\u00fcrger\u201c.<br \/>\nWieder mal sehr merkw\u00fcrdig, was so h\u00e4ppchenweise ans Tageslicht kommt.<br \/>\nKlingt alles nach einer <a title=\"M\u00e4r*\" href=\"http:\/\/www.spiegel.de\/politik\/ausland\/charlie-hebdo-held-von-paris-bekommt-franzoesische-staatsbuergerschaft-a-1013210.html\">M\u00e4r<b>*<\/b><\/a>.<br \/>\n<i>Von der Polizei wurde er zun\u00e4chst f\u00fcr einen Terroristen gehalten und eineinhalb Stunden festgesetzt. Schlie\u00dflich konnte er die Beamten aber \u00fcberzeugen, dass er nichts mit der Geiselnahme zu tun hatte. Er zeichnetet der Polizei den Grundriss des Supermarkts und half ihr so bei ihrem Zugriff. <\/i><br \/>\nAha, die netten Gendarmen hatte ihn <i>a<\/i><i>nderthalb Stunden festgesetzt<\/i>, wie soll man das verstehen?<br \/>\nBekanntlich haben die etwas h\u00e4rteren Verh\u00f6rmethoden, beginnend mit der S\u00fbret\u00e9, <a title=\"OAS\" href=\"http:\/\/www.spiegel.de\/spiegel\/print\/d-43366449.html\">OAS<\/a>, <a title=\"Rote Hand\" href=\"http:\/\/www.spiegel.de\/spiegel\/print\/d-43065176.html\">Rote Hand<\/a> und der L\u00e9gion \u00c9trang\u00e8re u.a., eine sehr lange und ber\u00fchmt-ber\u00fcchtigte <a title=\"Tradition\" href=\"http:\/\/www.srf.ch\/news\/international\/beruechtigter-foltergeneral-aussaresses-gestorben\">Tradition<\/a>. \u00dcber jene ausgebufften Folterpraktiken gibt es ein Haufen Literatur und auch Filme.<br \/>\n<i>Schlie\u00dflich konnte er die Beamten aber \u00fcberzeugen &#8211; <\/i>da hatten sie ihn vielleicht schon halbtot gepr\u00fcgelt. Vielleicht ist ja w\u00e4hrend einer anschlie\u00dfenden Zigarettenpause das Ergebnis seiner erkennungsdienstlichen \u00dcberpr\u00fcfung kundgegeben worden und beim anschlie\u00dfenden Brainstorming kam jemand auf die Idee mit einem Deal. \u201eAlso Junge, wenn du der Presse erz\u00e4hlst, dass du deshalb so zerknautscht aussiehst, weil du auf der Flucht von der Feuerleiter abgeschmiert bist, machen wir dich schon morgen zu einem echten Franzosen!\u201c Derweil ein anderer Kollege auf seinem <i>iPhone 66 Super-Plus <\/i>jene<i> <\/i>besagte Fezbuck-Seite einrichtete. Meister Bathily wird sich deshalb bestimmt schon ein zweites Loch in seinen verl\u00e4ngerten R\u00fccken gefreut haben, wegen seiner vielen, vielen Freunde unter der dussligen iPad-Generation. Es kommt ja noch d\u00fcmmer, denn f\u00fcr viel Franzosen ist er ja bereits der Einwegheld f\u00fcr die kommenden Tage und deshalb fordern viele auf Twitter auch noch seine Aufnahme in die Ehrenlegion.<br \/>\nDer junge Mann tut mir nur uns\u00e4glich leid, da er keine ruhige Minute mehr haben wird, wenn man ihn in wenigen Tagen vergessen hat, trotz der Quoten, die er den Medien momentan noch beschert.<br \/>\nWas soll es ihm eigentlich bringen, wenn sie ihn demn\u00e4chst zu einem Pass-Franzmann machen werden, denn mit seinem <i>Makel, <\/i>der optimalen Hautpigmentierung, wird er nie in Frankreich ankommen &#8211; trotz der <i>Heldentat<\/i>, die eigentlich nur aus der Situation einer Panikeingebung entstand, in der bestimmt viele Menschen auch so gehandelt h\u00e4tten, sich aber in dem Moment nicht \u00fcber die sp\u00e4teren Folgen im Klaren gewesen w\u00e4ren&#8230;<br \/>\nDie gesamte, leicht unterbelichtete Twittergemeinde k\u00f6nnte doch etwas f\u00fcr den Knaben tun! N\u00e4mlich massenhaft Knete sammeln f\u00fcr einen gesichtschirurgischen Eingriff, damit er anschlie\u00dfend untertauchen k\u00f6nnte, in dem h\u00fcbschen Landstrich, wo die Leute immer f\u00e4lschlich annehmen, dass dort der Pfeffer w\u00e4chst &#8211; ich denke dabei an <a title=\"Franz\u00f6sisch-Guyana\" href=\"http:\/\/de.wikipedia.org\/wiki\/Franz%C3%B6sisch-Guayana\">Franz\u00f6sisch-Guyana<\/a>.<\/p>\n<p><b>*<\/b>Unbedingt im Artikel den Link des vorletzten Satzes anklicken, beide Texte sind recht unterschiedlich!<\/p>\n","protected":false},"excerpt":{"rendered":"<p>&#8230;Lassana Bathily aus Mali, wird franz\u00f6sischer \u201eStaatsb\u00fcrger\u201c. Wieder mal sehr merkw\u00fcrdig, was so h\u00e4ppchenweise ans Tageslicht kommt. Klingt alles nach einer M\u00e4r*. Von der Polizei wurde er zun\u00e4chst f\u00fcr einen Terroristen gehalten und eineinhalb Stunden festgesetzt. Schlie\u00dflich konnte er die Beamten aber \u00fcberzeugen, dass er nichts mit der Geiselnahme zu tun hatte. Er zeichnetet der [&hellip;]<\/p>\n","protected":false},"author":6,"featured_media":0,"comment_status":"open","ping_status":"open","sticky":false,"template":"","format":"standard","meta":{"footnotes":""},"categories":[1],"tags":[],"class_list":["post-25799","post","type-post","status-publish","format-standard","hentry","category-allgemeines"],"_links":{"self":[{"href":"https:\/\/zonenklaus.de\/wordpress\/index.php?rest_route=\/wp\/v2\/posts\/25799","targetHints":{"allow":["GET"]}}],"collection":[{"href":"https:\/\/zonenklaus.de\/wordpress\/index.php?rest_route=\/wp\/v2\/posts"}],"about":[{"href":"https:\/\/zonenklaus.de\/wordpress\/index.php?rest_route=\/wp\/v2\/types\/post"}],"author":[{"embeddable":true,"href":"https:\/\/zonenklaus.de\/wordpress\/index.php?rest_route=\/wp\/v2\/users\/6"}],"replies":[{"embeddable":true,"href":"https:\/\/zonenklaus.de\/wordpress\/index.php?rest_route=%2Fwp%2Fv2%2Fcomments&post=25799"}],"version-history":[{"count":2,"href":"https:\/\/zonenklaus.de\/wordpress\/index.php?rest_route=\/wp\/v2\/posts\/25799\/revisions"}],"predecessor-version":[{"id":25801,"href":"https:\/\/zonenklaus.de\/wordpress\/index.php?rest_route=\/wp\/v2\/posts\/25799\/revisions\/25801"}],"wp:attachment":[{"href":"https:\/\/zonenklaus.de\/wordpress\/index.php?rest_route=%2Fwp%2Fv2%2Fmedia&parent=25799"}],"wp:term":[{"taxonomy":"category","embeddable":true,"href":"https:\/\/zonenklaus.de\/wordpress\/index.php?rest_route=%2Fwp%2Fv2%2Fcategories&post=25799"},{"taxonomy":"post_tag","embeddable":true,"href":"https:\/\/zonenklaus.de\/wordpress\/index.php?rest_route=%2Fwp%2Fv2%2Ftags&post=25799"}],"curies":[{"name":"wp","href":"https:\/\/api.w.org\/{rel}","templated":true}]}}