{"id":25822,"date":"2015-01-16T22:24:14","date_gmt":"2015-01-16T21:24:14","guid":{"rendered":"http:\/\/zonenklaus.de\/wordpress\/?p=25822"},"modified":"2020-02-28T20:56:46","modified_gmt":"2020-02-28T19:56:46","slug":"wir-koennen-wirklich-auf-alles-moegliche-richtig-stolz-sein","status":"publish","type":"post","link":"https:\/\/zonenklaus.de\/wordpress\/?p=25822","title":{"rendered":"WIR k\u00f6nnen wirklich auf alles M\u00f6gliche richtig stolz sein"},"content":{"rendered":"<p>Aus einer gewissen Distanz betrachtet leben WIR doch in einer sehr reichen Demokratur, zumindest statistisch gesehen. Dazu muss man allerdings die sich immer weiter spreizende Schere zwischen Arm und Reich vollkommen au\u00dfen vor lassen und nicht in Richtung der Verm\u00f6gensverteilung im Lande schielen!<br \/>\nWie aus gut unterrichteten Kreisen verlautet, ist auch in diesem Jahr nicht geplant, dass Pfandflaschensammler f\u00fcr ihre T\u00e4tigkeit einen Gewerbeschein ben\u00f6tigen, was zwangsl\u00e4ufig mit der Abf\u00fchrung von Steuern verbunden w\u00e4re. Ihr Selbstwertgef\u00fchl lie\u00dfe sich nebenbei durch einen kleinen Trick sogar steigern. Wer w\u00f6chentlich seine Einnahmen in mongolische T\u00f6gr\u00f6g umrechnet, der k\u00f6nnte am Monatsende feststellen, wie die finanzielle Ausbeute einem Millionenbetrag gleichkommt, trotz der Schwankungen beim Wechselkurs, da eine EURONE = 2.243,9 MNT entspricht&#8230;<br \/>\nAlso, \u00fcber den Kamm geschoren, kann man behaupten, der pekuni\u00e4re Windchill-Effekt sagt uns, wir schwimmen in der Kohle, abgesehen von dem kleinen Missgeschick, wo UNS momentan die Gierkr\u00f6ten aus der Eidgenossenschaft mit ihren Franken etwas \u00e4rgern.<br \/>\nSeit Jahresbeginn expandieren trotzdem die M\u00e4rkte, der <em>Dax<\/em> peilt auf Dauer schon mal die 20 000-Punkte-Marke an, was wollen WIR noch mehr?<br \/>\nKurzum, ich sehe nirgendwo auch nur den Anflug von irgendeinem Problemchen!<br \/>\nWas, der Zulauf bei <i>Pegida<\/i>? Nur eine zu vernachl\u00e4ssigende Randerscheinung!<br \/>\n<em>Charlie Hebdo<\/em> &#8211; jener <i>Kollateralschaden<\/i> scheint in diesen Tagen das christlich\/j\u00fcdisch Abendland zusammenzuschwei\u00dfen und f\u00fchrte nebenbei auch zu einer Auflagensteigerung in zweifacher Millionenh\u00f6he &#8211; noch nicht ganz, aber bald!<br \/>\nIm TAGESSPITZEL lie\u00df sich <a title=\"Ulrich Z-G\" href=\"http:\/\/www.tagesspiegel.de\/berlin\/der-start-des-regierenden-buergermeisters-vorsicht-stoeckchen\/11236402.html\">Ulrich Z-G<\/a> heute sehr pessimistisch \u00fcber den neuen Oberdorfschulzen aus, u.a. ging\u00b4s da so los: &#8230;<i>M\u00fcller hat nun mal kein Talent f\u00fcr Visionen, ausholende Gesten und rhetorische Akrobatik. Er wird niemals gro\u00dfe Spr\u00fcnge machen, weil er Berlin aus dem Kiez heraus versteht &#8211; und da verbirgt sich das Gro\u00dfe und Ganze hinter vielen H\u00e4userecken. <\/i><br \/>\nGott sei Dank haben wir im hundeverschissenen Bundeshauptdorf noch die Speerspitze journalistischer Vollkommenheit angesiedelt.<br \/>\n<a href=\"http:\/\/zonenklaus.de\/wordpress\/wp-content\/uploads\/2015\/01\/IMG_0985\u00e4.jpg\"><img loading=\"lazy\" decoding=\"async\" class=\"alignleft size-thumbnail wp-image-25823\" src=\"http:\/\/zonenklaus.de\/wordpress\/wp-content\/uploads\/2015\/01\/IMG_0985\u00e4-150x112.jpg\" alt=\"IMG_0985\u00e4\" width=\"150\" height=\"112\" srcset=\"https:\/\/zonenklaus.de\/wordpress\/wp-content\/uploads\/2015\/01\/IMG_0985\u00e4-150x112.jpg 150w, https:\/\/zonenklaus.de\/wordpress\/wp-content\/uploads\/2015\/01\/IMG_0985\u00e4-300x225.jpg 300w, https:\/\/zonenklaus.de\/wordpress\/wp-content\/uploads\/2015\/01\/IMG_0985\u00e4-1024x768.jpg 1024w, https:\/\/zonenklaus.de\/wordpress\/wp-content\/uploads\/2015\/01\/IMG_0985\u00e4-624x468.jpg 624w, https:\/\/zonenklaus.de\/wordpress\/wp-content\/uploads\/2015\/01\/IMG_0985\u00e4.jpg 1408w\" sizes=\"auto, (max-width: 150px) 100vw, 150px\" \/><\/a><a href=\"http:\/\/zonenklaus.de\/wordpress\/wp-content\/uploads\/2015\/01\/IMG_0992\u00e4\u00e4.jpg\"><img loading=\"lazy\" decoding=\"async\" class=\"alignleft size-thumbnail wp-image-25824\" src=\"http:\/\/zonenklaus.de\/wordpress\/wp-content\/uploads\/2015\/01\/IMG_0992\u00e4\u00e4-101x150.jpg\" alt=\"IMG_0992\u00e4\u00e4\" width=\"101\" height=\"150\" srcset=\"https:\/\/zonenklaus.de\/wordpress\/wp-content\/uploads\/2015\/01\/IMG_0992\u00e4\u00e4-101x150.jpg 101w, https:\/\/zonenklaus.de\/wordpress\/wp-content\/uploads\/2015\/01\/IMG_0992\u00e4\u00e4-203x300.jpg 203w, https:\/\/zonenklaus.de\/wordpress\/wp-content\/uploads\/2015\/01\/IMG_0992\u00e4\u00e4-693x1024.jpg 693w, https:\/\/zonenklaus.de\/wordpress\/wp-content\/uploads\/2015\/01\/IMG_0992\u00e4\u00e4-624x922.jpg 624w, https:\/\/zonenklaus.de\/wordpress\/wp-content\/uploads\/2015\/01\/IMG_0992\u00e4\u00e4.jpg 938w\" sizes=\"auto, (max-width: 101px) 100vw, 101px\" \/><\/a>Seit Tagen k\u00f6nnen wir erleben, wie gl\u00fccklich alle sein m\u00fcssten, wenn da nicht dieses kleine halbtote Affenviech w\u00e4re. Auf welch mickerige Dimensionen schrumpft da der gesamte weltpolitische Unbill?<br \/>\nSpringer wird garantiert daf\u00fcr sorgen, falls jenes \u00c4ffchen das zeitliche segnen sollte, dass \u00c4nschie eine dreit\u00e4gige Staatstrauer ausruft und die Berliner Kids am Tag seiner Beisetzung auch noch schulfrei bekommen!<br \/>\nOb der Kleene nun \u00fcberlebt oder hops geht, im vorauseilendem Gehorsam sollen alle schon mal nach einem Namen f\u00fcr den Orang Utan suchen &#8211; ich bin f\u00fcr Willy Brandt &#8211; zumindest f\u00fcr die n\u00e4chsten zwanzig\/drei\u00dfig Jahre, solange der Sch\u00f6nefelder Flu<i>ch<\/i>hafen noch vorsichhind\u00e4mmert&#8230;<\/p>\n","protected":false},"excerpt":{"rendered":"<p>Aus einer gewissen Distanz betrachtet leben WIR doch in einer sehr reichen Demokratur, zumindest statistisch gesehen. Dazu muss man allerdings die sich immer weiter spreizende Schere zwischen Arm und Reich vollkommen au\u00dfen vor lassen und nicht in Richtung der Verm\u00f6gensverteilung im Lande schielen! Wie aus gut unterrichteten Kreisen verlautet, ist auch in diesem Jahr nicht [&hellip;]<\/p>\n","protected":false},"author":6,"featured_media":0,"comment_status":"open","ping_status":"open","sticky":false,"template":"","format":"standard","meta":{"footnotes":""},"categories":[55,22],"tags":[],"class_list":["post-25822","post","type-post","status-publish","format-standard","hentry","category-alltaeglicher-wahnwitz","category-der-tagesspiegel"],"_links":{"self":[{"href":"https:\/\/zonenklaus.de\/wordpress\/index.php?rest_route=\/wp\/v2\/posts\/25822","targetHints":{"allow":["GET"]}}],"collection":[{"href":"https:\/\/zonenklaus.de\/wordpress\/index.php?rest_route=\/wp\/v2\/posts"}],"about":[{"href":"https:\/\/zonenklaus.de\/wordpress\/index.php?rest_route=\/wp\/v2\/types\/post"}],"author":[{"embeddable":true,"href":"https:\/\/zonenklaus.de\/wordpress\/index.php?rest_route=\/wp\/v2\/users\/6"}],"replies":[{"embeddable":true,"href":"https:\/\/zonenklaus.de\/wordpress\/index.php?rest_route=%2Fwp%2Fv2%2Fcomments&post=25822"}],"version-history":[{"count":2,"href":"https:\/\/zonenklaus.de\/wordpress\/index.php?rest_route=\/wp\/v2\/posts\/25822\/revisions"}],"predecessor-version":[{"id":25826,"href":"https:\/\/zonenklaus.de\/wordpress\/index.php?rest_route=\/wp\/v2\/posts\/25822\/revisions\/25826"}],"wp:attachment":[{"href":"https:\/\/zonenklaus.de\/wordpress\/index.php?rest_route=%2Fwp%2Fv2%2Fmedia&parent=25822"}],"wp:term":[{"taxonomy":"category","embeddable":true,"href":"https:\/\/zonenklaus.de\/wordpress\/index.php?rest_route=%2Fwp%2Fv2%2Fcategories&post=25822"},{"taxonomy":"post_tag","embeddable":true,"href":"https:\/\/zonenklaus.de\/wordpress\/index.php?rest_route=%2Fwp%2Fv2%2Ftags&post=25822"}],"curies":[{"name":"wp","href":"https:\/\/api.w.org\/{rel}","templated":true}]}}