{"id":25939,"date":"2015-01-27T22:42:54","date_gmt":"2015-01-27T21:42:54","guid":{"rendered":"http:\/\/zonenklaus.de\/wordpress\/?p=25939"},"modified":"2015-01-28T03:06:44","modified_gmt":"2015-01-28T02:06:44","slug":"aus-dem-wirtshaus-vor-die-glotze","status":"publish","type":"post","link":"https:\/\/zonenklaus.de\/wordpress\/?p=25939","title":{"rendered":"Aus dem Wirtshaus vor die Glotze"},"content":{"rendered":"<p>Mein heutiger Fernsehabend begann mittendrin von <b>Frontal21<\/b>, nach wenigen Sekunden ging es mit einen Winzspezial weiter &#8211; <a title=\"Die Zahl: 2334 Lobbyisten im Bundestag\" href=\"http:\/\/frontal21.zdf.de\/ZDF\/zdfportal\/programdata\/f66838f5-a8fb-3da8-aa23-7a6accf45314\/20396398?doDispatch=1\"><i>Die Zahl: 2334 Lobbyisten im Bundestag<\/i><\/a>, wobei ich m\u00fcmmelte und bald kotzen musste, hielt aber durch.<br \/>\nNach einer Rauchpause ging es mit dem <a title=\"ZDF heute journal\" href=\"http:\/\/www.zdf.de\/ZDFmediathek\/beitrag\/video\/2330672\/ZDF-heute-journal-vom-27.-Januar-2015\"><b>ZDF heute journal<\/b><\/a> weiter &#8211; nat\u00fcrlich war dort <b>O\u015bwi\u0119cim<\/b> angesagt.<br \/>\nWeshalb begann alles eigentlich mit solch merkw\u00fcrdiger Bluescreen-Spielerei, dem Blick durch das Lagertor der Hauptwache in Richtung Rampe und am rechten Rand schaffte sich dabei der O-beinige Moderator&#8230;<br \/>\nAn der geredeten Rede vom Herrn Bundesgauck und den dauernden Unterbrechungen monotoner Beif\u00e4llereien, nahm nur das Verteidigungsblondchen keine Notiz, die schien irgendetwas zu schreiben oder l\u00f6ste einen Sudoku. Mir reichte es aber auch vollends, deshalb wurde die Stromzufuhr der Verbl\u00f6dungslaterne unterbrochen, obwohl sie alles so <i>scheeen<\/i> inszenierten&#8230;<br \/>\nIch bezweifle, dass bei j\u00fcngeren Leuten nach solch einer Medienshow wirkliches Interesse f\u00fcr die Vergangenheit geweckt wird, zwar gab es in den letzten Jahrzehnten keine industriem\u00e4\u00dfige Vernichtung mehr, trotzdem ist der Tod \u00fcberall gegenw\u00e4rtig. Hinzu kommt, in der belegbaren <i>menschlichen<\/i> Geschichte wurden bisher jegliche Schweinereien irgendwann auch getoppt, deshalb ist mit <a title=\"Auschwitz\" href=\"http:\/\/upload.wikimedia.org\/wikipedia\/commons\/3\/39\/AUSCHWITZ-BIRKENAU.png\">Auschwitz<\/a> lediglich eine Periode abgeschlossen worden.<br \/>\nUm dahinter zusteigen was ich damit meine, muss man sich nicht die schwere Kost der <a title=\"Mitscherlich\u00b4s \" href=\"http:\/\/de.wikipedia.org\/wiki\/Margarete_Mitscherlich\">Mitscherlich\u00b4s<\/a>\u00a0 einziehen. Da gen\u00fcgt bereits eine Schrift von Robert Merle, jener beschreibt in <a title=\"\u201eDer Tod ist mein Beruf\u201c\" href=\"http:\/\/de.paperblog.com\/die-deutsche-misere-robert-merle-der-tod-ist-mein-beruf-24253\/\">\u201eDer Tod ist mein Beruf\u201c<\/a>, die Entwicklung eines kleinen spie\u00dfigen R\u00e4dchens innerhalb <i>unserer<\/i> Gesellschaft, der auch als Todesengel weiter funktionierte, als ob sein Job der normalste auf der Welt war&#8230;<br \/>\nHier noch etwas, <i><a title=\"Privat-Fotos \" href=\"http:\/\/www.spiegel.de\/einestages\/privat-fotos-aus-auschwitz-a-947872.html\">Privat-Fotos<\/a> aus Auschwitz: Fr\u00f6hliche Stunden neben der Gaskammer<\/i>.<br \/>\nDarauf sind Leute abgebildet, wie sie heute auch zuhauf \u00fcberall anzutreffen sind, die letztlich ebenso nur funktionieren und sich dar\u00fcber keinen Kopf machen, welche Stellenwert sie in der <a title=\"Gesellschaft\" href=\"http:\/\/www.spiegel.de\/spiegel\/print\/d-46173143.html\">Gesellschaft<\/a> eigentlich haben, man erkennt sie blo\u00df nicht, da sie in <a title=\"Markenklamotten\" href=\"http:\/\/www.gmx.net\/magazine\/panorama\/nationalsozialismus-holocaust-auschwitz-passieren-30396006\">Markenklamotten<\/a> herumlaufen&#8230;<\/p>\n<p>Eigentlich sollte als Anhang noch ein Schrieb von mir kommen, er betrifft mein Erleben in jenem KZ vor 45 Jahren. Habe das Teil irgendwo versenkt und finde es momentan nicht.<\/p>\n","protected":false},"excerpt":{"rendered":"<p>Mein heutiger Fernsehabend begann mittendrin von Frontal21, nach wenigen Sekunden ging es mit einen Winzspezial weiter &#8211; Die Zahl: 2334 Lobbyisten im Bundestag, wobei ich m\u00fcmmelte und bald kotzen musste, hielt aber durch. Nach einer Rauchpause ging es mit dem ZDF heute journal weiter &#8211; nat\u00fcrlich war dort O\u015bwi\u0119cim angesagt. Weshalb begann alles eigentlich mit [&hellip;]<\/p>\n","protected":false},"author":6,"featured_media":0,"comment_status":"open","ping_status":"open","sticky":false,"template":"","format":"standard","meta":{"footnotes":""},"categories":[1,37],"tags":[],"class_list":["post-25939","post","type-post","status-publish","format-standard","hentry","category-allgemeines","category-gmx-war-dabei"],"_links":{"self":[{"href":"https:\/\/zonenklaus.de\/wordpress\/index.php?rest_route=\/wp\/v2\/posts\/25939","targetHints":{"allow":["GET"]}}],"collection":[{"href":"https:\/\/zonenklaus.de\/wordpress\/index.php?rest_route=\/wp\/v2\/posts"}],"about":[{"href":"https:\/\/zonenklaus.de\/wordpress\/index.php?rest_route=\/wp\/v2\/types\/post"}],"author":[{"embeddable":true,"href":"https:\/\/zonenklaus.de\/wordpress\/index.php?rest_route=\/wp\/v2\/users\/6"}],"replies":[{"embeddable":true,"href":"https:\/\/zonenklaus.de\/wordpress\/index.php?rest_route=%2Fwp%2Fv2%2Fcomments&post=25939"}],"version-history":[{"count":4,"href":"https:\/\/zonenklaus.de\/wordpress\/index.php?rest_route=\/wp\/v2\/posts\/25939\/revisions"}],"predecessor-version":[{"id":25943,"href":"https:\/\/zonenklaus.de\/wordpress\/index.php?rest_route=\/wp\/v2\/posts\/25939\/revisions\/25943"}],"wp:attachment":[{"href":"https:\/\/zonenklaus.de\/wordpress\/index.php?rest_route=%2Fwp%2Fv2%2Fmedia&parent=25939"}],"wp:term":[{"taxonomy":"category","embeddable":true,"href":"https:\/\/zonenklaus.de\/wordpress\/index.php?rest_route=%2Fwp%2Fv2%2Fcategories&post=25939"},{"taxonomy":"post_tag","embeddable":true,"href":"https:\/\/zonenklaus.de\/wordpress\/index.php?rest_route=%2Fwp%2Fv2%2Ftags&post=25939"}],"curies":[{"name":"wp","href":"https:\/\/api.w.org\/{rel}","templated":true}]}}