{"id":26010,"date":"2015-02-26T23:48:36","date_gmt":"2015-02-26T22:48:36","guid":{"rendered":"http:\/\/zonenklaus.de\/wordpress\/?p=26010"},"modified":"2015-02-26T23:59:45","modified_gmt":"2015-02-26T22:59:45","slug":"im-nebel-arte","status":"publish","type":"post","link":"https:\/\/zonenklaus.de\/wordpress\/?p=26010","title":{"rendered":"Im Nebel &#8211; arte"},"content":{"rendered":"<p>Jener, von den Herstellungskosten sehr preiswerte Streifen wurde innerhalb der \u00f6stlich verschobenen Grenzen des Deutschen Reiches, im Jahre 1942, angesiedelt &#8211; n\u00e4mlich in der <span lang=\"ru-RU\">\u0411\u0435\u043b\u043e\u0440\u0443\u0441\u0441\u043a\u0430\u044f \u0421\u043e\u0432\u0435\u0442\u0441\u043a\u0430\u044f \u0421\u043e\u0446\u0438\u0430\u043b\u0438\u0441\u0442\u0438\u0447\u0435\u0441\u043a\u0430\u044f \u0420\u0435\u0441\u043f\u0443\u0431\u043b\u0438\u043a\u0430<\/span> und nicht wie es die Erl\u00e4uterung zum Film weismachen will &#8211; in <i>Wei\u00dfrussland<\/i>!<br \/>\nSchon klar: Besetzung durch Deutschen Wehrmacht. Sabotageakte von Partisanen verkaufen sich immer noch besser, als Handlungsstr\u00e4nge irgendwo auf UNSERER Erdenscheibe angesiedelt.<br \/>\nWarum eigentlich in der Vergangenheit herumstochern, besser gesagt, \u201eWillst du immer weiter schweifen? Sieh, das Gute liegt so nah&#8230;\u201c <b>(<\/b><i>Wegen der Bildung verrate ich den Autor nicht! Es k\u00f6nnte sich n\u00e4mlich um \u201e<\/i>Die-Eine-Million-Pfund-Note&#8221;<i>n-Frage von Mark Twain handeln.<\/i><b>)<\/b><br \/>\nSch\u00e4tze mal, keine 1000 Kilometer s\u00fcd\u00f6stlich von Minsk<b> (<\/b><i>Zur Erinnerung! In dem Nest fand vor wenigen Tagen ein Event statt! Handelte es sich dabei lediglich mal wieder um eine Masturbationsperformance mit vielen orgasmusresistenten Luftnummern oder einer Politswingerfete? Scheint so, denn eine blutleere Wendung ist bisher nicht in Sicht, sonst h\u00e4tte die Besatzung der ISS (<\/i>Nicht IS!<i>) schon Meldung gemacht!<\/i><b>) <\/b>w\u00e4re solche ein Geschehen auch heute m\u00f6glich! Allerdings wird dar\u00fcber erst in 70 Jahren ein Film gedreht und dieses Drama bek\u00e4me dann 2085 in Eberswalde den Preis der Internationalen Filmkritik!<br \/>\nIn diesem ungew\u00f6hnlichen Movie kommen menschliche Schw\u00e4chen nebst ihrer perversen Abgr\u00fcnde auf beiden Seiten zur Geltung, frei von Zivilcourage, Geradlinigkeit, Vertrauen, Aufrichtigkeit und Hoffnung&#8230;<br \/>\nAlles verschwindet &#8220;<i><a title=\"im Nebel\" href=\"http:\/\/www.arte.tv\/guide\/de\/044951-000\/im-nebel\">Im Nebel&#8221;<\/a> &#8211; <\/i>letztlich sind alle nur Verlierer!<br \/>\nTrotzdem ein sehenswerter Film.<\/p>\n","protected":false},"excerpt":{"rendered":"<p>Jener, von den Herstellungskosten sehr preiswerte Streifen wurde innerhalb der \u00f6stlich verschobenen Grenzen des Deutschen Reiches, im Jahre 1942, angesiedelt &#8211; n\u00e4mlich in der \u0411\u0435\u043b\u043e\u0440\u0443\u0441\u0441\u043a\u0430\u044f \u0421\u043e\u0432\u0435\u0442\u0441\u043a\u0430\u044f \u0421\u043e\u0446\u0438\u0430\u043b\u0438\u0441\u0442\u0438\u0447\u0435\u0441\u043a\u0430\u044f \u0420\u0435\u0441\u043f\u0443\u0431\u043b\u0438\u043a\u0430 und nicht wie es die Erl\u00e4uterung zum Film weismachen will &#8211; in Wei\u00dfrussland! Schon klar: Besetzung durch Deutschen Wehrmacht. Sabotageakte von Partisanen verkaufen sich immer noch besser, [&hellip;]<\/p>\n","protected":false},"author":6,"featured_media":0,"comment_status":"open","ping_status":"open","sticky":false,"template":"","format":"standard","meta":{"footnotes":""},"categories":[1],"tags":[],"class_list":["post-26010","post","type-post","status-publish","format-standard","hentry","category-allgemeines"],"_links":{"self":[{"href":"https:\/\/zonenklaus.de\/wordpress\/index.php?rest_route=\/wp\/v2\/posts\/26010","targetHints":{"allow":["GET"]}}],"collection":[{"href":"https:\/\/zonenklaus.de\/wordpress\/index.php?rest_route=\/wp\/v2\/posts"}],"about":[{"href":"https:\/\/zonenklaus.de\/wordpress\/index.php?rest_route=\/wp\/v2\/types\/post"}],"author":[{"embeddable":true,"href":"https:\/\/zonenklaus.de\/wordpress\/index.php?rest_route=\/wp\/v2\/users\/6"}],"replies":[{"embeddable":true,"href":"https:\/\/zonenklaus.de\/wordpress\/index.php?rest_route=%2Fwp%2Fv2%2Fcomments&post=26010"}],"version-history":[{"count":7,"href":"https:\/\/zonenklaus.de\/wordpress\/index.php?rest_route=\/wp\/v2\/posts\/26010\/revisions"}],"predecessor-version":[{"id":26017,"href":"https:\/\/zonenklaus.de\/wordpress\/index.php?rest_route=\/wp\/v2\/posts\/26010\/revisions\/26017"}],"wp:attachment":[{"href":"https:\/\/zonenklaus.de\/wordpress\/index.php?rest_route=%2Fwp%2Fv2%2Fmedia&parent=26010"}],"wp:term":[{"taxonomy":"category","embeddable":true,"href":"https:\/\/zonenklaus.de\/wordpress\/index.php?rest_route=%2Fwp%2Fv2%2Fcategories&post=26010"},{"taxonomy":"post_tag","embeddable":true,"href":"https:\/\/zonenklaus.de\/wordpress\/index.php?rest_route=%2Fwp%2Fv2%2Ftags&post=26010"}],"curies":[{"name":"wp","href":"https:\/\/api.w.org\/{rel}","templated":true}]}}