{"id":26048,"date":"2015-03-03T22:35:40","date_gmt":"2015-03-03T21:35:40","guid":{"rendered":"http:\/\/zonenklaus.de\/wordpress\/?p=26048"},"modified":"2015-03-04T09:49:40","modified_gmt":"2015-03-04T08:49:40","slug":"arte-terrorismus-in-der-falle","status":"publish","type":"post","link":"https:\/\/zonenklaus.de\/wordpress\/?p=26048","title":{"rendered":"arte &#8211; Terrorismus: In der Falle?"},"content":{"rendered":"<p><a title=\"\u201eSquare Idee\u201c\" href=\"http:\/\/www.arte.tv\/guide\/de\/058227-002\/square-idee\">\u201eSquare Idee\u201c<\/a><br \/>\nFast h\u00e4tte ich vergessen noch etwas abzulassen, \u00fcber eine Doku von gerade mal 27 Minuten, die letzten Sonntag auf \u201earte\u201c lief &#8211; eine Empfehlung von Hajo aus meiner kalten Heimat&#8230;<br \/>\nSchon erstaunlich, welcher Informationsgehalt in der kurzen Zeit da verbraten wurde.<br \/>\nBei Historiker und Nahost-Experten Pierre-Jean Luizard sowie der in Istanbul geborenen deutschen Soziologin N\u00e9cia Kelek konnte man davon ausgehen, im Gegensatz zu John Kerry, dass beiden klar war, \u00fcber was sie da redeten. Gut, f\u00fcr meine Begriffe schienen Frau Keleks Betrachtungen zeitweise recht geschlechtsspezifisch abzugleiten, trotzdem ergab alles, nebst der Moderation, ein abgerundetes Bild. Ein bisschen st\u00f6rte mich aber, dass die Soziologin recht h\u00e4ufig mit dem Begriff \u201eFreiheit\u201c jonglierte und selbiger betraf faktisch nur die westliche Sichtweise der letzten Jahrzehnte. Da half auch eine Anleihe aus den Tagen der beginnenden <i>Aufkl\u00e4rung<\/i> nichts! Wo sind eigentlich jene vision\u00e4ren Grundprinzipien abgeblieben, mit denen zu Unzeiten irgendwelche humanistischen Traumt\u00e4nzer ewig kokettieren?<br \/>\nZumindest enthielt die Sendung auch gewisse Denkanst\u00f6\u00dfe f\u00fcr interessierte Zeitgenossen, denen die historischen Hintergr\u00fcnde vor hundert Jahre nicht so gel\u00e4ufig erschienen, was das Schachern um riesiger Landmassen angeht. Hier noch der Link zum erw\u00e4hnten <a title=\"\u201eSykes-Picot-Abkommen\u201c\" href=\"http:\/\/de.wikipedia.org\/wiki\/Sykes-Picot-Abkommen\">\u201eSykes-Picot-Abkommen\u201c<\/a>.<!--more--><br \/>\n<b>(<\/b><i>Drei Tage vorher wurde in<a title=\" d-radio\" href=\"http:\/\/www.deutschlandradiokultur.de\/deutschland-und-der-kolonialismus-die-untaten-unserer.1008.de.html?dram:article_id=312684\"> d-radio<\/a> etwas \u00e4hnliches abgehandelt, allerdings betraf es das <a title=\"Deutsche Reich\" href=\"http:\/\/de.wikipedia.org\/wiki\/Kongokonferenz\">Deutsche Reich<\/a>. Martin Baer hat zu dem Thema bereits mehrere Dokumentarfilme verfasst. Durch ihn lernte ich, 2001, zur Buchpremiere und Film-Preview: \u201eEine Kopfjagd: Deutsche in Ostafrika: Spuren kolonialer Herrschaft\u201c,<a title=\" Is-Haka Mkwawa\" href=\"https:\/\/books.google.de\/books?id=IBYRpD373isC&amp;pg=PA11&amp;lpg=PA11&amp;dq=:+Is-Haka+Mkwawa.&amp;source=bl&amp;ots=RYbuOYD6ag&amp;sig=33w_blgKQZ3vnWtbsOhmsQwKcMc&amp;hl=de&amp;sa=X&amp;ei=o032VKy-OMO6UdrNgYgI&amp;ved=0CGMQ6AEwCQ#v=onepage&amp;q=%3A%20Is-Haka%20Mkwawa.&amp;f=false\"> Is-Haka Mkwawa<\/a>, einen Urenkel, des zu Kolonialzeiten kopflos beerdigten <a title=\"H\u00e4uptlings \" href=\"http:\/\/de.wikipedia.org\/wiki\/Chief_Mkwawa\">H\u00e4uptlings <\/a>kennen. Anfangs war diese sympathische Mann noch etwas zur\u00fcckhaltend, das \u00e4nderte sich urpl\u00f6tzlich durch einen Kommunikationskatalysator, der aus meiner Westentasche kam &#8211; ein etwas gr\u00f6\u00dferer Flachmann <a title=\"\u201eKonyagi\u201c\" href=\"http:\/\/konyagi.co.tz\/\">\u201eKonyagi\u201c<\/a>, das Geschenk von der Tochter meiner Freundin, die ein Jahr in Tansania gearbeitet hatte&#8230;<\/i><b>)<\/b><br \/>\nHier noch der Wink mit einem Zaunpfahl. In jenen, heute von Irren gebeutelten Landstrichen stand einst die Wiege der Menschheit. Zu einer Zeit, als UNSERE Altvorderen noch auf knorrigen Eichen hockten und Met soffen, da existierten dort bereits Hochkulturen, deren verbliebenen Reste heute gnadenlos ausgemerzt werden&#8230;<br \/>\nDies wird auch den wenigsten <i>demokratischen Freiheitsk\u00e4mpen <\/i>bekannt gewesen sein, die vor Jahren, auf Grund gefakeder <i>Erkenntnisse<\/i> westlicher Geheimdienste, in Hightech-Kriegsbemalung im Vorderen Orient <i>aufr\u00e4umen<\/i> wollten.<br \/>\nUnd was kam dabei heraus?<br \/>\nSie s\u00e4ten lediglich Wind und die anderen ernten bereits den Sturm <b>(<\/b><i>Etwas abgewandelt: Hosea 8, Vers 7<\/i><b>)<\/b> und jene steife Brise ist nun auch bei uns angekommen&#8230;<\/p>\n<p>Ganz am Rande bemerkt.<br \/>\nBei N\u00e9cia Kelek kam mir nicht das Gef\u00fchl auf, dass es sich bei ihr um eine dieser unterbelichteten Quotentanten handelt, die man ganz beil\u00e4ufig nach vorn geschoben hatte, damit sie auch mal zu einem <em>heiklem<\/em> Thema etwas plappern durfte<\/p>\n","protected":false},"excerpt":{"rendered":"<p>\u201eSquare Idee\u201c Fast h\u00e4tte ich vergessen noch etwas abzulassen, \u00fcber eine Doku von gerade mal 27 Minuten, die letzten Sonntag auf \u201earte\u201c lief &#8211; eine Empfehlung von Hajo aus meiner kalten Heimat&#8230; Schon erstaunlich, welcher Informationsgehalt in der kurzen Zeit da verbraten wurde. Bei Historiker und Nahost-Experten Pierre-Jean Luizard sowie der in Istanbul geborenen deutschen [&hellip;]<\/p>\n","protected":false},"author":6,"featured_media":0,"comment_status":"open","ping_status":"open","sticky":false,"template":"","format":"standard","meta":{"footnotes":""},"categories":[1],"tags":[],"class_list":["post-26048","post","type-post","status-publish","format-standard","hentry","category-allgemeines"],"_links":{"self":[{"href":"https:\/\/zonenklaus.de\/wordpress\/index.php?rest_route=\/wp\/v2\/posts\/26048","targetHints":{"allow":["GET"]}}],"collection":[{"href":"https:\/\/zonenklaus.de\/wordpress\/index.php?rest_route=\/wp\/v2\/posts"}],"about":[{"href":"https:\/\/zonenklaus.de\/wordpress\/index.php?rest_route=\/wp\/v2\/types\/post"}],"author":[{"embeddable":true,"href":"https:\/\/zonenklaus.de\/wordpress\/index.php?rest_route=\/wp\/v2\/users\/6"}],"replies":[{"embeddable":true,"href":"https:\/\/zonenklaus.de\/wordpress\/index.php?rest_route=%2Fwp%2Fv2%2Fcomments&post=26048"}],"version-history":[{"count":6,"href":"https:\/\/zonenklaus.de\/wordpress\/index.php?rest_route=\/wp\/v2\/posts\/26048\/revisions"}],"predecessor-version":[{"id":26054,"href":"https:\/\/zonenklaus.de\/wordpress\/index.php?rest_route=\/wp\/v2\/posts\/26048\/revisions\/26054"}],"wp:attachment":[{"href":"https:\/\/zonenklaus.de\/wordpress\/index.php?rest_route=%2Fwp%2Fv2%2Fmedia&parent=26048"}],"wp:term":[{"taxonomy":"category","embeddable":true,"href":"https:\/\/zonenklaus.de\/wordpress\/index.php?rest_route=%2Fwp%2Fv2%2Fcategories&post=26048"},{"taxonomy":"post_tag","embeddable":true,"href":"https:\/\/zonenklaus.de\/wordpress\/index.php?rest_route=%2Fwp%2Fv2%2Ftags&post=26048"}],"curies":[{"name":"wp","href":"https:\/\/api.w.org\/{rel}","templated":true}]}}