{"id":26156,"date":"2015-03-26T21:38:31","date_gmt":"2015-03-26T20:38:31","guid":{"rendered":"http:\/\/zonenklaus.de\/wordpress\/?p=26156"},"modified":"2015-03-27T23:10:39","modified_gmt":"2015-03-27T22:10:39","slug":"wg-avatar-u-a","status":"publish","type":"post","link":"https:\/\/zonenklaus.de\/wordpress\/?p=26156","title":{"rendered":"wg. AVATAR u.a."},"content":{"rendered":"<p>8-ung!<br \/>\n&#8230;hier folgt jetzt eine notierte<a title=\" Moppelkotze\" href=\"http:\/\/de.wikipedia.org\/wiki\/Moppelkotze\"> Moppelkotze<\/a>, bei der ich wiedermal nicht wei\u00df, wie alles vermengt werden soll, deshalb wird mit einem x-beliebigen Satz begonnen.<br \/>\nHatte nach langer Zeit mal wieder dem lieben Gott viel Zeit gestohlen und dies geschah vor der Laterne der Verbl\u00f6dung, ausgerechnet bei einem der Schweinekan\u00e4le&#8230;<br \/>\nFast die H\u00e4lfte jener Schmonzette wurde verpennt, allerdings war ich zu jedem Werbeblock sofort hellwach und zappte herum, allerdings nur zwischen ARD und dem <em>Kanal der Ein\u00e4ugigen<\/em>, nebenher fielen mir immer wieder zusammenhangslose Gedankensplitter der letzten Tage ein.<br \/>\n\u21d2 Im 1. lief, dem Zeitgeist entsprechend, eine merkw\u00fcrdige <i><a title=\" Abendunterhaltung\" href=\"http:\/\/www.focus.de\/kultur\/musik\/die-echo-gala-2015-im-live-stream-hier-koennen-sie-die-echo-verleihung-live-im-internet-sehen_id_4573469.html\">Abendunterhaltung<\/a>, <\/i>die mich verdammt an jenen spie\u00dfig\/kleinb\u00fcrgerlichen \u201eBlauen Bock\u201c der \u201eG\u00fcldenen \u00b450er und \u00b460er Jahre&#8221; erinnerte. Im II. schaffte sich eins der <a title=\"Plapperlieschen\" href=\"http:\/\/www.zdf.de\/ZDF\/zdfportal\/programdata\/12632120-aa37-348c-b695-6a372dbadea8\/20417828?doDispatch=1\">Plapperlieschen<\/a>, es ging dort um den abgeschmierten Jet. Schade, kein einziges mal erlebte ich den M\u00fcllermeister &amp; Verkehrsminister a.D., den Herrn Dr.!? Ramsauer, in Action.<br \/>\n&#8211; Zwischendurch gingen mir oft Gedankensplitter vom vergangenen Wochenende durch die Gehirnwindungen, waren wir doch zu der genialen Ausstellung \u00fcber das Werk von <a title=\"Oskar Schlemmer\" href=\"http:\/\/www.oskarschlemmer-stuttgart.de\/\">Oskar Schlemmer<\/a>, nach <em>Sturgardt,<\/em> gepeest. Der Kultur nicht genug, ging es gestern noch f\u00fcr zwei Stunden zum &#8220;<a title=\"Kloster Lorch\" href=\"http:\/\/www.kloster-lorch.com\/index.html\">Kloster Lorch<\/a>\u201c, am Museumsfreien Tag stand bereits &#8220;<a title=\"Kloster Adelberg\" href=\"http:\/\/www.adelberg.de\/gemeinde\/kloster.html\">Kloster Adelberg<\/a>\u201c auf der <i>Agenda(!)&#8230;<\/i><strong> (<\/strong><em>Schnell nochmal geschichtstr\u00e4chtige Orte ansehen, bevor irgendwelche Schwachk\u00f6pfe auch hier beginnen solche Zeugen UNSERER Vergangenheit in die Luft zu jagen. Niemand sollte sich dem Trugschluss hingeben, dass solch Frevel hier nicht m\u00f6glich w\u00e4re<\/em>.<strong>)<\/strong><br \/>\nDie R\u00fccktour entpuppte sich als ein richtiger G\u00fclletrip, vom Musterl\u00e4ndle bis weit nach Franken rein, tschechische und polnische Trucks, aufgef\u00e4delt wie auf einer Perlenkette&#8230;<br \/>\nHinzu kam, bereits zum Start gab pl\u00f6tzlich die Heizung den Geist auf und unserer M\u00f6hre ward zu einer rollenden Sauna, da total hei\u00dfe Luft in den Innenraum waberte&#8230;<br \/>\nMal zum Film retour! Was sollte mir der hochgelobte Avatar-Schinken \u00fcberhaupt sagen?<br \/>\n\u21d2 Irgendwann n\u00f6lte <i>Gr\u00f6hnefax<\/i> herum, beim Tantchen Illner drehten sich die Leute immer noch im Kreis<br \/>\n\u21d2 Wieder Movietime<br \/>\n\u21d2 Sp\u00e4ter im Ersten, die Larve vom s\u00fc\u00dfen Wuschelk\u00f6pfchen<br \/>\n\u21d2 Im ZDF schaffte sich \u00f6fters eine <i>P\u00fccholochin <\/i>nebst Betroffenheit, dann merkw\u00fcrdige Erkl\u00e4rungsversuche<br \/>\n\u21d2 Avatar<br \/>\n\u21d2 Werbepause &#8211; <a title=\"AC\/DC.\" href=\"https:\/\/www.youtube.com\/watch?v=Zg1VjxuJiio\">AC\/DC<\/a>, auch merkw\u00fcrdig, dass ausgerechnet diese Jungs sich dort fr\u00f6hlich prostituierten, demn\u00e4chst werde ich den Konsum ihrer Hits auch etwas drosseln &#8211; au\u00dferdem liefen sie in den letzten Wochen sowieso fast t\u00e4glich<br \/>\n\u21d2 Dann eierte die Ek<i>s<\/i>pertin abermals herum. Was k\u00f6nnte dazu gef\u00fchrt haben, dass der Flugzeuglenker freiwillig sein Leben zur\u00fcckgab und darauf Wert legte, ein Haufen Unbeteiligte daran teilnehmen zulassen. In der folgenden Reklamepause kam die Variante aufs Trapez, dass solch ein Vorgang gewisserma\u00dfen absolut nicht m\u00f6glich w\u00e4re! Scheinbar nur, <em>weil nicht sein kann, was nicht sein darf!<\/em><br \/>\nM\u00f6glicherweise handelte es sich ja lediglich um ein Protestakt, der die <i>N\u00fctzlichkeit<\/i> aller Forderungen von den Piloten bekr\u00e4ftigt&#8230;<br \/>\nWas nun s\u00e4mtliche Medien daraus machen, hat eine Qualit\u00e4t angenommen, die weit \u00fcber gequirlten D\u00fcnnschiss hinausgeht, da verblasst sogar jener gramvolle Trip vom Genossen Steinmeier und sein anschlie\u00dfendes Salbadern, ganz zu schweigen von der deutsch\/franz\u00f6sischen\/spanischen Betroffenheitstriole. Bei ihr kommt nun wieder hinzu, h\u00e4tte jenes <i>Leidensgipfeltreffen<\/i> nicht stattgefunden, s\u00e4mtliche Medienknechte w\u00e4ren doch wegen einer eventuellen Missachtung sofort auf die Barrikaden geh\u00fcpft!<!--more-->Da mir ewig die \u00c4uglein zufielen, entwickelte sich <em>Avatar<\/em> zu einem Puzzle, bei dem viele Br\u00f6sel fehlten.<br \/>\n\u21d2 Auf einem anderen Kanal &#8211; mit sehr getragener Stimme &#8211; Der gro\u00dfe &#8220;Musikantenstadler&#8221; geht nun auch nicht mehr einkaufen. Sein Tod belegt aber, dass ja noch nat\u00fcrliche M\u00f6glichkeiten bestehen, das Zeitliche zu segnen<br \/>\n\u21d2 Bei Maybritchen drehte sich das Plapperkarussell dann schon etwas langsamer.<br \/>\nWas mich nur wunderte, diesmal kam von Anfang an nie der Terroristenjoker auf den Tisch, was f\u00fcr mich bedeutete, dort wird m\u00e4chtig gemauschelt, denn die <i>Aufkl\u00e4rung<\/i> findet nur auf Nebenkriegsschaupl\u00e4tzen satt.<br \/>\nWas in den letzten Tagen auch nie aufs Trapez kam, sind gewisse Auseinandersetzungen dar\u00fcber, vielleicht mal dar\u00fcber nachzudenken, weshalb scharenweise an entscheidenden Schalthebeln immer mehr unterbelichtete Flachzangen zu finden sind! Fr\u00fcher<b> (<\/b><i>Ich wei\u00df, fr\u00fcher hatten wir noch einen Kaiser und der glotzte unter seiner Pickelhaube auch nicht besonders intelligent hervor.<\/i><b>)<\/b> gab es wenigstens unter solchen Aspiranten noch den einen oder anderen Fachidioten.<br \/>\nGott nochmal, welchen Kleingeistern man heutzutage hilflos ausgeliefert ist! <em>Fast auf den Tag genau, vor 30 Jahren, ward mir ruckartig klar, welches Vertrauen jeder zur Technik aufbringen muss. Auf dem Langstreckenflug: Berlin-Frankfurt-London-Bombay-Hongkong, durfte ich f\u00fcr eine viertel Stunde in das Cockpit eines Jumbos, hinterher wurde mir wirklich ganz anders.<\/em><br \/>\nNun ist neuerlich ein Damm gebrochen, denn wie das Amen in der Kirche, werden sich Nachahmungst\u00e4ter finden, ebenso kommt hinzu, in der n\u00e4chsten Zeit geht wieder ein Haufen Lebensqualit\u00e4t unwiederbringlich fl\u00f6ten, da ganz <i>wichtige Stare<\/i> sich auf Kosten der vielen unschuldigen Opfer anderweitig profilieren m\u00fcssen. Jene Leute werden n\u00e4mlich nur krampfhaft versuchen, vermeintliche L\u00fccken im System ihrer fortlaufenden Symptombek\u00e4mpfungen zu schlie\u00dfen, erhalten dabei witzlose Sch\u00fctzenhilfe von den Medien, die aufgrenzenlosen paranoiden Sicherheitsfetischismus setzen.<br \/>\nDas Problem liegt doch ganz woanders und ist eins der gro\u00dfen Verdienste vieler sog. Alt68ern, die sich haufenweise an der wertkonservativen Schulbildung vergingen, dabei versuchten sie vollst\u00e4ndig zu canceln, aber keinen Plan besa\u00dfen, wie es besser weiter gehen sollte, den Rest bis zur Unkenntlichkeit aufweichten. Statt daf\u00fcr zu sorgen, dass sp\u00e4tere Generationen nicht mit ihren geistigen Defiziten als Blindfische durch die Gegend sterzel m\u00fcssen, zu diesem Zweck das schulische Niveau entsprechend zu erh\u00f6hen und den ver\u00e4nderten gesellschaftlichen Gegebenheiten anzupassen, wurde weiterhin nur eliminiert. Wenn ich an UNSERE wesentlich sp\u00e4tere Bildungsministerin Frau Dr. plag Schavan denke, da f\u00e4llt sogar mir nichts mehr ein, sie wurde f\u00fcr ihren <i>wissenschaftlichen<\/i> Fake noch nicht mal zur Rechenschaft gezogen, statt dessen gab es anschlie\u00dfend noch eine l\u00fcckenlose Aufwertung. Minister Steinmeier besitzt ja ebenso keinen <a title=\"ganz koscheren Titel\" href=\"http:\/\/www.spiegel.de\/unispiegel\/jobundberuf\/steinmeiers-doktorarbeit-wortgleichheit-und-plagiate-a-931853.html\">ganz koscheren Titel<\/a>, nebenher kann man seinen Sprachstil oft sehr lustig finden, da befindet er sich aber in guter Gesellschaft.<br \/>\nVor den 68ern hatten bereits die Nazis in jene Richtung gearbeitet, <i>Bildung<\/i> vereinfachen, Kunst und Kultur minimieren, nebst dazugeh\u00f6riger Gleichschaltung. Dies wurde mir bei<a title=\" Oskar Schlemmer\" href=\"http:\/\/www.zeit.de\/2014\/49\/oskar-schlemmer-staatsgalerie-stuttgart\"> Oskar Schlemmer<\/a> <strong>(<\/strong><em>Man achte auf den letzten Absatz der Seite 1!<\/em><strong>) <\/strong>wieder vergegenw\u00e4rtigt, seine Genialit\u00e4t machte den tonangebenden Dummficks nat\u00fcrlich Angst&#8230;<br \/>\nEine jener Ausgeburten vom bundesgermanischen Bildungsstand konnte ich jahrelang in meiner Stammpinte genie\u00dfen, er kokettierte permanent mit seinem Abi, dabei ist ein russisches Wildkarnickel gegen den Knaben ein Hochschulkader <b>(<\/b><i>Mir f\u00e4llt in dem Zusammenhang etwas ein. Mit unserer Jugendsprache konnte wir fr\u00fcher die Angeh\u00f6rigen der Dreigrammbewegung sogar m\u00e4chtig nerven. Letztens verabschiedete sich ein Freund telefonisch: \u201eW\u00fcnsche dir ein atomwaffenfreies Wochenende und ein gutes Westbild!\u201c Der gelernt Westler hat auch nie erfahren, was es bedeutet, &#8220;<\/i><em>eine K\u00e4the wie ein Westpaket aufzurei\u00dfen.&#8221;<\/em><b>)<\/b>, man k\u00f6nnte es auch so ausdr\u00fccken, jede Scheibe Kn\u00e4ckebrot besitzt einen h\u00f6heren IQ. Von ihm kennt man eigentlich nur Monologe \u00fcbers Ficken und 60er Jahre Beatmusik, aber auch dies geht nun nicht mehr. Seinen Verstand hat er sich nicht weggepimpert, sondern ihn versoffen.<br \/>\nHeutzutage kann wirklich jeder <i>Blindenscheff<\/i> ohne ein Quentchen sittlicher Reife, irgendwie sein <i>Abiteng<\/i> basteln und bis hin zum Eitelkeitsk\u00fcrzel weiter lavieren, den Rest erledigen Beziehungen und Seilschaften.<br \/>\nNebenbei interessiert es mich herzlich wenig, welches der eigentliche Beweggrund f\u00fcr den Bruchpiloten war. Vielleicht wollte sich seine Alte von ihm scheiden lassen, wegen seiner gnadenlosen Sauferei, er nebenher Frau und G\u00f6ren gnadenlos pr\u00fcgelte oder sie wurde lesbisch. M\u00f6glicherweise wurmte ihn seine lauwarme Ader und die Unf\u00e4higkeit den Weg des Outings zu w\u00e4hlen.<br \/>\nEventuell sind vielen Dateien mit minderj\u00e4hrigem Frischfleisch ruchbar geworden&#8230;<\/p>\n","protected":false},"excerpt":{"rendered":"<p>8-ung! &#8230;hier folgt jetzt eine notierte Moppelkotze, bei der ich wiedermal nicht wei\u00df, wie alles vermengt werden soll, deshalb wird mit einem x-beliebigen Satz begonnen. Hatte nach langer Zeit mal wieder dem lieben Gott viel Zeit gestohlen und dies geschah vor der Laterne der Verbl\u00f6dung, ausgerechnet bei einem der Schweinekan\u00e4le&#8230; Fast die H\u00e4lfte jener Schmonzette [&hellip;]<\/p>\n","protected":false},"author":6,"featured_media":0,"comment_status":"open","ping_status":"open","sticky":false,"template":"","format":"standard","meta":{"footnotes":""},"categories":[1,37],"tags":[],"class_list":["post-26156","post","type-post","status-publish","format-standard","hentry","category-allgemeines","category-gmx-war-dabei"],"_links":{"self":[{"href":"https:\/\/zonenklaus.de\/wordpress\/index.php?rest_route=\/wp\/v2\/posts\/26156","targetHints":{"allow":["GET"]}}],"collection":[{"href":"https:\/\/zonenklaus.de\/wordpress\/index.php?rest_route=\/wp\/v2\/posts"}],"about":[{"href":"https:\/\/zonenklaus.de\/wordpress\/index.php?rest_route=\/wp\/v2\/types\/post"}],"author":[{"embeddable":true,"href":"https:\/\/zonenklaus.de\/wordpress\/index.php?rest_route=\/wp\/v2\/users\/6"}],"replies":[{"embeddable":true,"href":"https:\/\/zonenklaus.de\/wordpress\/index.php?rest_route=%2Fwp%2Fv2%2Fcomments&post=26156"}],"version-history":[{"count":9,"href":"https:\/\/zonenklaus.de\/wordpress\/index.php?rest_route=\/wp\/v2\/posts\/26156\/revisions"}],"predecessor-version":[{"id":26168,"href":"https:\/\/zonenklaus.de\/wordpress\/index.php?rest_route=\/wp\/v2\/posts\/26156\/revisions\/26168"}],"wp:attachment":[{"href":"https:\/\/zonenklaus.de\/wordpress\/index.php?rest_route=%2Fwp%2Fv2%2Fmedia&parent=26156"}],"wp:term":[{"taxonomy":"category","embeddable":true,"href":"https:\/\/zonenklaus.de\/wordpress\/index.php?rest_route=%2Fwp%2Fv2%2Fcategories&post=26156"},{"taxonomy":"post_tag","embeddable":true,"href":"https:\/\/zonenklaus.de\/wordpress\/index.php?rest_route=%2Fwp%2Fv2%2Ftags&post=26156"}],"curies":[{"name":"wp","href":"https:\/\/api.w.org\/{rel}","templated":true}]}}