{"id":26190,"date":"2015-03-29T21:01:56","date_gmt":"2015-03-29T20:01:56","guid":{"rendered":"http:\/\/zonenklaus.de\/wordpress\/?p=26190"},"modified":"2015-03-30T10:55:01","modified_gmt":"2015-03-30T09:55:01","slug":"heute-nur-aufgewaermte-kost-und-keine-vernuenftige-panikmeldung","status":"publish","type":"post","link":"https:\/\/zonenklaus.de\/wordpress\/?p=26190","title":{"rendered":"Heute nur aufgew\u00e4rmte Kost und keine vern\u00fcnftige Panikmeldung"},"content":{"rendered":"<p>Was w\u00fcrden die Medien wohl veranstalten, wenn es <i>never-come-back-fly 4U9525 <\/i>nicht gegeben h\u00e4tte? Ticken denn s\u00e4mtliche sensationsheischenden Dackel nicht mehr richtig?<br \/>\nWie seit Tagen alles abl\u00e4uft, da kommt es mir im Nachhinein vor, als h\u00e4tten sie ansonsten f\u00fcr jenen Quoten f\u00f6rdernden Hype einen Freiwilligen suchen m\u00fcssen.<br \/>\nGMX titelt st\u00fcndlich etwas anderes, gerade eben: <b><a title=\"Flugzeugabsturz bei Germanwings\" href=\"http:\/\/www.gmx.net\/magazine\/panorama\/germanwings-absturz-airbus-a320\/flugzeugabsturz-germanwings-parallelen-amoklauf-30542866\">Flugzeugabsturz bei Germanwings<\/a> hat &#8220;Parallelen zu einem Amoklauf&#8221;<\/b><br \/>\nDazu taucht f\u00fcr mich der eher vollkommen unbekannte Seelenklempner, Herr Stefan R\u00f6pke, wie Kai aus der Kiste auf. Nach der ersten Antwort klickte ich weg, sie begann: <i>Ein gesunder Mensch mit einer gesunden Psyche macht so etwas nicht; dass er das Flugzeug selbstst\u00e4ndig zum Absturz gesteuert hat. Wenn&#8230; <\/i><br \/>\n<strong> &#8211; <\/strong>Unisono vernehme ich aus allen Ecken, \u201eich kann das nicht mehr h\u00f6ren!\u201c<br \/>\nMutig stocherte ich aber im Netz herum und wurde f\u00fcndig:<b><a title=\"Germanwings-Flug 4U9525\" href=\"http:\/\/www.gmx.net\/magazine\/panorama\/germanwings-absturz-airbus-a320\/germanwings-flug-4u9525-klassische-pilotenkarriere-30543702\"> Germanwings-Flug 4U9525<\/a>: Es begann als klassische Pilotenkarriere. <\/b>Dort stand u.a.: <i>In seinem verh\u00e4ngnisvollen Sinkflug &#8211; immer schnurgeradeaus &#8211; kam der Airbus auch Europas gr\u00f6\u00dftem Atomforschungszentrum in Cadarache relativ nahe. Es ist eine strategisch wichtige Einrichtung, in der mehrere tausend Mitarbeiter die milit\u00e4rische und zivile Anwendung des Atoms erforschen&#8230;<\/i><br \/>\nSoll jener Satz etwa als Tip f\u00fcr das n\u00e4chste Rien ne va plus gelten, vielleicht f\u00fcr eine Pilotin?<br \/>\nIrgendwann kam fettgedruckt: <b>Luftraum muss Lubitz bekannt gewesen sein<\/b><br \/>\nGott nochmal, wenn der Knabe seinen Jet gegen den Berg knallen wollte, muss ihm doch nicht zwangsl\u00e4ufig der Luftraum bekannt gewesen sein. Schlie\u00dflich haben die Alpen doch andere Dimension als z.B. H\u00fcgel vom Hohen Fl\u00e4ming im Brandenburgischen&#8230;<br \/>\n<b>&#8211; <\/b>Wollte bereits aufgeben, da wurde es zum guten Schluss noch richtig witzig, dabei schoss Herr <a title=\"Bundes-Gauck\" href=\"http:\/\/www.n24.de\/n24\/Nachrichten\/Panorama\/d\/6382604\/gauck-verspricht-angehoerigen-unterstuetzung.html\">Bundes-Gauck<\/a> den dicksten Broiler ab. Ehe man solch merkw\u00fcrdiges Gestammel abl\u00e4sst, w\u00e4re es vielleicht angebracht, vorher bestimmte Sektoren der grauen Zellen zu aktivieren. Beim besten Willen, ich steige nicht dahinter, was der Mann eigentlich vermitteln wollte, ob die Macher von<strong> &#8220;n24&#8221;<\/strong> es mir vielleicht erkl\u00e4ren k\u00f6nnen? <b>(<\/b><i>Habe den peinlichen Schnipsel vorsichtshalber kopiert.<\/i><b>)<\/b><!--more--><br \/>\n<a title=\"Airbus-Absturz: Ermittlern fehlt weiter der zweite Flugschreiber\" href=\"http:\/\/www.gmx.net\/magazine\/panorama\/germanwings-absturz-airbus-a320\/airbus-absturz-ermittlern-fehlt-zweite-flugschreiber-30543130\"><b>Airbus-Absturz: Ermittlern fehlt weiter der zweite Flugschreiber<\/b><\/a><br \/>\nDen werden sie bestimmt nicht finden! Hat sich scheinbar noch nicht herum gesprochen &#8211; der wurde eingespart oder er taucht demn\u00e4chst bei eBay auf!<br \/>\n<i>&#8230;Die DNA von insgesamt 78 Menschen wurde bereits gesichert, berichtet &#8220;Spiegel Online&#8221;. &#8220;Wir haben noch keine Opfer identifiziert, sondern DNA-Spuren&#8221;, sagte Robin zur Frage, ob bereits sterbliche \u00dcberreste des Co-Piloten der Ungl\u00fccksmaschine identifiziert wurden. <\/i><br \/>\nIn welchem Zusammenhang soll eigentlich die Frage zu Br\u00f6seln vom Co-Piloten und den DNA-Spuren von 78 ehemaligen Passagieren stehen?<br \/>\nLangsam geht mir mein eigener Zynismus bereits auf den Z\u00fcnder, aber wie soll man \u00fcberhaupt diesen perversen Medienpossen anders begegnen?<br \/>\nWeshalb zieht man nicht endlich die Klatschbasen der dortigen Staatsanwaltschaft zur Rechenschaft, deckelt schleunigst die ganze Angelegenheit und belegt s\u00e4mtliche eingesetzten Kr\u00e4fte mit einem absoluten Redeverbot?<br \/>\nDies h\u00e4tte aus Piet\u00e4tsgr\u00fcnden von Anfang an geschehen m\u00fcssen.<br \/>\nSolche Aktionen sind heute nicht mehr m\u00f6glich, denn die Journaille kreiert ureigene quotentr\u00e4chtige Meinungsmanipulationen mit Hilfe ihrer Produktionsfirmen und w\u00fcrde sofort auf die Barrikaden gehen, da es sich ja bei der Beschneidung von <i>Pressefreiheit<\/i>, um den Versuch handelte, das <i>h\u00f6chste demokratische Gut<\/i> zu eliminieren.<br \/>\nIst es nicht zum Piepen, fast 50 Jahre ist es her, da gingen Studenten noch gegen die provinzielle, fast nichtssagende Meinungsmache aus dem Hause Springer vor, jedoch bei den heutigen Ausma\u00dfen von hirnrissiger und gef\u00e4hrlicher Medienpr\u00e4senz, da pennen alle&#8230;<br \/>\nMir kommt es manchmal so vor, auch bei dem kommenden <i>Event<\/i> im K\u00f6lner Dom wird es wieder so sein, da werden Opfer instrumentalisiert und anwesende Politiker schlummern in Wirklichkeit hinter ihren Betroffenheitsmasken, damit sie gleich anschlie\u00dfend, hellwach an ihren geheimen Missionen werkeln k\u00f6nnen&#8230;<\/p>\n<p>Jetzt werde ich noch einige Bilder aus alten Tagen ins Netz pinnen. Dank an Blacky, der mir die Negative \u00fcberlie\u00df! Wegen der ideellen Werte habe ich auch Ablichtungen verwendet, die Lichtjahre vom Pulitzer-Preis entfernt sind<\/p>\n","protected":false},"excerpt":{"rendered":"<p>Was w\u00fcrden die Medien wohl veranstalten, wenn es never-come-back-fly 4U9525 nicht gegeben h\u00e4tte? Ticken denn s\u00e4mtliche sensationsheischenden Dackel nicht mehr richtig? Wie seit Tagen alles abl\u00e4uft, da kommt es mir im Nachhinein vor, als h\u00e4tten sie ansonsten f\u00fcr jenen Quoten f\u00f6rdernden Hype einen Freiwilligen suchen m\u00fcssen. GMX titelt st\u00fcndlich etwas anderes, gerade eben: Flugzeugabsturz bei [&hellip;]<\/p>\n","protected":false},"author":6,"featured_media":0,"comment_status":"open","ping_status":"open","sticky":false,"template":"","format":"standard","meta":{"footnotes":""},"categories":[1],"tags":[],"class_list":["post-26190","post","type-post","status-publish","format-standard","hentry","category-allgemeines"],"_links":{"self":[{"href":"https:\/\/zonenklaus.de\/wordpress\/index.php?rest_route=\/wp\/v2\/posts\/26190","targetHints":{"allow":["GET"]}}],"collection":[{"href":"https:\/\/zonenklaus.de\/wordpress\/index.php?rest_route=\/wp\/v2\/posts"}],"about":[{"href":"https:\/\/zonenklaus.de\/wordpress\/index.php?rest_route=\/wp\/v2\/types\/post"}],"author":[{"embeddable":true,"href":"https:\/\/zonenklaus.de\/wordpress\/index.php?rest_route=\/wp\/v2\/users\/6"}],"replies":[{"embeddable":true,"href":"https:\/\/zonenklaus.de\/wordpress\/index.php?rest_route=%2Fwp%2Fv2%2Fcomments&post=26190"}],"version-history":[{"count":6,"href":"https:\/\/zonenklaus.de\/wordpress\/index.php?rest_route=\/wp\/v2\/posts\/26190\/revisions"}],"predecessor-version":[{"id":26196,"href":"https:\/\/zonenklaus.de\/wordpress\/index.php?rest_route=\/wp\/v2\/posts\/26190\/revisions\/26196"}],"wp:attachment":[{"href":"https:\/\/zonenklaus.de\/wordpress\/index.php?rest_route=%2Fwp%2Fv2%2Fmedia&parent=26190"}],"wp:term":[{"taxonomy":"category","embeddable":true,"href":"https:\/\/zonenklaus.de\/wordpress\/index.php?rest_route=%2Fwp%2Fv2%2Fcategories&post=26190"},{"taxonomy":"post_tag","embeddable":true,"href":"https:\/\/zonenklaus.de\/wordpress\/index.php?rest_route=%2Fwp%2Fv2%2Ftags&post=26190"}],"curies":[{"name":"wp","href":"https:\/\/api.w.org\/{rel}","templated":true}]}}