{"id":2625,"date":"2009-03-04T23:10:45","date_gmt":"2009-03-04T22:10:45","guid":{"rendered":"http:\/\/12decode.de\/zonenklaus\/wordpress\/?p=2625"},"modified":"2009-03-05T08:08:41","modified_gmt":"2009-03-05T07:08:41","slug":"nicht-vorbestraft-oder","status":"publish","type":"post","link":"https:\/\/zonenklaus.de\/wordpress\/?p=2625","title":{"rendered":"Nicht vorbestraft, oder?"},"content":{"rendered":"<p>CDU: <a href=\"http:\/\/www.tagesspiegel.de\/zeitung\/Titelseite-Dieter-Althaus;art692,2744159\">Althaus<\/a> ist nicht vorbestraft<br \/>\nEs hei\u00dft doch so sch\u00f6n, eine Kr\u00e4he tritt der anderen nicht in ihre Eier &#8211; wie auch immer dieser Spruch geht.<br \/>\nDa existiert ja noch was \u00e4hnliches, glaube so: Die Gro\u00dfen l\u00e4sst man wegfahren, w\u00e4hrend Kleine des Seilers d\u00fcnne Tochter ehelichen m\u00fcssen\u2026<br \/>\nIch muss leider noch viele Monate ins Land gehen lassen, bis mich jemand verdonnert &#8211; zum aufkn\u00fcpfen.<br \/>\nDen kleinen Unterschied zwischen Didi und mir, kann ich auch bei jedem Arztbesuch genie\u00dfen, er ist halt f\u00fcr alle Lebenslagen privat versichert.<br \/>\nHeute bekam ich Post vom Polpr\u00e4si, wegen Zuwiderhandlung \u00a7 185 StGB, dabei hat meine Widerpartnerin noch nicht mal eine Schramme abbekommen, sie scheint sich, bis auf eine von mir vermuteter Kleinigkeit, auch bester Gesundheit zu erfreuen.<\/p>\n<p><!--more--><\/p>\n<p><a href=\"http:\/\/12decode.de\/zonenklaus\/wordpress\/wp-content\/uploads\/2009\/03\/polpras1b.jpg\"><img loading=\"lazy\" decoding=\"async\" class=\"alignleft size-medium wp-image-2643\" src=\"http:\/\/12decode.de\/zonenklaus\/wordpress\/wp-content\/uploads\/2009\/03\/polpras1b-220x300.jpg\" alt=\"\" width=\"220\" height=\"300\" srcset=\"https:\/\/zonenklaus.de\/wordpress\/wp-content\/uploads\/2009\/03\/polpras1b-220x300.jpg 220w, https:\/\/zonenklaus.de\/wordpress\/wp-content\/uploads\/2009\/03\/polpras1b.jpg 640w\" sizes=\"auto, (max-width: 220px) 100vw, 220px\" \/><\/a><a href=\"http:\/\/12decode.de\/zonenklaus\/wordpress\/wp-content\/uploads\/2009\/03\/polpras2b1.jpg\"><img loading=\"lazy\" decoding=\"async\" class=\"alignleft size-medium wp-image-2644\" src=\"http:\/\/12decode.de\/zonenklaus\/wordpress\/wp-content\/uploads\/2009\/03\/polpras2b1-218x300.jpg\" alt=\"\" width=\"218\" height=\"300\" srcset=\"https:\/\/zonenklaus.de\/wordpress\/wp-content\/uploads\/2009\/03\/polpras2b1-218x300.jpg 218w, https:\/\/zonenklaus.de\/wordpress\/wp-content\/uploads\/2009\/03\/polpras2b1.jpg 640w\" sizes=\"auto, (max-width: 218px) 100vw, 218px\" \/><\/a>&#8211;<\/p>\n<p>&#8211;<\/p>\n<p>&#8211;<\/p>\n<p>&#8211;<\/p>\n<p>&#8211;<\/p>\n<p>&#8211;<\/p>\n<p>&#8211;<\/p>\n<p>&#8211;<\/p>\n<p>Ich sehe mittlerweile auch ein, dass ich bei \u201eVerbalwixerinnen\u201c auch auf die geschlechtspezifische Betrachtungsweise R\u00fccksicht nehmen muss. Eventuell sollte ich in diesen F\u00e4llen meine Frage einfach nur anders formulieren. Vielleicht in diese Richtung: \u201eSch\u00f6ne Frau, gehe ich recht in der Annahme, dass sie schon l\u00e4ngere Zeit auf eine lustvolle Schleimhautreizug verzichten mussten und deshalb in der \u00d6ffentlichkeit so angeregt verbal wixen m\u00fcssen?\u201c<br \/>\nGut, die Anrede k\u00f6nnte ich ja nach belieben austauschen, denn eine nicht unh\u00e4ssliche Dame w\u00fcrde sich dadurch bestimmt noch mehr in Rage bringen lassen.<br \/>\nWieder retour, was meinen Fall angeht, die Tante besteht ja darauf, dass ich behauptet h\u00e4tte, \u201esie sei chronisch unterv\u00f6gelt\u201c, es war ja nicht an dem. Auf meine konkrete Frage h\u00e4tte sie doch nur mit \u201eJa\u201c oder \u201eNein\u201c antworten brauchen, oder?<br \/>\nWas dies alles wieder dem Steuerzahler kosten wird\u2026<br \/>\nIch bin mal gespannt, ob die Sache von einem Staatsanwalt, Marke Kenneth Starr verhandelt wird\u2026<br \/>\nVor \u00fcber 30 Jahren hatte ich in einen anders gelagerten Fall auch einen Antipoden gefunden, den Architekten Garski. In der U-Bahn las ich, dass er 120 Millionen DM in den Saudi Arabischen Sand gesetzt hatte, verb\u00fcrgt vom Berliner Senat. Zu Hause lag dann ein Gestellungsbefehl im Briefkasten: 10 Tage zur Erzwingungshaft nach Moabit, wegen nicht gezahlter 100 Mark<\/p>\n","protected":false},"excerpt":{"rendered":"<p>CDU: Althaus ist nicht vorbestraft Es hei\u00dft doch so sch\u00f6n, eine Kr\u00e4he tritt der anderen nicht in ihre Eier &#8211; wie auch immer dieser Spruch geht. Da existiert ja noch was \u00e4hnliches, glaube so: Die Gro\u00dfen l\u00e4sst man wegfahren, w\u00e4hrend Kleine des Seilers d\u00fcnne Tochter ehelichen m\u00fcssen\u2026 Ich muss leider noch viele Monate ins Land [&hellip;]<\/p>\n","protected":false},"author":6,"featured_media":0,"comment_status":"open","ping_status":"closed","sticky":false,"template":"","format":"standard","meta":{"footnotes":""},"categories":[22],"tags":[],"class_list":["post-2625","post","type-post","status-publish","format-standard","hentry","category-der-tagesspiegel"],"_links":{"self":[{"href":"https:\/\/zonenklaus.de\/wordpress\/index.php?rest_route=\/wp\/v2\/posts\/2625","targetHints":{"allow":["GET"]}}],"collection":[{"href":"https:\/\/zonenklaus.de\/wordpress\/index.php?rest_route=\/wp\/v2\/posts"}],"about":[{"href":"https:\/\/zonenklaus.de\/wordpress\/index.php?rest_route=\/wp\/v2\/types\/post"}],"author":[{"embeddable":true,"href":"https:\/\/zonenklaus.de\/wordpress\/index.php?rest_route=\/wp\/v2\/users\/6"}],"replies":[{"embeddable":true,"href":"https:\/\/zonenklaus.de\/wordpress\/index.php?rest_route=%2Fwp%2Fv2%2Fcomments&post=2625"}],"version-history":[{"count":19,"href":"https:\/\/zonenklaus.de\/wordpress\/index.php?rest_route=\/wp\/v2\/posts\/2625\/revisions"}],"predecessor-version":[{"id":2652,"href":"https:\/\/zonenklaus.de\/wordpress\/index.php?rest_route=\/wp\/v2\/posts\/2625\/revisions\/2652"}],"wp:attachment":[{"href":"https:\/\/zonenklaus.de\/wordpress\/index.php?rest_route=%2Fwp%2Fv2%2Fmedia&parent=2625"}],"wp:term":[{"taxonomy":"category","embeddable":true,"href":"https:\/\/zonenklaus.de\/wordpress\/index.php?rest_route=%2Fwp%2Fv2%2Fcategories&post=2625"},{"taxonomy":"post_tag","embeddable":true,"href":"https:\/\/zonenklaus.de\/wordpress\/index.php?rest_route=%2Fwp%2Fv2%2Ftags&post=2625"}],"curies":[{"name":"wp","href":"https:\/\/api.w.org\/{rel}","templated":true}]}}