{"id":26271,"date":"2015-04-15T10:14:39","date_gmt":"2015-04-15T09:14:39","guid":{"rendered":"http:\/\/zonenklaus.de\/wordpress\/?p=26271"},"modified":"2015-04-15T19:21:03","modified_gmt":"2015-04-15T18:21:03","slug":"ehemaliger-monitor-moderator-klaus-bednarz-geht-nicht-mehr-einkaufen","status":"publish","type":"post","link":"https:\/\/zonenklaus.de\/wordpress\/?p=26271","title":{"rendered":"Ehemaliger &#8220;Monitor&#8221;-Moderator Klaus Bednarz geht nicht mehr einkaufen"},"content":{"rendered":"<p>Nun zog es wiedermal einer der wenigen <a title=\"Journalisten\" href=\"http:\/\/www.sueddeutsche.de\/medien\/wdr-fernsehjournalist-klaus-bednarz-ist-tot-1.2435903\">Journalisten<\/a> alter Schule vor, ziemlich fr\u00fch auch die Radieschen von unten zu betrachten.<br \/>\nBednarz gefiel mir als Auslandskorrespondent in Moskau wesentlich besser, denn bei <i>Monitor<\/i>.<br \/>\nEigentlich sehr schade, dass diese <a title=\"Koryph\u00e4en\" href=\"https:\/\/www.youtube.com\/watch?v=rSlPqsBvZl4\">Koryph\u00e4en<\/a> verga\u00dfen, vern\u00fcnftigen Nachwuchs heranzuziehen. Egal wo man heute in den Medien hinschaut, \u00fcberall lungern dort Leute herum, die sich mehr in der Rolle von brotlosen Selbstdarstellern, Vertuschern, Kaffeesatzlesern und huldvollen Hofberichterstattern gefallen&#8230;<\/p>\n","protected":false},"excerpt":{"rendered":"<p>Nun zog es wiedermal einer der wenigen Journalisten alter Schule vor, ziemlich fr\u00fch auch die Radieschen von unten zu betrachten. Bednarz gefiel mir als Auslandskorrespondent in Moskau wesentlich besser, denn bei Monitor. Eigentlich sehr schade, dass diese Koryph\u00e4en verga\u00dfen, vern\u00fcnftigen Nachwuchs heranzuziehen. Egal wo man heute in den Medien hinschaut, \u00fcberall lungern dort Leute herum, [&hellip;]<\/p>\n","protected":false},"author":6,"featured_media":0,"comment_status":"open","ping_status":"open","sticky":false,"template":"","format":"standard","meta":{"footnotes":""},"categories":[38],"tags":[],"class_list":["post-26271","post","type-post","status-publish","format-standard","hentry","category-in-den-ewigen-jagdgrunden"],"_links":{"self":[{"href":"https:\/\/zonenklaus.de\/wordpress\/index.php?rest_route=\/wp\/v2\/posts\/26271","targetHints":{"allow":["GET"]}}],"collection":[{"href":"https:\/\/zonenklaus.de\/wordpress\/index.php?rest_route=\/wp\/v2\/posts"}],"about":[{"href":"https:\/\/zonenklaus.de\/wordpress\/index.php?rest_route=\/wp\/v2\/types\/post"}],"author":[{"embeddable":true,"href":"https:\/\/zonenklaus.de\/wordpress\/index.php?rest_route=\/wp\/v2\/users\/6"}],"replies":[{"embeddable":true,"href":"https:\/\/zonenklaus.de\/wordpress\/index.php?rest_route=%2Fwp%2Fv2%2Fcomments&post=26271"}],"version-history":[{"count":2,"href":"https:\/\/zonenklaus.de\/wordpress\/index.php?rest_route=\/wp\/v2\/posts\/26271\/revisions"}],"predecessor-version":[{"id":26275,"href":"https:\/\/zonenklaus.de\/wordpress\/index.php?rest_route=\/wp\/v2\/posts\/26271\/revisions\/26275"}],"wp:attachment":[{"href":"https:\/\/zonenklaus.de\/wordpress\/index.php?rest_route=%2Fwp%2Fv2%2Fmedia&parent=26271"}],"wp:term":[{"taxonomy":"category","embeddable":true,"href":"https:\/\/zonenklaus.de\/wordpress\/index.php?rest_route=%2Fwp%2Fv2%2Fcategories&post=26271"},{"taxonomy":"post_tag","embeddable":true,"href":"https:\/\/zonenklaus.de\/wordpress\/index.php?rest_route=%2Fwp%2Fv2%2Ftags&post=26271"}],"curies":[{"name":"wp","href":"https:\/\/api.w.org\/{rel}","templated":true}]}}