{"id":26276,"date":"2015-04-16T22:36:42","date_gmt":"2015-04-16T21:36:42","guid":{"rendered":"http:\/\/zonenklaus.de\/wordpress\/?p=26276"},"modified":"2015-04-19T00:16:25","modified_gmt":"2015-04-18T23:16:25","slug":"sind-gewisse-nachrichtenredakteure-und-auch-innen-eigentlich-bekloppt","status":"publish","type":"post","link":"https:\/\/zonenklaus.de\/wordpress\/?p=26276","title":{"rendered":"Sind gewisse \u201eNachrichten\u201cRedakteure und auch -Innen eigentlich beKLOPPt?"},"content":{"rendered":"<p>Zumindest scheint es im Kanal der Ein\u00e4ugigen<a href=\"http:\/\/zonenklaus.de\/wordpress\/wp-content\/uploads\/2015\/04\/Mit-dem-Zweiten-sieht-man-besser.png\"><img loading=\"lazy\" decoding=\"async\" class=\"alignleft size-thumbnail wp-image-26277\" src=\"http:\/\/zonenklaus.de\/wordpress\/wp-content\/uploads\/2015\/04\/Mit-dem-Zweiten-sieht-man-besser-121x150.png\" alt=\"Mit-dem-Zweiten-sieht-man-besser\" width=\"121\" height=\"150\" srcset=\"https:\/\/zonenklaus.de\/wordpress\/wp-content\/uploads\/2015\/04\/Mit-dem-Zweiten-sieht-man-besser-121x150.png 121w, https:\/\/zonenklaus.de\/wordpress\/wp-content\/uploads\/2015\/04\/Mit-dem-Zweiten-sieht-man-besser.png 243w\" sizes=\"auto, (max-width: 121px) 100vw, 121px\" \/><\/a> ganz offensichtlich so zu sein. Als der Abschiedssalm von J\u00fcrgen Klopp <strong>(<\/strong><em>der will nach M\u00fcnchen!<\/em><strong>)<\/strong> aus der <a title=\"Glotze \" href=\"http:\/\/www.zdf.de\/ZDF\/zdfportal\/programdata\/c78223ab-14bd-3950-adeb-e5b0c7b0f049\/20425234?doDispatch=1\">Glotze <\/a>waberte, <i>l\u00f6ste dieser Nachricht ein exorbitantes Echo aus. <\/i>Man munkelt sogar, dass Onkel Ban Ki Moon total ersch\u00fcttert war! Allerdings beneidet uns der Rest UNSERER Erdenscheibe, weil WIR selbstverst\u00e4ndlich keine weiteren Problem haben.<br \/>\nNun l\u00e4sst sich bekanntlich jede Dusseligkeit auch noch weiter toppen, so gesehen im TAGESSPITZEL vom Tag vorher &#8211; las ich aber erst wenige Stunden nach der Kloppschen Beichte, deshalb jene merkw\u00fcrdige Reihenfolge.<br \/>\nEs geschehen immer wieder Dinge, mit denen ich nicht so richtig klarkomme und schon tauchte wieder die Frage auf, wer hat denn da den h\u00f6heren IQ? Sicher eine Scheibe Kn\u00e4ckebrot, selbige w\u00fcrde n\u00e4mlich niemals so ein Schei\u00df ablassen!<br \/>\n<a href=\"http:\/\/zonenklaus.de\/wordpress\/wp-content\/uploads\/2015\/04\/A.Berg_.jpg\"><img loading=\"lazy\" decoding=\"async\" class=\"alignleft size-thumbnail wp-image-26279\" src=\"http:\/\/zonenklaus.de\/wordpress\/wp-content\/uploads\/2015\/04\/A.Berg_-94x150.jpg\" alt=\"A.Berg\" width=\"94\" height=\"150\" srcset=\"https:\/\/zonenklaus.de\/wordpress\/wp-content\/uploads\/2015\/04\/A.Berg_-94x150.jpg 94w, https:\/\/zonenklaus.de\/wordpress\/wp-content\/uploads\/2015\/04\/A.Berg_-189x300.jpg 189w, https:\/\/zonenklaus.de\/wordpress\/wp-content\/uploads\/2015\/04\/A.Berg_.jpg 359w\" sizes=\"auto, (max-width: 94px) 100vw, 94px\" \/><\/a>Vom Namen her war mir die Tante dunkel in Erinnerung, Gott nochmal, muss es sich bei ihr um eine Intelligenzbestie handeln, wenn sie mit solch einem geistig anspruchsvollen Geistesblitz hausieren geht. Scheinbar konnte Madame es nicht ertragen, wenn Conchita \u201eHans\u201c Wurst ewig mit \u00e4hnlich gelagerten Eingebungen kokettieren darf.<br \/>\nAB scheint noch nicht registriert zuhaben, mit welchen p\u00e4dagogischen Defiziten ihrer Sch\u00fclerschaft sich heutige P\u00e4dago<i>ch<\/i>en tagt\u00e4glich herumschlagen m\u00fcssen.<br \/>\nWelche G\u00f6ren Andrea damit meint, ist mir schon klar &#8211; jene Ableger der Barbiepuppengeneration die es zus\u00e4tzlich, so ganz nebenbei auch noch als wesentlich wichtiger erachtete, ihre gefr\u00e4\u00dfigen <a title=\"Tamagotchis\" href=\"http:\/\/de.wikipedia.org\/wiki\/Tamagotchi\">Tamagotchis<\/a> zuf\u00fcttern. Wobei viele Knaben kein Deut besser waren, sie daf\u00fcr t\u00e4glich \u201e<a title=\"Super Mario\" href=\"http:\/\/de.wikipedia.org\/wiki\/Super_Mario\">Super Mario<\/a>\u201c qu\u00e4lenten.<br \/>\nMit welchen Mitteln sollen L<i>ee<\/i>rkr\u00e4fte, bei solch hohlen Broten ihre <a href=\"http:\/\/zonenklaus.de\/wordpress\/wp-content\/uploads\/2015\/04\/Lehrer.mp3\">staatstragenden Einfl\u00fcsse<\/a> geltend machen? Will nun nicht nur auf die Schw\u00e4chsten einkloppen, denn mit der Gro\u00dfelterngeneration ist es auch nicht weit her. Zwar beweihr\u00e4uchern sich viele 68er-Softis immer noch in trauter Gemeinsamkeit mit den entsprechenden Pendants in lila Latzhosen und mit fettigen Haaren&#8230;<br \/>\nDie eigentliche Masse von tragenden S\u00e4ulen UNSERER Gesellschaft <b>(<\/b><i>des Kapitals<\/i><b>)<\/b>, lasse ich ebenso au\u00dfen vor und weiter zur\u00fcckgehen m\u00f6chte ich nicht!<!--more--><br \/>\nMir f\u00e4llt noch etwas ganz anderes ein, meine Gro\u00dfmutter ging nach ihrem neusprachlichen Abi, im darauffolgende Jahr, auch auf eine Klopsk\u00fcche und heiratete anschlie\u00dfend. Allerdings hatte man ihr als Heranwachsende b\u00fcrgerliche Sekund\u00e4rtugenden beigebracht und in der Haushaltsschule konnte sie sich auf vorher vermitteltes Grundwissen berufen!<br \/>\nBei den weitverbreiteten geistigen Sahel-Zonen heutiger Heranwachsender, k\u00f6nnen irgendwelche Leute noch soviel gie\u00dfen, da wird sich nicht viel tun. Warum auch? In einer Fun-Gesellschaft ist lediglich Knete angesagt und die liegt bekanntlich auf der Stra\u00dfe, man muss sich nur danach b\u00fccken oder man wird Tennisspieler, Rockstar, Kicker, Kreisfahrer, Bit-Knecht, Schlagersternchen, Offizier bei Y-Tours, Promi usw.<br \/>\nFast h\u00e4tte ich den geraden Weg von der Politik in die Wirtschaft vergessen&#8230;<\/p>\n<p>Abschlie\u00dfend noch mehrere S\u00e4tze zu den erw\u00e4hnten Gro\u00dfverdienern.<br \/>\nNeidlos stehen ich diesen Individuen ihre teilweise exorbitanten Einnahmen zu. Meinetwegen k\u00f6nnte man ihnen t\u00e4glich Millionensummen in die Perforierung der Ges\u00e4\u00dffalte schieben. Mich w\u00fcrde es auch nicht weiter tangieren, wenn bei den Herren der Sch\u00f6pfung gleichzeitig noch selbige Summe unter deren Pr\u00e4putium verschw\u00e4nde. Wenn aber die Medien, wegen zu erwartender Quoten, von solchem Neureichtum ganz selbstverst\u00e4ndlich einen Allerweltsstatus ableiten, sich deshalb jede dahergelaufenen Flachzange mit populistischem D\u00fcnnschiss zum Tagesgeschehen sowie politischen Sachverhalten produzieren darf, werfen jene uns\u00e4glichen Allianzen ein bezeichnendes Licht auf den Zustand UNSERER Gesellschaft &#8211; aber beim P\u00f6bel f\u00fchrt alles zu multiplen Orgasmen!<br \/>\nAls Sahneh\u00e4ubchen werden auch noch <i>spontane<\/i> Auftritte <i>hoher<\/i> Politstare offeriert, die entsprechende Situationen schamlos ausnutzen, weil sie in solchen Momenten versuchen, im Schatten des zweifelhaften Ruhm so mancher Promis ein Sonnenbad zu nehmen und dann unverz\u00fcglich mit gleichwertigem Geplapper beginnen&#8230;<\/p>\n","protected":false},"excerpt":{"rendered":"<p>Zumindest scheint es im Kanal der Ein\u00e4ugigen ganz offensichtlich so zu sein. Als der Abschiedssalm von J\u00fcrgen Klopp (der will nach M\u00fcnchen!) aus der Glotze waberte, l\u00f6ste dieser Nachricht ein exorbitantes Echo aus. Man munkelt sogar, dass Onkel Ban Ki Moon total ersch\u00fcttert war! Allerdings beneidet uns der Rest UNSERER Erdenscheibe, weil WIR selbstverst\u00e4ndlich keine [&hellip;]<\/p>\n","protected":false},"author":6,"featured_media":0,"comment_status":"open","ping_status":"open","sticky":false,"template":"","format":"standard","meta":{"footnotes":""},"categories":[22],"tags":[],"class_list":["post-26276","post","type-post","status-publish","format-standard","hentry","category-der-tagesspiegel"],"_links":{"self":[{"href":"https:\/\/zonenklaus.de\/wordpress\/index.php?rest_route=\/wp\/v2\/posts\/26276","targetHints":{"allow":["GET"]}}],"collection":[{"href":"https:\/\/zonenklaus.de\/wordpress\/index.php?rest_route=\/wp\/v2\/posts"}],"about":[{"href":"https:\/\/zonenklaus.de\/wordpress\/index.php?rest_route=\/wp\/v2\/types\/post"}],"author":[{"embeddable":true,"href":"https:\/\/zonenklaus.de\/wordpress\/index.php?rest_route=\/wp\/v2\/users\/6"}],"replies":[{"embeddable":true,"href":"https:\/\/zonenklaus.de\/wordpress\/index.php?rest_route=%2Fwp%2Fv2%2Fcomments&post=26276"}],"version-history":[{"count":5,"href":"https:\/\/zonenklaus.de\/wordpress\/index.php?rest_route=\/wp\/v2\/posts\/26276\/revisions"}],"predecessor-version":[{"id":26291,"href":"https:\/\/zonenklaus.de\/wordpress\/index.php?rest_route=\/wp\/v2\/posts\/26276\/revisions\/26291"}],"wp:attachment":[{"href":"https:\/\/zonenklaus.de\/wordpress\/index.php?rest_route=%2Fwp%2Fv2%2Fmedia&parent=26276"}],"wp:term":[{"taxonomy":"category","embeddable":true,"href":"https:\/\/zonenklaus.de\/wordpress\/index.php?rest_route=%2Fwp%2Fv2%2Fcategories&post=26276"},{"taxonomy":"post_tag","embeddable":true,"href":"https:\/\/zonenklaus.de\/wordpress\/index.php?rest_route=%2Fwp%2Fv2%2Ftags&post=26276"}],"curies":[{"name":"wp","href":"https:\/\/api.w.org\/{rel}","templated":true}]}}