{"id":26342,"date":"2015-04-28T22:33:05","date_gmt":"2015-04-28T21:33:05","guid":{"rendered":"http:\/\/zonenklaus.de\/wordpress\/?p=26342"},"modified":"2015-04-29T00:49:26","modified_gmt":"2015-04-28T23:49:26","slug":"fatou-diome-im-franzoesischen-tv","status":"publish","type":"post","link":"https:\/\/zonenklaus.de\/wordpress\/?p=26342","title":{"rendered":"Fatou Diome im franz\u00f6sischen TV"},"content":{"rendered":"<p>In den letzten Tagen verzapfte ich einige Schriebse, fand aber nirgends einen Abschluss, deshalb die folgenden S\u00e4tze<\/p>\n<p>Da ich gestern zu fr\u00fch pennen ging, war kurz nach 5 Uhr die Nacht zu Ende, gegen halb sechs wurde zu einem B\u00fcchlein gegriffen. Nebenbei blubberte <i>d-radio<\/i>, der beginnende Beitrag betraf die <span style=\"font-size: medium;\"><a title=\"senegalesische Schriftstellerin\" href=\"http:\/\/web.ard.de\/galerie\/content\/nothumbs\/default\/959\/html\/1270_8927.html\">senegalesische Schriftstellerin<\/a>, selbige Frau hatte im franz\u00f6sischen TV wortreich den Westen attackierte &#8211; aber auch die afrikanischen Staaten bekamen ihr Fett weg. Abschlie\u00dfend kam noch der Hinweis, dass der Clip ist ein Hit in den <\/span><span style=\"font-size: medium;\"><i>sozialen Medien<\/i><\/span><span style=\"font-size: medium;\"> sein soll, darauf ist meinerseits wirklich geschissen. Allerdings wird es den dauergrinsenden Zuckerberg m\u00e4chtig gefreut haben, weil das Vijo <\/span>eine Million Mal angeklickt wurde, mehr als 19.000 Leute gefiel es sogar und es gab mehr als 3100 Kommentare, die meisten sicher belanglos&#8230;<br \/>\n<span style=\"font-size: medium;\">Alles ganz gut und sch\u00f6n, was sie da ablie\u00df, sogar vielen Menschen aus der Seele sprach, aber&#8230;<\/span><br \/>\nLetztlich war es trotzdem f\u00fcr die Katz, besser gesagt, nur gut f\u00fcr die folgenden Quoten, wenn sie demn\u00e4chst herumgereicht wird.<br \/>\nAllerdings merkt man, dass die <a title=\"afrikanische Literatin\" href=\"http:\/\/www.tagesschau.de\/ausland\/fatou-diome-105.html\">afrikanische Literatin<\/a> wei\u00df, wor\u00fcber sie spricht, bei allem geb\u00fchrenden Respekt, herauskommen wird letztlich nichts weiter.<br \/>\nEben hatte ich etwas abgelassen, es betraf den angesprochenen <i>richtigen Pass. <\/i>Ging<i> <\/i>daf\u00fcr ins Netz, weil in Nepal merkw\u00fcrdige Sachen ablaufen. Fand entsprechende Worte von <a title=\"Reinhold Messner\" href=\"http:\/\/www.spiegel.de\/panorama\/erdbeben-in-nepal-reinhold-messner-kritisiert-rettung-a-1030863.html\">Reinhold Messner<\/a> und <i>Mount-Everest-Kenner<\/i> Peter Habeler und sparte mir meinen Salm.<br \/>\nHier etwas aus den Tickern: Zahl der <a title=\"Erdbebentoten\" href=\"http:\/\/www.focus.de\/panorama\/welt\/himalaya-erdbeben-im-news-ticker-nach-erdbeben-in-nepal-ueber-5000-tote-eine-viertelmillion-auf-der-flucht_id_4645037.html\">Erdbebentoten<\/a> \u00fcberschreitet 5000<b> (<\/b><i>Werden sie in den n\u00e4chsten Tagen bestimmt eine \u201e<\/i><b>0<\/b><i>\u201c dranh\u00e4ngen m\u00fcssen<\/i><b>)<\/b> &#8211; Mindestens ein <a title=\"deutsches Todesopfer\" href=\"http:\/\/www.tagesschau.de\/ausland\/erdbeben-nepal-147.html\">deutsches Todesopfer<\/a> in Nepal &#8211; Schicksal von 100 Deutschen ungewiss&#8230;<br \/>\nHier noch etwas von <i>tagesschau.de. <\/i>Was meinen die <a title=\"beiden Leutchen\" href=\"http:\/\/www.tagesschau.de\/multimedia\/video\/video-80625.html\">beiden Leutchen<\/a> eigentlich, wenn der Sp\u00e4her aus Kathmandu schnackt und darauf hinweist, dass Nepal eins der \u00e4rmsten L\u00e4nder der Welt ist und deshalb solches Durcheinander vorprogrammiert sei. Bin mir sehr sicher, wenn \u00e4hnliches in hiesigen Gefilden abgehen w\u00fcrde, z.B. in der <a title=\"Vulkaneifel\" href=\"http:\/\/www.vulkane.net\/vulkane\/eifel\/eifel.html\">Vulkaneifel<\/a>, es w\u00fcrde kein Deut anders ablaufen. Unter Garantie lieferten sich dann auch Dummschw\u00e4tzer und E<i>ks<\/i>perten tagelang im Parlament Debatten, ob man zu solchen Anl\u00e4ssen auch Angeh\u00f6rige der Bundeswehr zu Hilfseins\u00e4tzen heranziehen k\u00f6nnte.<br \/>\nAch so, \u00fcberall beginnen Hilfsorganisationen mit entsprechender Bettelei. Die Armen aus den reichen L\u00e4ndern sollen spenden und die meiste Knete versickert anschlie\u00dfend wieder in den Ta-schen der Reichen in solch armen Land&#8230;<\/p>\n","protected":false},"excerpt":{"rendered":"<p>In den letzten Tagen verzapfte ich einige Schriebse, fand aber nirgends einen Abschluss, deshalb die folgenden S\u00e4tze Da ich gestern zu fr\u00fch pennen ging, war kurz nach 5 Uhr die Nacht zu Ende, gegen halb sechs wurde zu einem B\u00fcchlein gegriffen. Nebenbei blubberte d-radio, der beginnende Beitrag betraf die senegalesische Schriftstellerin, selbige Frau hatte im [&hellip;]<\/p>\n","protected":false},"author":6,"featured_media":0,"comment_status":"open","ping_status":"open","sticky":false,"template":"","format":"standard","meta":{"footnotes":""},"categories":[1],"tags":[],"class_list":["post-26342","post","type-post","status-publish","format-standard","hentry","category-allgemeines"],"_links":{"self":[{"href":"https:\/\/zonenklaus.de\/wordpress\/index.php?rest_route=\/wp\/v2\/posts\/26342","targetHints":{"allow":["GET"]}}],"collection":[{"href":"https:\/\/zonenklaus.de\/wordpress\/index.php?rest_route=\/wp\/v2\/posts"}],"about":[{"href":"https:\/\/zonenklaus.de\/wordpress\/index.php?rest_route=\/wp\/v2\/types\/post"}],"author":[{"embeddable":true,"href":"https:\/\/zonenklaus.de\/wordpress\/index.php?rest_route=\/wp\/v2\/users\/6"}],"replies":[{"embeddable":true,"href":"https:\/\/zonenklaus.de\/wordpress\/index.php?rest_route=%2Fwp%2Fv2%2Fcomments&post=26342"}],"version-history":[{"count":2,"href":"https:\/\/zonenklaus.de\/wordpress\/index.php?rest_route=\/wp\/v2\/posts\/26342\/revisions"}],"predecessor-version":[{"id":26344,"href":"https:\/\/zonenklaus.de\/wordpress\/index.php?rest_route=\/wp\/v2\/posts\/26342\/revisions\/26344"}],"wp:attachment":[{"href":"https:\/\/zonenklaus.de\/wordpress\/index.php?rest_route=%2Fwp%2Fv2%2Fmedia&parent=26342"}],"wp:term":[{"taxonomy":"category","embeddable":true,"href":"https:\/\/zonenklaus.de\/wordpress\/index.php?rest_route=%2Fwp%2Fv2%2Fcategories&post=26342"},{"taxonomy":"post_tag","embeddable":true,"href":"https:\/\/zonenklaus.de\/wordpress\/index.php?rest_route=%2Fwp%2Fv2%2Ftags&post=26342"}],"curies":[{"name":"wp","href":"https:\/\/api.w.org\/{rel}","templated":true}]}}