{"id":26487,"date":"2015-05-21T15:11:31","date_gmt":"2015-05-21T14:11:31","guid":{"rendered":"http:\/\/zonenklaus.de\/wordpress\/?p=26487"},"modified":"2015-05-21T16:22:26","modified_gmt":"2015-05-21T15:22:26","slug":"nicht-nur-fuer-meinen-scheff-follower-aus-der-kalten-heimat","status":"publish","type":"post","link":"https:\/\/zonenklaus.de\/wordpress\/?p=26487","title":{"rendered":"Nicht nur f\u00fcr meinen Scheff-Follower aus der kalten Heimat"},"content":{"rendered":"<p>Er rief mich n\u00e4mlich vorhin an und wollte wissen, weshalb ich eine Woche nichts ablie\u00df.<br \/>\nDabei hatte ich jeden Tag etwas verzapft, allerdings nur mit irgendwelchem Schei\u00df begonnen, positive Betrachtungen waren nat\u00fcrlich keine darunter und nichts wurde fertiggestellt.<br \/>\n<a href=\"http:\/\/zonenklaus.de\/wordpress\/wp-content\/uploads\/2015\/05\/Erdbeerwoche.jpg\"><img loading=\"lazy\" decoding=\"async\" class=\"alignleft size-thumbnail wp-image-26488\" src=\"http:\/\/zonenklaus.de\/wordpress\/wp-content\/uploads\/2015\/05\/Erdbeerwoche-89x150.jpg\" alt=\"Erdbeerwoche\" width=\"89\" height=\"150\" srcset=\"https:\/\/zonenklaus.de\/wordpress\/wp-content\/uploads\/2015\/05\/Erdbeerwoche-89x150.jpg 89w, https:\/\/zonenklaus.de\/wordpress\/wp-content\/uploads\/2015\/05\/Erdbeerwoche-179x300.jpg 179w, https:\/\/zonenklaus.de\/wordpress\/wp-content\/uploads\/2015\/05\/Erdbeerwoche.jpg 310w\" sizes=\"auto, (max-width: 89px) 100vw, 89px\" \/><\/a>Beginne mal mit einer ganz wichtigen und sogar weltbewegenden Meldung aus der mont\u00e4glichen <strong>BZ<\/strong>.<br \/>\nWho the fuck ist eigentlich Diane Kruger?<br \/>\nMir auch egal, allerdings fand ich den Paparazzo vollkommen respektlos, wegen seiner Kommentierung.<br \/>\n<i>&#8230;kam ihr roter Slip zum Vorschein.<\/i><br \/>\nM\u00f6glicherweise hatte die junge Frau gerade ihre Erdbeerwoche, vielleicht w\u00e4re ein diskreten Hinweis wesentlich hilfreicher gewesen&#8230;<\/p>\n<p><b>Mal kurz zu GMX-News!<\/b><br \/>\n<a title=\"Bahnstreik: \" href=\"http:\/\/www.gmx.net\/magazine\/wirtschaft\/bahnstreik\/bahnstreik-streik-gdl-beendet-30653724\"><b>Bahnstreik:<\/b> <\/a>GDL beendet den Streik &#8211; Schlichtung abgekaspert<br \/>\nEinen Gewerkschaftsboss, wie den k\u00e4mpferischen Sachsen, h\u00e4tte die Republik vor 30\/40 Jahren gebraucht.<br \/>\nNun ist aber alles zu sp\u00e4t, der endg\u00fcltige Todessto\u00df f\u00fcr die Gewerkschaften wird gegenw\u00e4rtig und beabsichtigterweise ausgerechnet von einer Sozen vorbereitet &#8211; mit ihrem Einschreiten in die Tarifautonomie zu Gunsten des Kapitals.<br \/>\nEin r\u00f6tlicher <i>Jenosse <\/i>und ein dunkelroter sollen das Kind also schaukeln. <a title=\"Matthias Platzeck\" href=\"https:\/\/www.flickr.com\/photos\/zonenklaus\/11612463415\/in\/album-72157639134223724\/\">Matthias Platzeck<\/a> (SPD) <b>(<\/b><i>Jenen Kleingartenverband zu erw\u00e4hnen, ist eigentlich peinlich!<\/i><b>)<\/b> f\u00fcr die Deutsche Bahn und der th\u00fcringische Regierungschef <a title=\"Bodo Ramelow \" href=\"http:\/\/www.gmx.net\/magazine\/wirtschaft\/bahnstreik\/bahn-gdl-vereinbaren-schlichtung-30653760\">Bodo Ramelow <\/a>(Linke) f\u00fcr die GDL.<br \/>\nWitzig, ich dachte immer, dass die vorgesehene Marionette f\u00fcr den Aktion\u00e4rsverein sterbenselend seinen Lebensabend verbringt, nun dies!<br \/>\nNebenbei finde ich, man k\u00f6nnte das Agieren von Claus Weselsky auch als versp\u00e4tete Rache sehen, dass man beim Zusammenschluss beider Teilbahnen, die Ossis nicht in den Genuss der Beamtenschaft kommen lassen wollte, au\u00dferdem dr\u00e4ute in der Ferne die Umwandlung in eine AG.<br \/>\nEs ist schon so weit gekommen, dass ich dem Neobolschewisten Ramelow nichts entgegensetzen kann, wenn er kritisiert Bahn und Bund kritisiert.<br \/>\nBegonnen hat ja alles bereits mit D\u00fcrr, der kleine Mehdorn toppte anschlie\u00dfend alles noch. Nach 10 Jahren DB versuchte er sich mit \u00e4hnlichem Elan bei \u201eAir Berlin\u201c und sein I-Punkt war dann BER und das Ende seiner glorreichen Karriere ist nicht abzusehen&#8230;<br \/>\nMan sollte ihn beim n\u00e4chsten mal als Bundespr\u00e4sident w\u00e4hlen, da kann er wenigstens nicht mehr allzu viel an die Wand fahren&#8230;<br \/>\n<a title=\"&quot;Osama bin Ladens B\u00fccherregal&quot;\" href=\"http:\/\/www.gmx.net\/magazine\/politik\/usa-veroeffentlichen-laden-dokumente-30653084\"><b>&#8220;Osama bin Ladens B\u00fccherregal&#8221;<\/b><\/a>: USA ver\u00f6ffentlichen Dokumente<br \/>\nDIE Amis sind richtige Komiker. Auf DF kam heute morgen, dass lediglich ein Teil der \u201eAkten\u201c aus Osamas Laden aufgearbeitet wurden. Wie soll man die verstehen, schlie\u00dflich ist er seit geraumer Zeit bereits abgeraucht worden, was medienm\u00e4\u00dfig dem Rest der Welt kundgetan wurde.<br \/>\nZur Erinnerung, sein Anwesen schien nicht gerade luxuri\u00f6s gewesen sein. Au\u00dferdem, wie sollten die GI\u00b4s in der kurzen Zeit alles verstaut haben und wer glaubt \u00fcberhaupt die Story von den vielen schriftlichen Aufzeichnungen in seinem bescheidenen Anwesen.<br \/>\nSeit Monaten, warten viele Leute auf Ver\u00f6ffentlichungen von ganz anderen Dokumenten aus den USA.<br \/>\nSehe es mal so, UNS werden in den n\u00e4chsten Monaten haufenweise get\u00fcrkte, phantastische und spinnerte Ver\u00f6ffentlichungen untergejubelt, damit die angeschlagenen Ami-Geheimdienste endlich wieder in einem anderen Licht erscheinen k\u00f6nnen und in allen demokraturischen L\u00e4ndereien verschaffen sich anschlie\u00dfend Myriaden von E<i>ks<\/i>perten irre viele Medien-Orgasmen, indem sie sich unaufh\u00f6rlich einen von ihren Palmen wedeln, E<i>ks<\/i>pertinnen holen sich ihren geschlechtsspezifischen Lustgewinn nat\u00fcrlich auf etwas andere Art&#8230;<br \/>\nWir werden letztlich nur eine, dem Zeitgeist entsprechende Neufassung von \u201eGeschichten aus 1000 und mehren N\u00e4chten\u201c erhalten, wobei dann die CIA den Part von \u201eAladin mit seiner Wunderlampe\u201c \u00fcbernehmen wird&#8230;<\/p>\n","protected":false},"excerpt":{"rendered":"<p>Er rief mich n\u00e4mlich vorhin an und wollte wissen, weshalb ich eine Woche nichts ablie\u00df. Dabei hatte ich jeden Tag etwas verzapft, allerdings nur mit irgendwelchem Schei\u00df begonnen, positive Betrachtungen waren nat\u00fcrlich keine darunter und nichts wurde fertiggestellt. Beginne mal mit einer ganz wichtigen und sogar weltbewegenden Meldung aus der mont\u00e4glichen BZ. Who the fuck [&hellip;]<\/p>\n","protected":false},"author":6,"featured_media":0,"comment_status":"open","ping_status":"open","sticky":false,"template":"","format":"standard","meta":{"footnotes":""},"categories":[37],"tags":[],"class_list":["post-26487","post","type-post","status-publish","format-standard","hentry","category-gmx-war-dabei"],"_links":{"self":[{"href":"https:\/\/zonenklaus.de\/wordpress\/index.php?rest_route=\/wp\/v2\/posts\/26487","targetHints":{"allow":["GET"]}}],"collection":[{"href":"https:\/\/zonenklaus.de\/wordpress\/index.php?rest_route=\/wp\/v2\/posts"}],"about":[{"href":"https:\/\/zonenklaus.de\/wordpress\/index.php?rest_route=\/wp\/v2\/types\/post"}],"author":[{"embeddable":true,"href":"https:\/\/zonenklaus.de\/wordpress\/index.php?rest_route=\/wp\/v2\/users\/6"}],"replies":[{"embeddable":true,"href":"https:\/\/zonenklaus.de\/wordpress\/index.php?rest_route=%2Fwp%2Fv2%2Fcomments&post=26487"}],"version-history":[{"count":8,"href":"https:\/\/zonenklaus.de\/wordpress\/index.php?rest_route=\/wp\/v2\/posts\/26487\/revisions"}],"predecessor-version":[{"id":26496,"href":"https:\/\/zonenklaus.de\/wordpress\/index.php?rest_route=\/wp\/v2\/posts\/26487\/revisions\/26496"}],"wp:attachment":[{"href":"https:\/\/zonenklaus.de\/wordpress\/index.php?rest_route=%2Fwp%2Fv2%2Fmedia&parent=26487"}],"wp:term":[{"taxonomy":"category","embeddable":true,"href":"https:\/\/zonenklaus.de\/wordpress\/index.php?rest_route=%2Fwp%2Fv2%2Fcategories&post=26487"},{"taxonomy":"post_tag","embeddable":true,"href":"https:\/\/zonenklaus.de\/wordpress\/index.php?rest_route=%2Fwp%2Fv2%2Ftags&post=26487"}],"curies":[{"name":"wp","href":"https:\/\/api.w.org\/{rel}","templated":true}]}}