{"id":26498,"date":"2015-05-28T10:08:18","date_gmt":"2015-05-28T09:08:18","guid":{"rendered":"http:\/\/zonenklaus.de\/wordpress\/?p=26498"},"modified":"2015-05-28T10:08:18","modified_gmt":"2015-05-28T09:08:18","slug":"gehen-sie-in-sich-herr-blatter","status":"publish","type":"post","link":"https:\/\/zonenklaus.de\/wordpress\/?p=26498","title":{"rendered":"Gehen Sie in sich Herr Blatter!"},"content":{"rendered":"<p>Irgendwie erinnert mich das <a title=\"Fifa-Scheffchen\" href=\"http:\/\/www.gmx.net\/magazine\/sport\/fussball\/fifa-korruption\/korruptionsskandal-fifa-sepp-blatter-unantastbar-30668710\">Fifa-Scheffchen<\/a> an den gr\u00f6\u00dften hiesige Macher, den Herrn Mehdorn. Nicht etwa, weil man dem auch einen unstillbaren Hang zu irgendwelchen dunklen Gestalten, der ihn umgebenden <a title=\"Seilschaftsgeflechten\" href=\"http:\/\/web.de\/magazine\/sport\/fussball\/fifa-korruption\/ex-fifa-vizepraesident-jack-warner-stellt-zahlt-millionen-kaution-30670066\">Seilschaftsgeflechten<\/a>, nachsagen k\u00f6nnte. Meine damit lediglich beider Mentalit\u00e4t, wenn sie so unbeirrt darauf bestehen, ihren eingeschlagenen Weg zu vollenden. Alles verbunden mit einer bewundernswerten Resistenz gegen\u00fcber den immer mal wieder aufkommenden Zweifel- und zarten Kritikchen vom Rest der Welt.<br \/>\nHerr Blatter, geben Sie Ihren Marschallsstab endlich an einen w\u00fcrdigen Nachfolger weiter!<br \/>\nIch denke dabei z.B. an <a title=\"Uli Hoene\u00df\" href=\"http:\/\/www.gmx.net\/magazine\/panorama\/uli-hoeness-jahr-gefaengnis-blick-vorn-30670184\">Uli Hoene\u00df<\/a>, der besitzt zwar nicht jene staatliche Pappe, die ihn als Helvetier ausweist, trotzdem kann er auf Erfahrung mit gewissen eidgen\u00f6ssischen Charakteristika verweisen.<br \/>\n<a title=\"Rolex-Kalle\" href=\"http:\/\/www.google.de\/imgres?imgurl=http%3A%2F%2Foi37.tinypic.com%2F2hfm53m.jpg&amp;imgrefurl=http%3A%2F%2Fforum.westline.de%2Fviewtopic.php%3Ff%3D11%26t%3D887925%26start%3D465&amp;h=800&amp;w=562&amp;tbnid=oBYLC2ZtQTeNRM%3A&amp;zoom=1&amp;docid=QhiMmNnSlwCBUM&amp;ei=6dhmVfCOIMmbsgHvsYPYBw&amp;tbm=isch&amp;iact=rc&amp;uact=3&amp;dur=372&amp;page=1&amp;start=0&amp;ndsp=26&amp;ved=0CCEQrQMwAA\">Rolex-Kalle<\/a> f\u00e4llt mir da auch noch ein oder UNSER Medienkaiser, der im heutigen <i>Politischen Feuilleton<\/i> von DEUTSCHLANDRADIO KULTUR, wiedermal eine ungeahnte Aufwertung erfuhr. Seinen Beitrag hing der <a title=\"Journalist Stephan Hebel\" href=\"http:\/\/www.deutschlandradiokultur.de\/politisches-feuilleton.1004.de.html\">Journalist Stephan Hebel<\/a> an der sehr fundierten sozialen Analyse jenes weltgewandten Ex-Kickers auf. Den Rest des Beitrages, vom Betrachtungsbogen der Arbeitsverh\u00e4ltnisse in Katar, hin zum <i>angeblichen Land der sozialen Marktwirtschaft,<\/i> w\u00fcrde <a title=\"Branz Feckenbauer\" href=\"http:\/\/www.focus.de\/sport\/fussball\/fussball-eklat-in-der-schweiz-was-droht-beckenbauer-und-niersbach-im-fifa-korruptionsskandal_id_4709535.html\">Branz Feckenbauer<\/a> sicherlich noch nicht mal ansatzweise schnallen.<br \/>\nHabe mich schon oft gefragt, weshalb Journalisten seine implodierenden Sprechblasen \u00fcberhaupt unter die Plebse bringen. Schon OK, die machen es lediglich wegen seines uns\u00e4glichen <i>Promi<\/i>-Bonuses und der damit verbundenen Quoten f\u00fcr Flachzangen. Lustig finde ich es schon, wenn <i>das Herr Kaiser<\/i> durch seine randlosen Gl\u00e4ser <b>(<\/b><i>Wenn Brille, dann nicht Fielmann!<\/i><b>)<\/b> in die Kameras blinzelt, er mir dann immer wie eine intellektuelle Eichkatze vorkommt und seine <a title=\"weisen Spr\u00fcche\" href=\"https:\/\/www.youtube.com\/watch?v=hKTpXyedHvA\"><i>weisen <\/i>Spr\u00fcche<\/a> alles noch toppen.<br \/>\nAls Branzel damals den Begriff \u201eSklave\u201c verwendete, kam mir auch, in welchen Zusammenhang hat er selbige Bezeichnung \u00fcberhaupt aufgeschnappt, sicher aus Werken von Goscinny\/Uderzo. Aber auch dies scheint eine gewagte Prognose von mir zu sein.<br \/>\nBin mir sicher, noch nicht mal eine Scheibe Kn\u00e4ckebrot h\u00e4tte in dem Zusammenhang jene Verkn\u00fcpfung hergestellt&#8230;<br \/>\nDaf\u00fcr hat es Stephan Hebel aber auf den Punkt gebracht!<\/p>\n","protected":false},"excerpt":{"rendered":"<p>Irgendwie erinnert mich das Fifa-Scheffchen an den gr\u00f6\u00dften hiesige Macher, den Herrn Mehdorn. Nicht etwa, weil man dem auch einen unstillbaren Hang zu irgendwelchen dunklen Gestalten, der ihn umgebenden Seilschaftsgeflechten, nachsagen k\u00f6nnte. Meine damit lediglich beider Mentalit\u00e4t, wenn sie so unbeirrt darauf bestehen, ihren eingeschlagenen Weg zu vollenden. Alles verbunden mit einer bewundernswerten Resistenz gegen\u00fcber [&hellip;]<\/p>\n","protected":false},"author":6,"featured_media":0,"comment_status":"open","ping_status":"open","sticky":false,"template":"","format":"standard","meta":{"footnotes":""},"categories":[1],"tags":[],"class_list":["post-26498","post","type-post","status-publish","format-standard","hentry","category-allgemeines"],"_links":{"self":[{"href":"https:\/\/zonenklaus.de\/wordpress\/index.php?rest_route=\/wp\/v2\/posts\/26498","targetHints":{"allow":["GET"]}}],"collection":[{"href":"https:\/\/zonenklaus.de\/wordpress\/index.php?rest_route=\/wp\/v2\/posts"}],"about":[{"href":"https:\/\/zonenklaus.de\/wordpress\/index.php?rest_route=\/wp\/v2\/types\/post"}],"author":[{"embeddable":true,"href":"https:\/\/zonenklaus.de\/wordpress\/index.php?rest_route=\/wp\/v2\/users\/6"}],"replies":[{"embeddable":true,"href":"https:\/\/zonenklaus.de\/wordpress\/index.php?rest_route=%2Fwp%2Fv2%2Fcomments&post=26498"}],"version-history":[{"count":2,"href":"https:\/\/zonenklaus.de\/wordpress\/index.php?rest_route=\/wp\/v2\/posts\/26498\/revisions"}],"predecessor-version":[{"id":26500,"href":"https:\/\/zonenklaus.de\/wordpress\/index.php?rest_route=\/wp\/v2\/posts\/26498\/revisions\/26500"}],"wp:attachment":[{"href":"https:\/\/zonenklaus.de\/wordpress\/index.php?rest_route=%2Fwp%2Fv2%2Fmedia&parent=26498"}],"wp:term":[{"taxonomy":"category","embeddable":true,"href":"https:\/\/zonenklaus.de\/wordpress\/index.php?rest_route=%2Fwp%2Fv2%2Fcategories&post=26498"},{"taxonomy":"post_tag","embeddable":true,"href":"https:\/\/zonenklaus.de\/wordpress\/index.php?rest_route=%2Fwp%2Fv2%2Ftags&post=26498"}],"curies":[{"name":"wp","href":"https:\/\/api.w.org\/{rel}","templated":true}]}}