{"id":26761,"date":"2015-07-28T23:47:32","date_gmt":"2015-07-28T22:47:32","guid":{"rendered":"http:\/\/zonenklaus.de\/wordpress\/?p=26761"},"modified":"2015-07-28T23:47:32","modified_gmt":"2015-07-28T22:47:32","slug":"erdogan-spielt-mit-dem-feuer","status":"publish","type":"post","link":"https:\/\/zonenklaus.de\/wordpress\/?p=26761","title":{"rendered":"Erdogan spielt mit dem Feuer"},"content":{"rendered":"<p><a href=\"http:\/\/zonenklaus.de\/wordpress\/wp-content\/uploads\/2015\/07\/028-\u00e4.jpg\"><img loading=\"lazy\" decoding=\"async\" class=\"alignleft size-thumbnail wp-image-26762\" src=\"http:\/\/zonenklaus.de\/wordpress\/wp-content\/uploads\/2015\/07\/028-\u00e4-150x75.jpg\" alt=\"028-\u00e4\" width=\"150\" height=\"75\" srcset=\"https:\/\/zonenklaus.de\/wordpress\/wp-content\/uploads\/2015\/07\/028-\u00e4-150x75.jpg 150w, https:\/\/zonenklaus.de\/wordpress\/wp-content\/uploads\/2015\/07\/028-\u00e4-300x150.jpg 300w, https:\/\/zonenklaus.de\/wordpress\/wp-content\/uploads\/2015\/07\/028-\u00e4-1024x513.jpg 1024w, https:\/\/zonenklaus.de\/wordpress\/wp-content\/uploads\/2015\/07\/028-\u00e4-624x312.jpg 624w, https:\/\/zonenklaus.de\/wordpress\/wp-content\/uploads\/2015\/07\/028-\u00e4.jpg 1367w\" sizes=\"auto, (max-width: 150px) 100vw, 150px\" \/><\/a>&#8230;ist ja eine <i>nette<\/i> Umschreibung!<br \/>\nMomentan kann man hinschauen, wo man will, \u00fcberall auf UNSERER Erdenscheibe drehen massenhaft Empork\u00f6mmlinge durch.<br \/>\nWas will Recep Tayyip Erdo\u011fan nun eigentlich erreichen? Bei solchen durchgeknallten Staren lassen sich viele M\u00f6glichkeiten erahnen.<br \/>\nGut, mit einer Achse Ankara-Tel Aviv wird er bestimmt nicht lieb\u00e4ugeln!<br \/>\nOb er aus wahltaktischen Erw\u00e4gungen eine Aktion in Betracht zieht, \u00e4hnlich der Vorkommnisse die auf den Kopp, 100 Jahre zur\u00fcckliegen. Schlie\u00dflich hatten die Massenschlachtungen an den <a title=\"Armeniern\" href=\"http:\/\/www.welt.de\/politik\/deutschland\/article139981810\/Warum-die-Tuerkei-den-Genozid-nicht-anerkennt.html\">Armeniern<\/a>, weltpolitisch keine gro\u00dfen Aufregungen entfacht. Im Gegenteil, von den Jungt\u00fcrken konnte besonders Kemal, <em>der Vater aller T\u00fcrken<\/em>, reichlichen Nutzen ziehen&#8230;<br \/>\nErdo\u011fan k\u00f6nnte bei der ethnischen <i>Minderheit<\/i> von rund 15millionen Kurden auf seinem Staatsgebiet, dann sogar eine h\u00f6here <i>Opferzahl <\/i>einplanen<i>, <\/i>als nur rund 1,5millionen toter Armenier. (<em>Wobei sich auch heute noch, viele Statistiker lediglich um eine weitere NULL streiten&#8230;<strong><\/strong><\/em><strong>)<\/strong><br \/>\nIch glaube nicht, dass es ihn um ein Massaker geht, der Fuchs will in der n\u00e4chsten Zeit bestimmt seine politischen Ziele vollkommen umkehren, weil er dann auf den diesj\u00e4hrigen Friedensnobelpreis lauern k\u00f6nnte, ihn sogar mit Benjamin Netanjahu teilen d\u00fcrfte&#8230;<br \/>\nWenn selbst Putin einen Nobelpreis f\u00fcr Sepp Blatter fordert, sollte dies wirklich eines der leichtesten \u00dcbungen jener \u201eStiftung\u201c sein.<br \/>\nDa bietet sich gleich des Logo vom Preiskomitee an!<br \/>\nIn deutscher Sprache k\u00f6nnte das <a title=\"\u201eN\u201c\" href=\"https:\/\/de.wikipedia.org\/wiki\/Nobelpreis#\/media\/File:Nobelstiftung_logo.svg\">\u201eN\u201c<\/a> f\u00fcr all jene <i>Nieten<\/i> aus politischen Gefilden stehen, die unbedarft irgendwo auf UNSEREM Planeten m\u00fchselig und beladen herumsterzeln. Denen jeder tolerante Mensch Laufmaschen oder Webfehler im Gewirr ihrer geschrumpften Hirnwindungen nachs\u00e4he, <em>ohne irgendeinen Unterschied, etwa nach Rasse, Hautfarbe, Geschlecht, Sprache, Religion, politischer oder sonstiger Anschauung, nationaler oder sozialer Herkunft, Verm\u00f6gen, Geburt oder sonstigem Stand&#8230;<\/em><br \/>\nF\u00fcr den Literaturnobelpreis h\u00e4tte ich ab heute einen versch\u00e4rften Anw\u00e4rter &#8211; Meister Jens Stoltenberg &#8211; seines Zeichens: Nato-Generalsekret\u00e4r.<br \/>\nWie dr\u00fcckt es die <span lang=\"de-DE\">Svenska Akademien in ihre<\/span>m Vergabekriterium aus? Der Preis geht an \u201edenjenigen, der <b>(<\/b>in der Literatur<b>)<\/b> <i>mit seinem Geschnacke<\/i> das Herausragendste in idealistischer Richtung produziert hat\u201c.<br \/>\nWie wahr, noch sch\u00f6ner konnte der Ex-Sozi seine <a title=\"verbalen Winkelz\u00fcge\" href=\"http:\/\/www.tagesschau.de\/ausland\/nato-tuerkei-107.html\">verbalen Winkelz\u00fcge<\/a> nicht dem NATO-Volk offerieren, betreffs Erdo\u011fan anstehender Befriedung des Kurdenproblems und dem dazugeh\u00f6rigen Ged\u00f6ns&#8230;<br \/>\nWir freuen uns bereits auf die kommenden Fl\u00fcchtlingstrecks!<\/p>\n","protected":false},"excerpt":{"rendered":"<p>&#8230;ist ja eine nette Umschreibung! Momentan kann man hinschauen, wo man will, \u00fcberall auf UNSERER Erdenscheibe drehen massenhaft Empork\u00f6mmlinge durch. Was will Recep Tayyip Erdo\u011fan nun eigentlich erreichen? Bei solchen durchgeknallten Staren lassen sich viele M\u00f6glichkeiten erahnen. Gut, mit einer Achse Ankara-Tel Aviv wird er bestimmt nicht lieb\u00e4ugeln! Ob er aus wahltaktischen Erw\u00e4gungen eine Aktion [&hellip;]<\/p>\n","protected":false},"author":6,"featured_media":0,"comment_status":"open","ping_status":"open","sticky":false,"template":"","format":"standard","meta":{"footnotes":""},"categories":[1],"tags":[],"class_list":["post-26761","post","type-post","status-publish","format-standard","hentry","category-allgemeines"],"_links":{"self":[{"href":"https:\/\/zonenklaus.de\/wordpress\/index.php?rest_route=\/wp\/v2\/posts\/26761","targetHints":{"allow":["GET"]}}],"collection":[{"href":"https:\/\/zonenklaus.de\/wordpress\/index.php?rest_route=\/wp\/v2\/posts"}],"about":[{"href":"https:\/\/zonenklaus.de\/wordpress\/index.php?rest_route=\/wp\/v2\/types\/post"}],"author":[{"embeddable":true,"href":"https:\/\/zonenklaus.de\/wordpress\/index.php?rest_route=\/wp\/v2\/users\/6"}],"replies":[{"embeddable":true,"href":"https:\/\/zonenklaus.de\/wordpress\/index.php?rest_route=%2Fwp%2Fv2%2Fcomments&post=26761"}],"version-history":[{"count":2,"href":"https:\/\/zonenklaus.de\/wordpress\/index.php?rest_route=\/wp\/v2\/posts\/26761\/revisions"}],"predecessor-version":[{"id":26764,"href":"https:\/\/zonenklaus.de\/wordpress\/index.php?rest_route=\/wp\/v2\/posts\/26761\/revisions\/26764"}],"wp:attachment":[{"href":"https:\/\/zonenklaus.de\/wordpress\/index.php?rest_route=%2Fwp%2Fv2%2Fmedia&parent=26761"}],"wp:term":[{"taxonomy":"category","embeddable":true,"href":"https:\/\/zonenklaus.de\/wordpress\/index.php?rest_route=%2Fwp%2Fv2%2Fcategories&post=26761"},{"taxonomy":"post_tag","embeddable":true,"href":"https:\/\/zonenklaus.de\/wordpress\/index.php?rest_route=%2Fwp%2Fv2%2Ftags&post=26761"}],"curies":[{"name":"wp","href":"https:\/\/api.w.org\/{rel}","templated":true}]}}