{"id":26890,"date":"2015-08-21T21:42:55","date_gmt":"2015-08-21T20:42:55","guid":{"rendered":"http:\/\/zonenklaus.de\/wordpress\/?p=26890"},"modified":"2015-08-23T23:09:34","modified_gmt":"2015-08-23T22:09:34","slug":"innenminister-de-maiziere-und-seine-zahlen","status":"publish","type":"post","link":"https:\/\/zonenklaus.de\/wordpress\/?p=26890","title":{"rendered":"Innenminister de Maizi\u00e8re und seine Zahlen"},"content":{"rendered":"<p>Der alerte Herr entpuppt sich als Komiker oder wei\u00df er manchmal nicht mehr so genau Bescheid, mit welchen Ziffer-Inhalten er seine Sprechblasen <i>be<\/i>f\u00fcllt?<br \/>\nNehme mal stark an, jene Zahlenspielereien haben einen tieferen Sinn, sie werden unter Mitarbeit von <i>P\u00fccholochen<\/i> und <em>politisch bewanderten<\/em> Sp\u00f6kenkiekern zusammengestellt, damit sich die Herde der <i>m\u00fcndigen<\/i> Wahlesel und Eselinnen ganz sacht daran gew\u00f6hnen, weil niemand von den gro\u00dfen E<i>ks<\/i>perten in der UE auch nur ansatzweise einen Plan aus dem \u00c4rmel zaubern kann. Bekanntlich geht nun f\u00fcr alle Verantwortlichen auf den politischen B\u00fchnen und in den Talkshows die geile Zeit dem Ende entgegen, wo sie w\u00e4hrend \u00f6dlangweiliger Selbstdarstellungen multiple Orgasmen erlebten durften. Im Nachhinein betrachtet, f\u00fchrten nicht endlose Verbalmasturbationen zu k\u00f6rperlichen Erleichterungen, sondern ausnahmslos die Tatsache, dass sich die<em> bedeutsamen Durchblicker<\/em> ewig in ihre eigenen Knie fickten und dies hat niemand von denen jemals bemerkt&#8230;<br \/>\nHinzu kommt, s\u00e4mtliche Hofberichterstatter aller Medien fallen in den ewigen Kanon mit ein und verbreiten permanent jene, im Konjunktiv verfassten Faseleien, ohne auch nur mal ansatzweise etwas zur anstehenden Fl\u00fcchtlingsproblematik zu hinterfragen. Es scheint so, als ob jene Fl\u00fcchtlingsschwemme urpl\u00f6tzlich \u00fcber UNS hereinbrach, wie ein Sommergewitter &#8211; oder?<br \/>\nMit Zifferntaschenspielertricks kann momentan noch leicht manipuliert werden, hinzu kommt ein psychologischer Aspekt, \u00e4hnlich der Preisgestaltung bei Benzinpreisen. Deshalb folgt nach dem Komma immer eine 9, soll laut Aussage von Kennern der pekuni\u00e4ren Materie, beim Kaufverhalten von Verbrauchern und -Innen einen ganz wichtigen Aspekt darstellen. Was jene Preisgestaltung an Benzinzapfs\u00e4ulen betraf, kam mir nie eine besondere Unsicherheit auf. Da wir seit Jahrzehnten immer mal f\u00fcr ein Pfund tanken, denn unser rollender Stinker wird in der Stadt relativ selten bewegt. Gut, bei Fernreisen sieht es etwas anders aus. Da sie aber recht selten anstehen, ist es auch nicht so wild, weil man dann sowieso den gerade angezeigten Preis l\u00f6hnen muss, wenn man auf die M\u00f6hre nicht verzichten will.<br \/>\nTommy de Maizi\u00e8re bekam deshalb bestimmt den Rat, erst mal mit 750 000 Fl\u00fcchtlingen zu beginnen, dabei handelt es sich um eine sch\u00f6ne runde Zahl f\u00fcr\u00b4s Erste und Zweckpessimisten werden damit gut bedient sein. Wenn letztlich bis zum Jahresende 1,5 Millionen Wanderer hier stranden, scheint diese Zahl wohl eher den n\u00e4chstens anstehenden Umst\u00e4nden entsprechen.<br \/>\nBei den noch folgenden Fl\u00fcchtlingstrecks wird alles recht schnell boomen, da der Buschfunk optimal funktioniert und es sich bereits herumgesprochen hat, an den n\u00f6rdlichen Ufern des Mittelmeeres wird immer mehr daf\u00fcr getan, dass die Leute problemlos an ihre Bahnsteigkarten herankommen, welche sie f\u00fcr die gelobten L\u00e4nder im h\u00f6heren Norden dringend ben\u00f6tigen. Im Rahmen der Klimaver\u00e4nderung kann noch exzessiv die Herbstsaison ausgenutzt werden, ist nicht mehr so wie zu meiner Zeit vor \u00fcber 40 Jahren.<!--more--><br \/>\nKenne ja nun aus eigener Erfahrung, mit welchen Malaisen man auf solch illegalen Trip rechnen muss. Bei meiner, etwas \u00fcber drei Tage dauernden Tour von Rosenthal, in der N\u00e4he von Bad Schandau nach <em>D\u011b\u010d\u00edn,<\/em> ging es barfu\u00df stundenlang durch knietiefe S\u00fcmpfe. Konnte mich auch sehr schlecht mit der Taschenuhr als Kompass orientieren, zwischendurch nicht nur leichte H\u00fcgellandschaft mit Urwald-Charakter im dortigen Elbsandsteingebirge, hinzu kam kilometerweit \u00fcber zwei Meter hohes Farnkraut in den schmalen T\u00e4lern. Ehe es richtig Dunkel wurde, ging es am K\u00f6rper immer noch kurz auf Jagd nach Holzb\u00f6cken. Auch im Fr\u00fchsommer war es in den N\u00e4chten arschkalt und trotzdem immer pennen mit den feuchten Klamotten am Wanst.<br \/>\nSieben Kilometer westlich vom Zielort erreichte ich an einem sehr sonnigen Sp\u00e4tvormittag die Fernstra\u00dfe, lie\u00df alles trocknen und trampte anschlie\u00dfend nach Prag. Anfangs kamen mir wegen meines Weltkrieg-I-Tornister leichte Bedenken, aber dann war es so \u00e4hnlich wie bei meinen Aufenthalten in Polen, es gab Leute, die mir das Teil f\u00fcr exorbitante Summen abkaufen wollten.<br \/>\nAls illegaler Wandersmann, sp\u00e4ter dann auch wieder in Polen, der Slowakei und Ungarn fiel ich sonst nicht weiter auf, war ich doch ein Wei\u00dfbrot unter anderen Wei\u00dfbroten. Selbigen Vorteil haben Fl\u00fcchtlinge aus dem fernen S\u00fcden nat\u00fcrlich nicht&#8230;<\/p>\n","protected":false},"excerpt":{"rendered":"<p>Der alerte Herr entpuppt sich als Komiker oder wei\u00df er manchmal nicht mehr so genau Bescheid, mit welchen Ziffer-Inhalten er seine Sprechblasen bef\u00fcllt? Nehme mal stark an, jene Zahlenspielereien haben einen tieferen Sinn, sie werden unter Mitarbeit von P\u00fccholochen und politisch bewanderten Sp\u00f6kenkiekern zusammengestellt, damit sich die Herde der m\u00fcndigen Wahlesel und Eselinnen ganz sacht [&hellip;]<\/p>\n","protected":false},"author":6,"featured_media":0,"comment_status":"open","ping_status":"open","sticky":false,"template":"","format":"standard","meta":{"footnotes":""},"categories":[1],"tags":[],"class_list":["post-26890","post","type-post","status-publish","format-standard","hentry","category-allgemeines"],"_links":{"self":[{"href":"https:\/\/zonenklaus.de\/wordpress\/index.php?rest_route=\/wp\/v2\/posts\/26890","targetHints":{"allow":["GET"]}}],"collection":[{"href":"https:\/\/zonenklaus.de\/wordpress\/index.php?rest_route=\/wp\/v2\/posts"}],"about":[{"href":"https:\/\/zonenklaus.de\/wordpress\/index.php?rest_route=\/wp\/v2\/types\/post"}],"author":[{"embeddable":true,"href":"https:\/\/zonenklaus.de\/wordpress\/index.php?rest_route=\/wp\/v2\/users\/6"}],"replies":[{"embeddable":true,"href":"https:\/\/zonenklaus.de\/wordpress\/index.php?rest_route=%2Fwp%2Fv2%2Fcomments&post=26890"}],"version-history":[{"count":4,"href":"https:\/\/zonenklaus.de\/wordpress\/index.php?rest_route=\/wp\/v2\/posts\/26890\/revisions"}],"predecessor-version":[{"id":26894,"href":"https:\/\/zonenklaus.de\/wordpress\/index.php?rest_route=\/wp\/v2\/posts\/26890\/revisions\/26894"}],"wp:attachment":[{"href":"https:\/\/zonenklaus.de\/wordpress\/index.php?rest_route=%2Fwp%2Fv2%2Fmedia&parent=26890"}],"wp:term":[{"taxonomy":"category","embeddable":true,"href":"https:\/\/zonenklaus.de\/wordpress\/index.php?rest_route=%2Fwp%2Fv2%2Fcategories&post=26890"},{"taxonomy":"post_tag","embeddable":true,"href":"https:\/\/zonenklaus.de\/wordpress\/index.php?rest_route=%2Fwp%2Fv2%2Ftags&post=26890"}],"curies":[{"name":"wp","href":"https:\/\/api.w.org\/{rel}","templated":true}]}}