{"id":26895,"date":"2015-08-24T22:38:38","date_gmt":"2015-08-24T21:38:38","guid":{"rendered":"http:\/\/zonenklaus.de\/wordpress\/?p=26895"},"modified":"2015-08-26T00:53:35","modified_gmt":"2015-08-25T23:53:35","slug":"heute-sah-sich-der-rote-kugelblitz-mal-einen-pleite-gegangenen-baumarkt-von-innen-an","status":"publish","type":"post","link":"https:\/\/zonenklaus.de\/wordpress\/?p=26895","title":{"rendered":"Heute sah sich der rote Kugelblitz mal einen Pleite gegangenen Baumarkt von innen an&#8230;"},"content":{"rendered":"<p>&#8230;sicher hatte er es schon immer mal vor.<br \/>\nMir sind haufenweise gelernte <i>P\u00e4dagochen<\/i> bekannt, die zwar nicht nur alles wissen, sondern wirklich alles und noch viel besser. Zugegebenerma\u00dfen aber als totale Blindfische durch die Botanik sterzeln, wenn es um handwerkliche Belange geht. Da besitzen sie nicht nur zwei linke H\u00e4nde sondern auch noch zehn Daumen&#8230;<br \/>\nWie jeder bemerkt, von jener Berufsgruppe halte ich wirklich nicht viel <b>(<\/b><i>Ich habe wirklich Rudel von ihnen \u00fcber die H\u00e4lfte meines beginnenden Lebens nur als Dummk\u00f6pfe, Sadisten und Idioten erleben d\u00fcrfen, was sich bis Ende der neunte Klasse fortsetzte!<\/i><b>)<\/b>, sehr suspekt kamen mir solche Scherzkekse immer vor, wenn sie pl\u00f6tzlich in Sp\u00e4hren aufstiegen, wo sie ihre eigentlich herausragende Mentalit\u00e4t noch hemmungsloser ausleben durften, dies war schon in der Zone nicht anders.<br \/>\nAlso,<a title=\" Genosse G.\" href=\"%20Genosse G.\"> Genosse G.<\/a> tauchte pl\u00f6tzlich in seiner gepanzerten Limousine dort auf oder lie\u00df er sich hubschrauben? Pr\u00e4sentierte sich huldvoll der wartenden Mediengangs, denen es nicht etwa um die sp\u00e4tere Verbreitung von Informationen geht, die wollen wegen der Quoten lediglich DAS Photo schie\u00dfen, sei es, der Knabe dr\u00fcckt noch eine Krokodilstr\u00e4ne aus oder zuf\u00e4llig taucht ein durchgeknallter Attent\u00e4ter auf&#8230;<br \/>\nJedenfalls konnte man ihn in dem riesigen Tross noch nicht mal richtig wahrnehmen. An den Mikros pr\u00e4sentierte er sich auch nicht gerade richtig ausgeschlafen. Scheinbar gab es Probleme, was sich ohne Spickzettel so ablassen lie\u00df.<br \/>\nDann kam ihm die Erleuchtung &#8211; jene Idee von einer knallig implodierenden Sprechblase und alles auf der Ebene vom seligen Holger <em>B\u00f6rner-Dachlatte &#8211; <\/em><em><i>\u201eIch bedauere, da\u00df es mir mein hohes Staatsamt verbietet, den Kerlen selbst eins auf die Fresse zu hauen. Fr\u00fcher auf dem Bau hat man solche Dinge mit der Dachlatte erledigt.\u201c <\/i><\/em><i> <\/i><br \/>\nSigmar belie\u00df es schlie\u00dflich bei einem verbalen Kanth\u00f6lzchen &#8211; <i>das PACK! <\/i><br \/>\nDiskreditierte mit seiner Art die gesamte Politriege, nicht nur auf lokaler Ebene, sondern einschlie\u00dflich Berlin, Br\u00fcssel und dem Rest der Welt, was aber niemand von den verantwortlichen Luschen interessieren wird.<br \/>\nM\u00f6chte nur mal darauf hinweisen, dass bereits zu Tagen, als der jetzige SPD-Vort\u00e4nzer gerade aufgeh\u00f6rt hatte mit der Trommel um den Christbaum zu flitzen und langsam begann hinter seinen Ohren trocken zu werden, da warnte Willy Brandt bereits vor einem Nord\/S\u00fcd-Gef\u00e4lle! Der Hall seiner st\u00e4ndig wiederholten Worte erreichte ebenso wenig den Wixerverein am East-River&#8230;<br \/>\nFragte mich schon oft, weshalb die UN j\u00e4hrlich Milliarden Dollars irgendwie verschleudern darf? Gibt es \u00fcberhaupt ein Beispiel in den Jahren ihres Bestehens, wo UN-Soldaten mal irgendwo einen dauerhaften friedenssichernden Einsatz belegen k\u00f6nnten, wenn sie an irgendeinem Ort auf UNSERER Erdenscheibe gekarrt wurden? Lediglich die Spitzen der Eisberge werden immer mal wieder publik, wenn im Windschatten der optimal ausger\u00fcsteten Blauhelmtruppen, ethnische S\u00e4uberungen, Vergewaltigungen, Kindesmissbrauch und andere kriminelle Handlungen stattfinden. Eigentlich k\u00f6nnte man doch diesen hochger\u00fcsteten Blauhelm-Verband, als Wegbereiter des gesamten Fl\u00fcchtlingselends auf dem Planeten ansehen. Egal wo jene Truppen auftauchen, entstehen mit gro\u00dfer Wahrscheinlichkeit prompt irgendwelche Malaisen, in deren Folgen die <i>zu besch\u00fctzenden<\/i> Massen dann pl\u00f6tzlich vor den Grenzen der <i>reichen Industrienationen<\/i> auf deren Matten stehen.<!--more--><\/p>\n<p>Was denkt sich \u00fcberhaupt UNSER<a title=\" Verteidigungsblondchen\" href=\"http:\/\/www.spiegel.de\/politik\/deutschland\/bundeswehr-ursula-von-der-leyen-laesst-kampfdrohnen-entwickeln-a-1026373.html\"> Verteidigungsblondchen<\/a>, was passieren wird, wenn sie f\u00fcr die n\u00e4chsten 10 Jahre milliardenschwere R\u00fcstungsprojekte in Auftrag geben will, mit denen weltweit UNSERE Freiheit verteidigt werden soll. Ihr besonderes Augenmerk legt sie dabei auf die Entwicklung von schwerbewaffneten Drohnen.<br \/>\nAllein die Verwendung jenes Begriffes aus der Welt der Immen, ist eine Schweinerei, schlie\u00dflich handelt es sich dabei um den Besch\u00e4ler der Bienenk\u00f6nigin!<br \/>\nLetztlich sind milit\u00e4rische <i>Drohnen <\/i>nicht nur zu optimal fliegende Killer, denn als Kollateralschaden kann man die damit verbundenen Luft\/Boden\/Treibjagden in Verbindung bringen, die unweigerlich f\u00fcr weitere Fl\u00fcchtlingsstr\u00f6me sorgen werden&#8230;<br \/>\nIch finde nicht nur die braunen Bewegungen zum Kotzen!<br \/>\nDa lebten wir in Mitteleuropa seit dem letzten Weltkrieg relativ friedlich, mussten niemals kriegerische Auseinandersetzungen vor der eigenen Haust\u00fcr erleben und nun schaffen es die hiesigen Politiker mit ihren ewigen Fehlentscheidungen, dass selbige Entwicklung bis zum totalen Erliegen UNSERER Scheinlebensqualit\u00e4ten f\u00fchren werden &#8211; das Kind haben sie toll geschaukelt! Nun erwacht der eine oder andere E<i>ks<\/i>perte doch ganz langsam, allerdings liegt der Bankert schon lange im Brunnen. Wie in allen Lebenslagen beginnen erst in dem Moment gewisse Handlungsweisen, allerdings vollkommen chaotisch und nicht nachvollziehbar.<br \/>\nWas hat die nicht gerade windschnittige Galionsfigur der SPD nun in Heidenau erreicht?<br \/>\nSoll ich es positiv betrachten, dass auch dem verschlafendste Wessi in Hintertupfingen durch die rechten Aktionen endlich viele geopolitischen Ph\u00e4nomene der ehemaligen Zone vertraut werden, weil irgendwelche Politstare dorthin einen Protest- und Betroffenheitstourismus etablieren, statt nun mal zu handeln und sich nicht weiterhin in undurchsichtigen Symptombek\u00e4mpfungen zu ergehen?<br \/>\nBei S.G. kam mir schon \u00f6fters, dass der volumin\u00f6ser Korpus mich an die Reinkarnation einer \u201eThe Best Of\u201c seiner vielen hohlen Sprechblasen aus den letzten Jahren erinnert&#8230;<br \/>\nVielleicht h\u00e4tte ihm ein bisschen Contenance doch etwas angestanden, zumal ich ihm diesen weichgesp\u00fclten Wutausbruch noch nicht mal ansatzweise abnehme, wie hei\u00dft es so sch\u00f6n? <i>Wessen Geist nicht blitzt, dessen Stimme donnert! <\/i><br \/>\nZumindest kam er etwas echter her\u00fcber, als das abgelesene Salbadern seiner<a title=\"Schefffin,\" href=\"http:\/\/www.ksta.de\/politik\/bundeskanzlerin-zu-heidenau-merkel-verurteilt-rassistische-ausschreitungen,15187246,31580230.html\"><i> Schefffin,<\/i><\/a> was sp\u00e4ter in der Glotze lief &#8211; richtig peinlich f\u00fcr \u00c4nschie! Lag vielleicht daran, weil sie ihre ewige <i>Fingerpussy<\/i> nicht darstellen konnte, die vielleicht nur dann ihr besonderes Attribut darstellt, wenn sie an eine vorgetragene Sache wirklich glaubt&#8230;<br \/>\nIn den letzten Tagen war mehrfach eine ganz gro\u00dfe Neuigkeit zu vernehmen. Unterschiedlichste Leute gaben kund, vielleicht liegt es an den eskalierenden Ausbr\u00fcche gegen Fl\u00fcchtlinge, dass viele Verantwortliche des \u00f6ffentlichen Lebens, der Wirtschaft und Politik oftmals auf dem rechten Auge blind waren. Was seit langer Zeit die absurde <a title=\"Imagekampagne\" href=\"http:\/\/www.google.de\/imgres?imgurl=http%3A%2F%2Fpolpix.sueddeutsche.com%2Fpolopoly_fs%2F1.1105005.1355632276!%2FhttpImage%2Fimage.jpg_gen%2Fderivatives%2F900x600%2Fimage.jpg&amp;imgrefurl=http%3A%2F%2Fwww.sueddeutsche.de%2Fmedien%2Fjahre-zdf-gudn-aamb-1.1105445-19&amp;h=600&amp;w=845&amp;tbnid=12YnNaahhADT8M%3A&amp;docid=5Q2zwp0FblikkM&amp;ei=weDcVfEPhqiyAdatotAB&amp;tbm=isch&amp;iact=rc&amp;uact=3&amp;dur=502&amp;page=4&amp;start=64&amp;ndsp=22&amp;ved=0CKACEK0DMFRqFQoTCLH046OZxccCFQaULAod1pYIGg\"><i>Imagekampagne<\/i><\/a> des Zweiten Deutschen Fernsehens belegte und diese hirnverbrannte Aktion wird immer noch get\u00e4tigt!<\/p>\n","protected":false},"excerpt":{"rendered":"<p>&#8230;sicher hatte er es schon immer mal vor. Mir sind haufenweise gelernte P\u00e4dagochen bekannt, die zwar nicht nur alles wissen, sondern wirklich alles und noch viel besser. Zugegebenerma\u00dfen aber als totale Blindfische durch die Botanik sterzeln, wenn es um handwerkliche Belange geht. Da besitzen sie nicht nur zwei linke H\u00e4nde sondern auch noch zehn Daumen&#8230; [&hellip;]<\/p>\n","protected":false},"author":6,"featured_media":0,"comment_status":"open","ping_status":"open","sticky":false,"template":"","format":"standard","meta":{"footnotes":""},"categories":[1],"tags":[],"class_list":["post-26895","post","type-post","status-publish","format-standard","hentry","category-allgemeines"],"_links":{"self":[{"href":"https:\/\/zonenklaus.de\/wordpress\/index.php?rest_route=\/wp\/v2\/posts\/26895","targetHints":{"allow":["GET"]}}],"collection":[{"href":"https:\/\/zonenklaus.de\/wordpress\/index.php?rest_route=\/wp\/v2\/posts"}],"about":[{"href":"https:\/\/zonenklaus.de\/wordpress\/index.php?rest_route=\/wp\/v2\/types\/post"}],"author":[{"embeddable":true,"href":"https:\/\/zonenklaus.de\/wordpress\/index.php?rest_route=\/wp\/v2\/users\/6"}],"replies":[{"embeddable":true,"href":"https:\/\/zonenklaus.de\/wordpress\/index.php?rest_route=%2Fwp%2Fv2%2Fcomments&post=26895"}],"version-history":[{"count":1,"href":"https:\/\/zonenklaus.de\/wordpress\/index.php?rest_route=\/wp\/v2\/posts\/26895\/revisions"}],"predecessor-version":[{"id":26896,"href":"https:\/\/zonenklaus.de\/wordpress\/index.php?rest_route=\/wp\/v2\/posts\/26895\/revisions\/26896"}],"wp:attachment":[{"href":"https:\/\/zonenklaus.de\/wordpress\/index.php?rest_route=%2Fwp%2Fv2%2Fmedia&parent=26895"}],"wp:term":[{"taxonomy":"category","embeddable":true,"href":"https:\/\/zonenklaus.de\/wordpress\/index.php?rest_route=%2Fwp%2Fv2%2Fcategories&post=26895"},{"taxonomy":"post_tag","embeddable":true,"href":"https:\/\/zonenklaus.de\/wordpress\/index.php?rest_route=%2Fwp%2Fv2%2Ftags&post=26895"}],"curies":[{"name":"wp","href":"https:\/\/api.w.org\/{rel}","templated":true}]}}