{"id":26897,"date":"2015-08-25T22:44:53","date_gmt":"2015-08-25T21:44:53","guid":{"rendered":"http:\/\/zonenklaus.de\/wordpress\/?p=26897"},"modified":"2015-08-26T06:56:39","modified_gmt":"2015-08-26T05:56:39","slug":"wg-fluechtlinge","status":"publish","type":"post","link":"https:\/\/zonenklaus.de\/wordpress\/?p=26897","title":{"rendered":"wg. Fl\u00fcchtlingen"},"content":{"rendered":"<p>Frage mich, weshalb Mutti \u00c4nschie nun auch eine <em>Wutb\u00fcrge<\/em>r-Betroffenheits-Sightseeingtour ausgerechnet nach Heidenau gebucht hat. Zumal ihr Adlatus dieses Revier bereits wie eine Teppichratte markierte, sein Auftritt wird schwerlich zu toppen sein &#8211; es sei, der Herr Ronald Pofalla w\u00fcrde ihre Rede pinseln.<br \/>\nAu\u00dferdem ist der Zweite immer der erste Verlierer!<br \/>\nKostet doch den <i>m\u00fcndigen<\/i> Steuerzahler alles nur ein Haufen Schotter. Madame h\u00e4tte doch auch mit Hilfe eines x-beliebigen Drahtesels wenige hundert Meter weiter das Areal vom ehemaligen \u201eKrankenhaus Moabit\u201c ableuchten k\u00f6nnen&#8230;<br \/>\nNein, sie muss entsprechend ihres Amtes luxuri\u00f6s in Sachsen aufkreuzen, aber auch dort wird sie f\u00fcr kommende Zeiten keinen Plan vorweisen.<br \/>\nDa sie gern abliest, hat im vorauseilenden Galopp der Herr <em>Jan R\u00fcbel<\/em> schon mal einen Text verzapft: <a title=\"Angela Merkel in Heidenau jetzt sagen sollte\" href=\"https:\/\/de.nachrichten.yahoo.com\/blogs\/reingezoomt\/was-angela-merkel-in-heidenau-jetzt-sagen-sollte-115914310.html\"><i>Angela Merkel in Heidenau jetzt sagen sollte<\/i><\/a><br \/>\nGleich anschlie\u00dfend etwas von Henryk M. Broder und sein Text gef\u00e4llt mir nat\u00fcrlich: <a title=\"Wer nur Mitleid empfindet, der hat keinen Verstand \" href=\"http:\/\/www.welt.de\/debatte\/henryk-m-broder\/article145576852\/Wer-nur-Mitleid-empfindet-der-hat-keinen-Verstand.html\"><i>Wer nur Mitleid empfindet, der hat keinen Verstand <\/i><\/a><br \/>\nBei dem folgenden Vijo handelt es sich bestimmt um eine Walt Disney-Produktion, so wurden wir im Lager Marienenfelde n\u00e4mlich nicht behandelt. Sehr<i> nett<\/i> war lediglich der <i>Mitarbeiter<\/i> vom CIA&#8230;<br \/>\n<a title=\"Das deutsche Asylverfahren\" href=\"https:\/\/vimeo.com\/130482976\"><i>Das deutsche Asylverfahren<\/i><\/a><br \/>\n<a title=\"Angela Merkel besucht Heidenau: Spricht sie jetzt Klartext?\" href=\"http:\/\/www.gmx.net\/magazine\/politik\/getriebene-merkels-verzoegerte-krisenreaktion-30872672\"><em>Angela Merkel besucht Heidenau: Spricht sie jetzt Klartext?<\/em><\/a><br \/>\nWarum sollte sie dies tun?<br \/>\nSchlie\u00dflich m\u00f6chte sie doch wiedergew\u00e4hlt werden&#8230;<\/p>\n","protected":false},"excerpt":{"rendered":"<p>Frage mich, weshalb Mutti \u00c4nschie nun auch eine Wutb\u00fcrger-Betroffenheits-Sightseeingtour ausgerechnet nach Heidenau gebucht hat. Zumal ihr Adlatus dieses Revier bereits wie eine Teppichratte markierte, sein Auftritt wird schwerlich zu toppen sein &#8211; es sei, der Herr Ronald Pofalla w\u00fcrde ihre Rede pinseln. Au\u00dferdem ist der Zweite immer der erste Verlierer! Kostet doch den m\u00fcndigen Steuerzahler [&hellip;]<\/p>\n","protected":false},"author":6,"featured_media":0,"comment_status":"open","ping_status":"open","sticky":false,"template":"","format":"standard","meta":{"footnotes":""},"categories":[1,37],"tags":[],"class_list":["post-26897","post","type-post","status-publish","format-standard","hentry","category-allgemeines","category-gmx-war-dabei"],"_links":{"self":[{"href":"https:\/\/zonenklaus.de\/wordpress\/index.php?rest_route=\/wp\/v2\/posts\/26897","targetHints":{"allow":["GET"]}}],"collection":[{"href":"https:\/\/zonenklaus.de\/wordpress\/index.php?rest_route=\/wp\/v2\/posts"}],"about":[{"href":"https:\/\/zonenklaus.de\/wordpress\/index.php?rest_route=\/wp\/v2\/types\/post"}],"author":[{"embeddable":true,"href":"https:\/\/zonenklaus.de\/wordpress\/index.php?rest_route=\/wp\/v2\/users\/6"}],"replies":[{"embeddable":true,"href":"https:\/\/zonenklaus.de\/wordpress\/index.php?rest_route=%2Fwp%2Fv2%2Fcomments&post=26897"}],"version-history":[{"count":5,"href":"https:\/\/zonenklaus.de\/wordpress\/index.php?rest_route=\/wp\/v2\/posts\/26897\/revisions"}],"predecessor-version":[{"id":26902,"href":"https:\/\/zonenklaus.de\/wordpress\/index.php?rest_route=\/wp\/v2\/posts\/26897\/revisions\/26902"}],"wp:attachment":[{"href":"https:\/\/zonenklaus.de\/wordpress\/index.php?rest_route=%2Fwp%2Fv2%2Fmedia&parent=26897"}],"wp:term":[{"taxonomy":"category","embeddable":true,"href":"https:\/\/zonenklaus.de\/wordpress\/index.php?rest_route=%2Fwp%2Fv2%2Fcategories&post=26897"},{"taxonomy":"post_tag","embeddable":true,"href":"https:\/\/zonenklaus.de\/wordpress\/index.php?rest_route=%2Fwp%2Fv2%2Ftags&post=26897"}],"curies":[{"name":"wp","href":"https:\/\/api.w.org\/{rel}","templated":true}]}}