{"id":26905,"date":"2015-08-27T11:51:01","date_gmt":"2015-08-27T10:51:01","guid":{"rendered":"http:\/\/zonenklaus.de\/wordpress\/?p=26905"},"modified":"2019-07-28T23:20:53","modified_gmt":"2019-07-28T22:20:53","slug":"refugees-in-wilmers-d-o-r-f-2","status":"publish","type":"post","link":"https:\/\/zonenklaus.de\/wordpress\/?p=26905","title":{"rendered":"Refugees in Wilmers d o r f"},"content":{"rendered":"<p align=\"LEFT\">Der grauhaarige Kiezwolf ist einer von den ganz wenigen Bekannten der es bisher raffte, mich niemals auf meiner Kommunikationsprothese zu kontaktieren, denn dieses Teil benutze nur ich, wenn mir mal danach ist!<br \/>\nAber heute morgen rief mich der Herr an und erkundigte sich, ob ich nicht den Bupr\u00e4si mal in Aktion erleben wolle, er w\u00fcrde sich unters besondere Volk mischen, was hie\u00dfe, der verschlafene<em> Ex-Paster<\/em> wollte vor Fl\u00fcchtlingen irgendwelche medientr\u00e4chtigen Spr\u00fcche klopfen!<br \/>\nKlasse, der Typ ist seinen alten Untugenden treu geblieben, mischte sich als dritter Volks<i>ver<\/i>treter <b>(<\/b><i>eigentlich die staatlich sanktionierte Nr.1!<\/i><b>)<\/b>, ahnungslos unters V\u00f6lkchen und jene Aktion &#8211; laut Aussage eines Arbeitersamariters &#8211; w\u00e4re ganz spontan passiert!<br \/>\nAha!<br \/>\nSeine Spontanit\u00e4t sollte ja hinreichend bekannt sein, deshalb auch der Ausflug ins total abgeschirmte Ex-Rathaus. Der Vorteil war f\u00fcr ihn war, dass er keine ungebeten G\u00e4ste f\u00fcrchten musste. Allerdings konnte er dabei seinem ureigenen Pr\u00e4sentationshobby keinen freien Lauf lassen &#8211; die ununterbrochenen Winkorgien!<\/p>\n<p align=\"LEFT\"><b>&#8211; <\/b><i>Vor wenigen Wochen l\u00e4sterte sogar die Springerpresse dar\u00fcber, <\/i>als er in Begleitung der Queen<i>, sich auf der Spreetour in der tuckernden Nu\u00dfschale unabl\u00e4ssig wie ein Brummkreisel wand und huldvoll mit seinen H\u00e4nden in der Luft herumfuchtelte, w\u00e4hrend der K\u00f6niginnengatte, seine H\u00e4nde in den Hosentaschen, gelangweilt die Gegend be\u00e4ugte.<\/i><\/p>\n<p align=\"LEFT\">So sind sie halt, die Himmelskomiker! Ewig gehemmt, aber immer die Moralkeule griffbereit und sind sie endlich mal losgelassen, k\u00f6nnen sie sich nirgends einholen, werden deshalb oft mit schlechten Komikern verwechselt.<br \/>\nIch muss Herrn Bundesgauck aber in Schutz nehmen, seine weit auseinanderklaffende Moralschere, muss man positiv sehen! In Wirklichkeit mutierte er schon lange vor seiner Trittbrettour als B\u00fcrgerrechtler, und wandelte sich in den Rostocker Gefilden bereits zu einem Weltmenschen, der sich gewissen, hier eigentlich nicht so gebr\u00e4uchlichen Sitten zuwandte und dies als fr\u00f6mmlerischer Gottesdiener! Das sind genau jene Leute, die erst am Ende des irdischen Daseins, ihre letzte \u00d6lung als Taufe interpretieren. <b>(<\/b><i>Der Spruch stammt nicht von mir, er ist aber gut!<\/i><b>)<\/b><!--more--><\/p>\n<p align=\"LEFT\"><a href=\"http:\/\/zonenklaus.de\/wordpress\/wp-content\/uploads\/2015\/08\/Winkeheinz.jpg\"><img loading=\"lazy\" decoding=\"async\" class=\"alignleft size-thumbnail wp-image-26917\" src=\"http:\/\/zonenklaus.de\/wordpress\/wp-content\/uploads\/2015\/08\/Winkeheinz-112x150.jpg\" alt=\"Winkeheinz\" width=\"112\" height=\"150\" srcset=\"https:\/\/zonenklaus.de\/wordpress\/wp-content\/uploads\/2015\/08\/Winkeheinz-112x150.jpg 112w, https:\/\/zonenklaus.de\/wordpress\/wp-content\/uploads\/2015\/08\/Winkeheinz-225x300.jpg 225w, https:\/\/zonenklaus.de\/wordpress\/wp-content\/uploads\/2015\/08\/Winkeheinz-770x1024.jpg 770w, https:\/\/zonenklaus.de\/wordpress\/wp-content\/uploads\/2015\/08\/Winkeheinz-624x828.jpg 624w, https:\/\/zonenklaus.de\/wordpress\/wp-content\/uploads\/2015\/08\/Winkeheinz.jpg 2006w\" sizes=\"auto, (max-width: 112px) 100vw, 112px\" \/><\/a>Da kam mir die Idee der Collage.<br \/>\nAls ich sie der Scheffin zeigte und eine Erl\u00e4uterung nachschob, kam von ihr lediglich: \u201eMann bist du ein Spie\u00dfer!\u201c<br \/>\nIch habe wirklich nichts dagegen, dass sich Herr Gauck, wie ein Orientale eine Nebenfrau zulegte, finde ich ganz legitim!<br \/>\nSchlie\u00dflich geh\u00f6rt zu einem vern\u00fcnftigen Automobil auch ein brauchbarer Ersatzreifen. Allerdings kokettiert solch Fahrzeug nicht mit lauen Moralvorstellungen, die zwar f\u00fcr alle anderen gelten m\u00fcssen, aber nicht bei pers\u00f6nlichen Lebenseinstellungen angesagt sind.<br \/>\nNun besitzt der ehemalige Altkommunarde und gehypte 68er, Meister Langhahns, sogar ein Harem! Dazu f\u00e4llt mir noch etwas ein!<br \/>\nVor etlichen Wochen erzappte ich ihn n\u00e4chtens kurz in einer Laber-Show. Da hockte er mit drei dr\u00f6ge dreinblickenden \u00e4ltlichen M\u00e4dels in Schlafklamotten auf einer Rammelwiese, dabei schwadronierte er \u00fcber den Sinn von Zweisamkeiten und den manchmal daraus resultierenden Entsaftungsvorg\u00e4ngen.<br \/>\nWohin war er denn in den letzten Jahren abgedriftet? Der schien ja nun ganz sparsam seine Spermien einzeln zu verteilen&#8230;<br \/>\nDa ist mir sogar Gaucks inne Einstellung viel lieber<br \/>\nAllerdings scheint das verbale Niveau der Nummer 1 nicht allzu weit von dem des Kommunarden angesiedelt zu sein. Vielleicht sind es aber auch schon Anzeichen einer beginnenden Demenz, wenn er in weichgesp\u00fclter Rage von <i>Dunkeldeutschland<\/i> sprach!<br \/>\nHeee, wieee?!<br \/>\nZu meinen Zonenzeiten wurde im Sprachgebrauch gewisser Leute, das K\u00fcrzel DDR, n\u00e4mlich als <i>Dunkel Deutsche Republik<\/i> interpretiert.<br \/>\nWas soll es, vielleicht findet sich demn\u00e4chst jemand der Gaucks Sprechblasen mal erkl\u00e4rt&#8230;<\/p>\n<p align=\"LEFT\">Bei \u00c4nschie war es nun ganz anders.<br \/>\nIn Heidenau wurde sie bekanntlich von Rechtsradikalen lautstark begr\u00fc\u00dft. Wobei ich nicht jedem Anwesenden selbigen Stempel aufdr\u00fccken w\u00fcrde, schlie\u00dflich leben s\u00e4mtliche <i>Volksbewegungen<\/i> von ihren hirnrissigen Mitl\u00e4ufern, die sich willenlos von den Staren an der Spitze missbrauchen lassen!<br \/>\nBei den Sachsen leuchteten mir nun wieder so manche Ausspr\u00fcche ihrer Sprechch\u00f6re absolut nicht ein.<br \/>\nWas verstanden sie denn unter dem Zuruf: <i>Volksverr\u00e4ter<\/i>? Und alles nat\u00fcrlich <em>politisch inkorrekt<\/em> r\u00fcber kam. Wenn sie die angereiste Pastorentochter meinten, h\u00e4tte es <i>Volksverr\u00e4terin <\/i>hei\u00dfen m\u00fcssen! Aber in welcher Interpretation? Weil sie etwa damals ihre FDJ-Karriere aufgab?<br \/>\nMit ihrer agilen Art w\u00e4re sie, wenn die Zone weiter bestanden h\u00e4tte, zum 50sten Jahrestag ihres Bestehens, bestimmt als Volkskammergenossin mit dem Orden <i>einer<\/i> <i>Verdienten Physikerin des Volkes<\/i> ausgezeichnet worden.<br \/>\nUnd Tillich?<br \/>\nGut, vielleicht kreideten deshalb ehemalige Mitglieder der roten Dreigrammbewegung ihr den l\u00fcckenlosen weiteren politischen Aufstiege beim Klassenfeind an, schon m\u00f6glich&#8230;<br \/>\nDies h\u00e4tte aber nichts mit der Fl\u00fcchtlingsflut und dem Versagen aller Regierungsriegen der <i>Europ\u00e4ischen Union <\/i>zu tun&#8230;<\/p>\n","protected":false},"excerpt":{"rendered":"<p>Der grauhaarige Kiezwolf ist einer von den ganz wenigen Bekannten der es bisher raffte, mich niemals auf meiner Kommunikationsprothese zu kontaktieren, denn dieses Teil benutze nur ich, wenn mir mal danach ist! Aber heute morgen rief mich der Herr an und erkundigte sich, ob ich nicht den Bupr\u00e4si mal in Aktion erleben wolle, er w\u00fcrde [&hellip;]<\/p>\n","protected":false},"author":6,"featured_media":0,"comment_status":"open","ping_status":"open","sticky":false,"template":"","format":"standard","meta":{"footnotes":""},"categories":[1],"tags":[],"class_list":["post-26905","post","type-post","status-publish","format-standard","hentry","category-allgemeines"],"_links":{"self":[{"href":"https:\/\/zonenklaus.de\/wordpress\/index.php?rest_route=\/wp\/v2\/posts\/26905","targetHints":{"allow":["GET"]}}],"collection":[{"href":"https:\/\/zonenklaus.de\/wordpress\/index.php?rest_route=\/wp\/v2\/posts"}],"about":[{"href":"https:\/\/zonenklaus.de\/wordpress\/index.php?rest_route=\/wp\/v2\/types\/post"}],"author":[{"embeddable":true,"href":"https:\/\/zonenklaus.de\/wordpress\/index.php?rest_route=\/wp\/v2\/users\/6"}],"replies":[{"embeddable":true,"href":"https:\/\/zonenklaus.de\/wordpress\/index.php?rest_route=%2Fwp%2Fv2%2Fcomments&post=26905"}],"version-history":[{"count":12,"href":"https:\/\/zonenklaus.de\/wordpress\/index.php?rest_route=\/wp\/v2\/posts\/26905\/revisions"}],"predecessor-version":[{"id":32845,"href":"https:\/\/zonenklaus.de\/wordpress\/index.php?rest_route=\/wp\/v2\/posts\/26905\/revisions\/32845"}],"wp:attachment":[{"href":"https:\/\/zonenklaus.de\/wordpress\/index.php?rest_route=%2Fwp%2Fv2%2Fmedia&parent=26905"}],"wp:term":[{"taxonomy":"category","embeddable":true,"href":"https:\/\/zonenklaus.de\/wordpress\/index.php?rest_route=%2Fwp%2Fv2%2Fcategories&post=26905"},{"taxonomy":"post_tag","embeddable":true,"href":"https:\/\/zonenklaus.de\/wordpress\/index.php?rest_route=%2Fwp%2Fv2%2Ftags&post=26905"}],"curies":[{"name":"wp","href":"https:\/\/api.w.org\/{rel}","templated":true}]}}