{"id":27001,"date":"2015-09-09T22:50:04","date_gmt":"2015-09-09T21:50:04","guid":{"rendered":"http:\/\/zonenklaus.de\/wordpress\/?p=27001"},"modified":"2015-09-10T01:00:25","modified_gmt":"2015-09-10T00:00:25","slug":"der-umgang-mit-der-fluechtlingsproblematik-kommt-mir-langsam-wie-gehirnwaesche-vor","status":"publish","type":"post","link":"https:\/\/zonenklaus.de\/wordpress\/?p=27001","title":{"rendered":"Der Umgang mit der \u201eFl\u00fcchtlingsproblematik\u201c kommt mir langsam wie Gehirnw\u00e4sche vor"},"content":{"rendered":"<p><span style=\"font-family: Times New Roman,serif;\">Erst glotzen die Angeh\u00f6rigen der <i>demokratisch<\/i> gew\u00e4hlten <i>F\u00fchrungseliten <\/i>monatelang<i> <\/i>gebannt wie Karnickel in die Augen einer Schlange &#8211; schweigen dabei ganz <i>unschuldig<\/i> &#8211; und nun \u00fcberschlagen sie sich mit populistischen Plattheiten, dass einem schlecht werden kann. Ihre Sprachrohre, die <i>freiheitliche<\/i> Presse nebst s\u00e4mtlicher anderen Medien, sind deshalb rund um die Uhr besch\u00e4ftigt alles noch d\u00fcmmlicher zu toppen. <\/span><br \/>\n<span style=\"font-family: Times New Roman,serif;\">Was soll dadurch eigentlich erreicht werden? <\/span><br \/>\n<span style=\"font-family: Times New Roman,serif;\">Bereits seit vielen Tagen verdrehen fast alle meiner Mitmenschen nur noch die Augen und winken genervt ab, wenn jemand ein entsprechendes Stichwort in der Runde abl\u00e4sst. Solcher Art mitf\u00fchlender Zeitgenosse wird langsam als Auss\u00e4tziger stigmatisiert. <\/span><br \/>\n<span style=\"font-family: Times New Roman,serif;\">Dann tauchte lange vor Mitternacht der BZ-Dealer auf, weil die Tresenmagd selbiges Bl\u00e4ttchen privat ersteht. Stunden vorher kauft sie aber immer von Rich, einem <i>Afroamerikaner<\/i>, aus alter Tradition ebenso die Sch\u00fclerzeitung ab. Man kann deshalb von einer ausgewogenen Presselandschaft im der Stammwirtschaft sprechen, denn dazu gesellen sich auch noch TIP, Spiegel und STERN&#8230;<\/span><br \/>\n<span style=\"font-family: Times New Roman,serif;\">Auf meine Frage, ob die Springerpostille heute wenigstens eine vern\u00fcnftige Panikmeldung titelte, zeigte sie erstaunt das Vorderblatt in die kleine Runde vor ihr. <\/span><br \/>\n<a href=\"http:\/\/zonenklaus.de\/wordpress\/wp-content\/uploads\/2015\/09\/20150908235330a_1441749602-312x408.jpg\"><img loading=\"lazy\" decoding=\"async\" class=\"alignleft size-thumbnail wp-image-27003\" src=\"http:\/\/zonenklaus.de\/wordpress\/wp-content\/uploads\/2015\/09\/20150908235330a_1441749602-312x408-114x150.jpg\" alt=\"20150908235330a_1441749602-312x408\" width=\"114\" height=\"150\" srcset=\"https:\/\/zonenklaus.de\/wordpress\/wp-content\/uploads\/2015\/09\/20150908235330a_1441749602-312x408-114x150.jpg 114w, https:\/\/zonenklaus.de\/wordpress\/wp-content\/uploads\/2015\/09\/20150908235330a_1441749602-312x408-229x300.jpg 229w, https:\/\/zonenklaus.de\/wordpress\/wp-content\/uploads\/2015\/09\/20150908235330a_1441749602-312x408.jpg 500w\" sizes=\"auto, (max-width: 114px) 100vw, 114px\" \/><\/a><span style=\"font-family: Times New Roman,serif;\">Hehhhhh, was sollte das denn?<\/span><br \/>\n<span style=\"font-family: Times New Roman,serif;\">Es folgte betretenes Schweigen und verst\u00e4ndnislose Blicke untereinander. <\/span><br \/>\n<span style=\"font-family: Times New Roman,serif;\">Dachte mir so, nun springt die A.Springer AG auch auf das Trittbrett vom Hilfszug des Senates auf. Hatte doch Ende August, anl\u00e4sslich einer Infoveranstaltung in der Auen-Kirche, der Vertreter vom Arbeiter-Samariter-Bund kund getan, dass hiesige Senatsstellen bereit seien, den vielen freiwilligen Helfern eine t\u00e4gliche Aufwandsentsch\u00e4digung von 3 (drei!) Euronen zukommen lassen wollten, die bestimmt noch versteuert werden m\u00fcssen. <\/span><br \/>\n<span style=\"font-family: Times New Roman,serif;\">Nun soll unsereins jenes Bl\u00e4ttchen einem Fl\u00fcchtling schenken, damit er sich etwa n\u00e4chtens zudecken kann?<\/span><br \/>\n<span style=\"font-family: Times New Roman,serif;\">Dies w\u00fcrde ich wohl ganz falsch interpretieren! <\/span><br \/>\n<span style=\"font-family: Times New Roman,serif;\">Nat\u00fcrlich, darauf h\u00e4tte ich auch selber kommen k\u00f6nnen! <\/span><\/p>\n<p><!--more--><span style=\"font-family: Times New Roman,serif;\">Aber wie soll ich auch im Kiez einen <i>Fl\u00fcchtling<\/i> erkennen. Schlie\u00dflich werden die Ank\u00f6mmlinge noch nicht wieder mit einem Dreieck oder einem Stern gekennzeichnet, vielleicht jene Markierungen diesmal koloriert in ihrer Hautfarbe. Alles noch versehen mit einem \u201eF\u201c oder \u201eR\u201c f\u00fcr <i>Fl\u00fcchtling<\/i> oder <i>Refugee. <\/i><\/span><br \/>\n<span style=\"font-family: Times New Roman,serif;\">Nun soll aber keiner aufjaulen! <\/span><br \/>\n<span style=\"font-family: Times New Roman,serif;\">Wie rasant sich politische Gegebenheiten wandeln k\u00f6nnen, daf\u00fcr gibt es gerade im Deutschland der letzten hundert Jahre haufenweise Beispiele.<\/span><br \/>\n<span style=\"font-family: Times New Roman,serif;\">Will hier nur kurz erw\u00e4hnen, dass man in den letzten Jahrzehnten die <i>demokratische<\/i> Entwicklung, vom kontinuierlichen Erstarken des rechten Randes in EU-Gefilden, schon lange als legend\u00e4r bezeichnen kann&#8230; <\/span><br \/>\n<span style=\"font-family: Times New Roman,serif;\"><b>&#8211; <\/b>Schlie\u00dflich wedelte Madame mit einer Beilage in arabischer Schrift. <\/span><br \/>\n\u201e<span style=\"font-family: Times New Roman,serif;\">Denke daran, wenn du den Inhalt lesen willst, dies geschieht von rechts nach links!\u201c<\/span><br \/>\n\u201e<span style=\"font-family: Times New Roman,serif;\">Meinst du, das wei\u00df ich nicht, du alter Bl\u00f6dmann&#8230;\u201c<\/span><br \/>\n<span style=\"font-family: Times New Roman,serif;\">Politisch korrekt h\u00e4tten sie in der Kochstra\u00dfe eigentlich einen Folianten herausgeben m\u00fcssen. Beginnend mit einigen mittelafrikanischen Sprachen, denen vom indischen Subkontinent bis hin zum Balkan&#8230; <\/span><br \/>\n<span style=\"font-family: Times New Roman,serif;\">Na ja, auch nur wieder eine halbfertige Angelegenheit!<\/span><br \/>\n<span style=\"font-family: Times New Roman,serif;\">&#8230;<i>Auch aus den <a title=\"USA und den arabischen Staaten\" href=\"http:\/\/web.de\/magazine\/politik\/fluechtlingskrise-in-europa\/fluechtlingskrise-denkt-grossbritannien-deutschland-30904098\">USA und den arabischen Staaten<\/a> kommt Lob f\u00fcr Deutschlands neue &#8220;Willkommenskultur&#8221; f\u00fcr Asylbewerber. <\/i>Gewissen Kreisen im US-Amiland kann es bestimmt nicht schnell genug gehen, dass Bundesgermanien \u00f6konomisch total auf die Fresse fliegt und damit gleichzeitig Gesamteuropa in dem Strudel mitnimmt. <\/span><br \/>\n<span style=\"font-family: Times New Roman,serif;\">Was arabische Staaten betrifft, sind die nat\u00fcrlich heilfroh, weil denen momentan auch ein gro\u00dfes Potential von religi\u00f6sen Quertreibern und gewaltbereiten Unruhestiftern aus ihrer Umgebung abhandenkommen&#8230;<\/span><!--more--><!--more--><!--more--><!--more--><\/p>\n<p>&nbsp;<\/p>\n<p>&nbsp;<\/p>\n","protected":false},"excerpt":{"rendered":"<p>Erst glotzen die Angeh\u00f6rigen der demokratisch gew\u00e4hlten F\u00fchrungseliten monatelang gebannt wie Karnickel in die Augen einer Schlange &#8211; schweigen dabei ganz unschuldig &#8211; und nun \u00fcberschlagen sie sich mit populistischen Plattheiten, dass einem schlecht werden kann. Ihre Sprachrohre, die freiheitliche Presse nebst s\u00e4mtlicher anderen Medien, sind deshalb rund um die Uhr besch\u00e4ftigt alles noch d\u00fcmmlicher [&hellip;]<\/p>\n","protected":false},"author":6,"featured_media":0,"comment_status":"open","ping_status":"open","sticky":false,"template":"","format":"standard","meta":{"footnotes":""},"categories":[1,37],"tags":[],"class_list":["post-27001","post","type-post","status-publish","format-standard","hentry","category-allgemeines","category-gmx-war-dabei"],"_links":{"self":[{"href":"https:\/\/zonenklaus.de\/wordpress\/index.php?rest_route=\/wp\/v2\/posts\/27001","targetHints":{"allow":["GET"]}}],"collection":[{"href":"https:\/\/zonenklaus.de\/wordpress\/index.php?rest_route=\/wp\/v2\/posts"}],"about":[{"href":"https:\/\/zonenklaus.de\/wordpress\/index.php?rest_route=\/wp\/v2\/types\/post"}],"author":[{"embeddable":true,"href":"https:\/\/zonenklaus.de\/wordpress\/index.php?rest_route=\/wp\/v2\/users\/6"}],"replies":[{"embeddable":true,"href":"https:\/\/zonenklaus.de\/wordpress\/index.php?rest_route=%2Fwp%2Fv2%2Fcomments&post=27001"}],"version-history":[{"count":2,"href":"https:\/\/zonenklaus.de\/wordpress\/index.php?rest_route=\/wp\/v2\/posts\/27001\/revisions"}],"predecessor-version":[{"id":27004,"href":"https:\/\/zonenklaus.de\/wordpress\/index.php?rest_route=\/wp\/v2\/posts\/27001\/revisions\/27004"}],"wp:attachment":[{"href":"https:\/\/zonenklaus.de\/wordpress\/index.php?rest_route=%2Fwp%2Fv2%2Fmedia&parent=27001"}],"wp:term":[{"taxonomy":"category","embeddable":true,"href":"https:\/\/zonenklaus.de\/wordpress\/index.php?rest_route=%2Fwp%2Fv2%2Fcategories&post=27001"},{"taxonomy":"post_tag","embeddable":true,"href":"https:\/\/zonenklaus.de\/wordpress\/index.php?rest_route=%2Fwp%2Fv2%2Ftags&post=27001"}],"curies":[{"name":"wp","href":"https:\/\/api.w.org\/{rel}","templated":true}]}}